{"id":90524,"date":"2022-03-23T09:34:49","date_gmt":"2022-03-23T12:34:49","guid":{"rendered":"https:\/\/tvtecjundiai.com.br\/news\/?p=90524"},"modified":"2022-03-23T09:34:55","modified_gmt":"2022-03-23T12:34:55","slug":"biblioteca-nelson-foot-traz-a-exposicao-faces-paralelas-da-artista-jundiaiense-cristiane-suiter","status":"publish","type":"post","link":"https:\/\/tvtecjundiai.com.br\/news\/2022\/03\/23\/biblioteca-nelson-foot-traz-a-exposicao-faces-paralelas-da-artista-jundiaiense-cristiane-suiter\/","title":{"rendered":"Biblioteca Nelson Foot traz a exposi\u00e7\u00e3o \u2018Faces Paralelas\u2019, da artista jundiaiense Cristiane Suiter"},"content":{"rendered":"\n<p>At\u00e9 o dia 09 de abril, numa promo\u00e7\u00e3o da Unidade de Gest\u00e3o de Cultura (UGC), o p\u00fablico poder\u00e1 conferir no espa\u00e7o de exposi\u00e7\u00f5es da Biblioteca P\u00fablica Municipal Professor Nelson Foot, a mostra \u201cFaces Paralelas\u201d, da artista jundiaiense Cristiane Suiter, que re\u00fane 34 obras de t\u00e9cnicas e materiais diferentes.<\/p>\n\n\n\n<p><a href=\"https:\/\/cultura.jundiai.sp.gov.br\/exposicoes\/faces-paralelas\/\" target=\"_blank\" rel=\"noreferrer noopener\">CONFIRA AS FOTOS DA EXPOSI\u00c7\u00c3O<\/a><\/p>\n\n\n\n<p>Artista autodidata, que gosta de trabalhar com pintura, desenho, escultura, fotografia, entre outros, misturando t\u00e9cnicas e materiais, Cristiane Suiter em \u201cFaces Paralelas\u201d traz para o p\u00fablico o resultado de um projeto que pretende despertar no espectador a reflex\u00e3o sobre tr\u00eas aspectos: quem somos, quem sou eu e quem \u00e9 o outro.<\/p>\n\n\n\n<figure class=\"wp-block-image\"><img decoding=\"async\" src=\"https:\/\/jundiai.sp.gov.br\/noticias\/wp-content\/uploads\/sites\/32\/2022\/03\/exposicao-face_biblioteca-municipal-114.jpg\" alt=\"\" class=\"wp-image-288570\" \/><figcaption>Exposi\u00e7\u00e3o gratuita pode ser visitada at\u00e9 o dia 09 de abril<\/figcaption><\/figure>\n\n\n\n<p>Por meio de faces desconhecidas, Cristiane sugere ao espectador aprimorar a capacidade de autopercep\u00e7\u00e3o e tamb\u00e9m do outro, pois segundo ela, n\u00e3o tomamos consci\u00eancia da realidade que cabe dentro de nosso pr\u00f3ximo: suas experi\u00eancias de vida, suas alegrias, suas dores.<\/p>\n\n\n\n<p>As faces expostas \u2013 continuou a artista, buscam registrar, preservar e reproduzir pessoas, objetivando ampliar o processo de comunica\u00e7\u00e3o e compreens\u00e3o m\u00fatua. \u201cA utiliza\u00e7\u00e3o de diversos materiais e t\u00e9cnicas \u00e9 para demostrar a diferen\u00e7a no cerne de cada um de n\u00f3s, seres \u00fanicos\u201d.<\/p>\n\n\n\n<p>\u201cFaces Paralelas\u201d pode ser visitada de segunda a sexta-feira, das 9h \u00e0s 21h, e aos s\u00e1bados, das 9h \u00e0s 13h.<\/p>\n\n\n\n<figure class=\"wp-block-image\"><a href=\"https:\/\/jundiai.sp.gov.br\/noticias\/wp-content\/uploads\/sites\/32\/2022\/03\/exposicao-face_biblioteca-municipal-42.jpg\"><img decoding=\"async\" src=\"https:\/\/jundiai.sp.gov.br\/noticias\/wp-content\/uploads\/sites\/32\/2022\/03\/exposicao-face_biblioteca-municipal-42.jpg\" alt=\"\" class=\"wp-image-288575\" \/><\/a><\/figure>\n\n\n\n<p><strong>Mais Biblioteca<\/strong><br>A programa\u00e7\u00e3o aos s\u00e1bados na Biblioteca prossegue neste s\u00e1bado (26), \u00e0s 10h, com nova conta\u00e7\u00e3o de hist\u00f3ria, desta vez com o grupo Grifo Teatro, que apresenta \u201cO Menino que Voou\u201d. A atividade \u00e9 voltada para para crian\u00e7as de 7 a 11 anos e a performance ficar\u00e1 a cargo de Matheus Ferreira de Lima.<\/p>\n\n\n\n<p>A Biblioteca est\u00e1 localizada dentro do Complexo Argos, na avenida Dr. Cavalcanti, 396. Mais informa\u00e7\u00f5es pelo telefone 4527-2110.<\/p>\n\n\n\n<p><strong><em>(Fonte\/Imagem: Prefeitura de Jundia\u00ed)<\/em><\/strong><\/p>\n","protected":false},"excerpt":{"rendered":"<p>Exposi\u00e7\u00e3o gratuita pode ser visitada at\u00e9 o dia 09 de abril.<\/p>\n","protected":false},"author":25,"featured_media":90525,"comment_status":"closed","ping_status":"closed","sticky":false,"template":"","format":"standard","meta":{"footnotes":""},"categories":[2833,1],"tags":[],"class_list":["post-90524","post","type-post","status-publish","format-standard","has-post-thumbnail","hentry","category-cultura","category-noticias"],"_links":{"self":[{"href":"https:\/\/tvtecjundiai.com.br\/news\/wp-json\/wp\/v2\/posts\/90524","targetHints":{"allow":["GET"]}}],"collection":[{"href":"https:\/\/tvtecjundiai.com.br\/news\/wp-json\/wp\/v2\/posts"}],"about":[{"href":"https:\/\/tvtecjundiai.com.br\/news\/wp-json\/wp\/v2\/types\/post"}],"author":[{"embeddable":true,"href":"https:\/\/tvtecjundiai.com.br\/news\/wp-json\/wp\/v2\/users\/25"}],"replies":[{"embeddable":true,"href":"https:\/\/tvtecjundiai.com.br\/news\/wp-json\/wp\/v2\/comments?post=90524"}],"version-history":[{"count":1,"href":"https:\/\/tvtecjundiai.com.br\/news\/wp-json\/wp\/v2\/posts\/90524\/revisions"}],"predecessor-version":[{"id":90526,"href":"https:\/\/tvtecjundiai.com.br\/news\/wp-json\/wp\/v2\/posts\/90524\/revisions\/90526"}],"wp:featuredmedia":[{"embeddable":true,"href":"https:\/\/tvtecjundiai.com.br\/news\/wp-json\/wp\/v2\/media\/90525"}],"wp:attachment":[{"href":"https:\/\/tvtecjundiai.com.br\/news\/wp-json\/wp\/v2\/media?parent=90524"}],"wp:term":[{"taxonomy":"category","embeddable":true,"href":"https:\/\/tvtecjundiai.com.br\/news\/wp-json\/wp\/v2\/categories?post=90524"},{"taxonomy":"post_tag","embeddable":true,"href":"https:\/\/tvtecjundiai.com.br\/news\/wp-json\/wp\/v2\/tags?post=90524"}],"curies":[{"name":"wp","href":"https:\/\/api.w.org\/{rel}","templated":true}]}}