{"id":90536,"date":"2022-03-23T11:44:59","date_gmt":"2022-03-23T14:44:59","guid":{"rendered":"https:\/\/tvtecjundiai.com.br\/news\/?p=90536"},"modified":"2022-03-23T11:45:00","modified_gmt":"2022-03-23T14:45:00","slug":"pontos-de-jundiai-recebem-intervencoes-culturais-dia-mundial-da-agua","status":"publish","type":"post","link":"https:\/\/tvtecjundiai.com.br\/news\/2022\/03\/23\/pontos-de-jundiai-recebem-intervencoes-culturais-dia-mundial-da-agua\/","title":{"rendered":"Pontos de Jundia\u00ed recebem interven\u00e7\u00f5es culturais Dia Mundial da \u00c1gua"},"content":{"rendered":"\n<p>Neste dia 22 de mar\u00e7o, Dia Mundial da \u00c1gua, Jundia\u00ed recebeu interven\u00e7\u00f5es culturais para sensibilizar a comunidade sobre a import\u00e2ncia da conserva\u00e7\u00e3o da \u00e1gua e da Serra do Japi. A a\u00e7\u00e3o aconteceu em cinco pontos da cidade: Departamento de \u00c1gua e Esgoto (DAE), Igreja Santa Clara, Igreja Nossa Senhora do Desterro (Matriz), Prefeitura de Jundia\u00ed e no Maxi Shopping Jundia\u00ed.<\/p>\n\n\n\n<div class=\"wp-block-image\"><figure class=\"aligncenter size-large\"><img loading=\"lazy\" decoding=\"async\" width=\"1200\" height=\"800\" src=\"https:\/\/tvtecjundiai.com.br\/news\/wp-content\/uploads\/sites\/2\/2022\/03\/WhatsApp-Image-2022-03-23-at-11.36.24-1200x800.jpeg\" alt=\"\" class=\"wp-image-90537\" srcset=\"https:\/\/tvtecjundiai.com.br\/news\/wp-content\/uploads\/sites\/2\/2022\/03\/WhatsApp-Image-2022-03-23-at-11.36.24-1200x800.jpeg 1200w, https:\/\/tvtecjundiai.com.br\/news\/wp-content\/uploads\/sites\/2\/2022\/03\/WhatsApp-Image-2022-03-23-at-11.36.24-300x200.jpeg 300w, https:\/\/tvtecjundiai.com.br\/news\/wp-content\/uploads\/sites\/2\/2022\/03\/WhatsApp-Image-2022-03-23-at-11.36.24-768x512.jpeg 768w, https:\/\/tvtecjundiai.com.br\/news\/wp-content\/uploads\/sites\/2\/2022\/03\/WhatsApp-Image-2022-03-23-at-11.36.24.jpeg 1280w\" sizes=\"auto, (max-width: 1200px) 100vw, 1200px\" \/><\/figure><\/div>\n\n\n\n<p><br>Um dos objetivos \u00e9 engajar as pessoas a conhecerem sobre o Projeto Olhos da Serra e a sua relevante atua\u00e7\u00e3o na preserva\u00e7\u00e3o dos recursos h\u00eddricos, j\u00e1 que a \u00e1rea \u00e9 muito rica em nascentes, que ir\u00e3o abastecer mananciais da regi\u00e3o.<\/p>\n\n\n\n<div class=\"wp-block-image\"><figure class=\"aligncenter size-large\"><img loading=\"lazy\" decoding=\"async\" width=\"640\" height=\"960\" src=\"https:\/\/tvtecjundiai.com.br\/news\/wp-content\/uploads\/sites\/2\/2022\/03\/WhatsApp-Image-2022-03-23-at-11.36.24-1-640x960.jpeg\" alt=\"\" class=\"wp-image-90538\" srcset=\"https:\/\/tvtecjundiai.com.br\/news\/wp-content\/uploads\/sites\/2\/2022\/03\/WhatsApp-Image-2022-03-23-at-11.36.24-1-640x960.jpeg 640w, https:\/\/tvtecjundiai.com.br\/news\/wp-content\/uploads\/sites\/2\/2022\/03\/WhatsApp-Image-2022-03-23-at-11.36.24-1-300x450.jpeg 300w, https:\/\/tvtecjundiai.com.br\/news\/wp-content\/uploads\/sites\/2\/2022\/03\/WhatsApp-Image-2022-03-23-at-11.36.24-1-768x1152.jpeg 768w, https:\/\/tvtecjundiai.com.br\/news\/wp-content\/uploads\/sites\/2\/2022\/03\/WhatsApp-Image-2022-03-23-at-11.36.24-1.jpeg 853w\" sizes=\"auto, (max-width: 640px) 100vw, 640px\" \/><\/figure><\/div>\n\n\n\n<p><br>Para a diretora de cultura da Associa\u00e7\u00e3o dos Amigos dos Bairros de Santa Clara, Vargem Grande, Caguassu e Paiol Velho (SAB Santa Clara), Eliana Schiozer, a sociedade ainda tem muito que evoluir sobre a conscientiza\u00e7\u00e3o do uso dos recursos h\u00eddricos. \u201cAntes de comemorar a data, \u00e9 preciso refletir sobre como estamos utilizando e preservando este bem que nos \u00e9 t\u00e3o precioso\u201d.<\/p>\n\n\n\n<div class=\"wp-block-image\"><figure class=\"aligncenter size-large\"><img loading=\"lazy\" decoding=\"async\" width=\"640\" height=\"960\" src=\"https:\/\/tvtecjundiai.com.br\/news\/wp-content\/uploads\/sites\/2\/2022\/03\/WhatsApp-Image-2022-03-23-at-11.36.24-2-640x960.jpeg\" alt=\"\" class=\"wp-image-90539\" srcset=\"https:\/\/tvtecjundiai.com.br\/news\/wp-content\/uploads\/sites\/2\/2022\/03\/WhatsApp-Image-2022-03-23-at-11.36.24-2-640x960.jpeg 640w, https:\/\/tvtecjundiai.com.br\/news\/wp-content\/uploads\/sites\/2\/2022\/03\/WhatsApp-Image-2022-03-23-at-11.36.24-2-300x450.jpeg 300w, https:\/\/tvtecjundiai.com.br\/news\/wp-content\/uploads\/sites\/2\/2022\/03\/WhatsApp-Image-2022-03-23-at-11.36.24-2-768x1152.jpeg 768w, https:\/\/tvtecjundiai.com.br\/news\/wp-content\/uploads\/sites\/2\/2022\/03\/WhatsApp-Image-2022-03-23-at-11.36.24-2.jpeg 853w\" sizes=\"auto, (max-width: 640px) 100vw, 640px\" \/><\/figure><\/div>\n\n\n\n<p><em><strong>(Fonte\/Imagem: MR Comunica\u00e7\u00e3o)<\/strong><\/em><\/p>\n","protected":false},"excerpt":{"rendered":"<p>Um dos objetivos \u00e9 engajar as pessoas a conhecerem sobre o Projeto Olhos da Serra.<\/p>\n","protected":false},"author":27,"featured_media":90540,"comment_status":"closed","ping_status":"closed","sticky":false,"template":"","format":"standard","meta":{"footnotes":""},"categories":[2833,8356],"tags":[],"class_list":["post-90536","post","type-post","status-publish","format-standard","has-post-thumbnail","hentry","category-cultura","category-jundiai"],"_links":{"self":[{"href":"https:\/\/tvtecjundiai.com.br\/news\/wp-json\/wp\/v2\/posts\/90536","targetHints":{"allow":["GET"]}}],"collection":[{"href":"https:\/\/tvtecjundiai.com.br\/news\/wp-json\/wp\/v2\/posts"}],"about":[{"href":"https:\/\/tvtecjundiai.com.br\/news\/wp-json\/wp\/v2\/types\/post"}],"author":[{"embeddable":true,"href":"https:\/\/tvtecjundiai.com.br\/news\/wp-json\/wp\/v2\/users\/27"}],"replies":[{"embeddable":true,"href":"https:\/\/tvtecjundiai.com.br\/news\/wp-json\/wp\/v2\/comments?post=90536"}],"version-history":[{"count":1,"href":"https:\/\/tvtecjundiai.com.br\/news\/wp-json\/wp\/v2\/posts\/90536\/revisions"}],"predecessor-version":[{"id":90541,"href":"https:\/\/tvtecjundiai.com.br\/news\/wp-json\/wp\/v2\/posts\/90536\/revisions\/90541"}],"wp:featuredmedia":[{"embeddable":true,"href":"https:\/\/tvtecjundiai.com.br\/news\/wp-json\/wp\/v2\/media\/90540"}],"wp:attachment":[{"href":"https:\/\/tvtecjundiai.com.br\/news\/wp-json\/wp\/v2\/media?parent=90536"}],"wp:term":[{"taxonomy":"category","embeddable":true,"href":"https:\/\/tvtecjundiai.com.br\/news\/wp-json\/wp\/v2\/categories?post=90536"},{"taxonomy":"post_tag","embeddable":true,"href":"https:\/\/tvtecjundiai.com.br\/news\/wp-json\/wp\/v2\/tags?post=90536"}],"curies":[{"name":"wp","href":"https:\/\/api.w.org\/{rel}","templated":true}]}}