{"id":90596,"date":"2022-03-24T11:30:51","date_gmt":"2022-03-24T14:30:51","guid":{"rendered":"https:\/\/tvtecjundiai.com.br\/news\/?p=90596"},"modified":"2022-03-24T14:58:52","modified_gmt":"2022-03-24T17:58:52","slug":"concurso-publico-da-dae-jundiai-e-retomado-em-definitivo-1","status":"publish","type":"post","link":"https:\/\/tvtecjundiai.com.br\/news\/2022\/03\/24\/concurso-publico-da-dae-jundiai-e-retomado-em-definitivo-1\/","title":{"rendered":"Concurso P\u00fablico da DAE Jundia\u00ed para diversas \u00e1reas \u00e9 retomado em definitivo"},"content":{"rendered":"\n<p>A DAE Jundia\u00ed informa a continuidade total do Concurso P\u00fablico n\u00ba 001\/2018 para os empregos p\u00fablicos de advogado, aferidor de hidr\u00f4metros, analista florestal, assistente administrativo categoria I, eletricista, engenheiro ambiental sanitarista, engenheiro civil, engenheiro eletricista, mec\u00e2nico de manuten\u00e7\u00e3o, oficial de obras e manuten\u00e7\u00e3o categoria I, psic\u00f3logo e t\u00e9cnico em laborat\u00f3rio.<\/p>\n\n\n\n<figure class=\"wp-block-image\"><img decoding=\"async\" src=\"https:\/\/jundiai.sp.gov.br\/noticias\/wp-content\/uploads\/sites\/32\/2022\/03\/sede-dae.jpg\" alt=\"\" class=\"wp-image-288710\" \/><figcaption>Candidatos devem acessar o Edital n\u00ba 001\/2022, publicado na Imprensa Oficial do Munic\u00edpio de 23 de mar\u00e7o de 2022 e dispon\u00edvel no site da DAE<\/figcaption><\/figure>\n\n\n\n<p>Tais empregos ainda est\u00e3o pendentes de realiza\u00e7\u00e3o de pr\u00f3ximas fases, considerando os Editais n\u00ba 028\/2018, de 19 de outubro de 2018, e n\u00ba 001\/2021, de 1 de junho de 2021.<\/p>\n\n\n\n<p>As informa\u00e7\u00f5es constam do Edital n\u00ba 001\/2022, publicado na Imprensa Oficial do Munic\u00edpio de 23 de mar\u00e7o de 2022 e dispon\u00edvel nos sites da DAE (<a href=\"https:\/\/daejundiai.com.br\/transparencia\/servidores\/concursos\/\">www.daejundiai.com.br<\/a>) e do IBAM (<a href=\"http:\/\/www.ibamsp-concursos.org.br\/\">www.ibamsp-concursos.org.br<\/a>). A partir de agora, os candidatos devem ficar atentos \u00e0s pr\u00f3ximas publica\u00e7\u00f5es para convoca\u00e7\u00e3o.<\/p>\n\n\n\n<p><strong><em>(Fonte\/Imagem: DAE Jundia\u00ed)<\/em><\/strong><\/p>\n","protected":false},"excerpt":{"rendered":"<p>Candidatos devem acessar o Edital n\u00ba 001\/2022, publicado na Imprensa Oficial do Munic\u00edpio e dispon\u00edvel no site da DAE.<\/p>\n","protected":false},"author":27,"featured_media":90597,"comment_status":"closed","ping_status":"closed","sticky":false,"template":"","format":"standard","meta":{"footnotes":""},"categories":[8356],"tags":[],"class_list":["post-90596","post","type-post","status-publish","format-standard","has-post-thumbnail","hentry","category-jundiai"],"_links":{"self":[{"href":"https:\/\/tvtecjundiai.com.br\/news\/wp-json\/wp\/v2\/posts\/90596","targetHints":{"allow":["GET"]}}],"collection":[{"href":"https:\/\/tvtecjundiai.com.br\/news\/wp-json\/wp\/v2\/posts"}],"about":[{"href":"https:\/\/tvtecjundiai.com.br\/news\/wp-json\/wp\/v2\/types\/post"}],"author":[{"embeddable":true,"href":"https:\/\/tvtecjundiai.com.br\/news\/wp-json\/wp\/v2\/users\/27"}],"replies":[{"embeddable":true,"href":"https:\/\/tvtecjundiai.com.br\/news\/wp-json\/wp\/v2\/comments?post=90596"}],"version-history":[{"count":2,"href":"https:\/\/tvtecjundiai.com.br\/news\/wp-json\/wp\/v2\/posts\/90596\/revisions"}],"predecessor-version":[{"id":90599,"href":"https:\/\/tvtecjundiai.com.br\/news\/wp-json\/wp\/v2\/posts\/90596\/revisions\/90599"}],"wp:featuredmedia":[{"embeddable":true,"href":"https:\/\/tvtecjundiai.com.br\/news\/wp-json\/wp\/v2\/media\/90597"}],"wp:attachment":[{"href":"https:\/\/tvtecjundiai.com.br\/news\/wp-json\/wp\/v2\/media?parent=90596"}],"wp:term":[{"taxonomy":"category","embeddable":true,"href":"https:\/\/tvtecjundiai.com.br\/news\/wp-json\/wp\/v2\/categories?post=90596"},{"taxonomy":"post_tag","embeddable":true,"href":"https:\/\/tvtecjundiai.com.br\/news\/wp-json\/wp\/v2\/tags?post=90596"}],"curies":[{"name":"wp","href":"https:\/\/api.w.org\/{rel}","templated":true}]}}