{"id":90623,"date":"2022-03-25T09:33:40","date_gmt":"2022-03-25T12:33:40","guid":{"rendered":"https:\/\/tvtecjundiai.com.br\/news\/?p=90623"},"modified":"2022-03-25T09:33:41","modified_gmt":"2022-03-25T12:33:41","slug":"musica-envolver-de-anitta-se-torna-a-mais-ouvida-do-mundo-no-spotify","status":"publish","type":"post","link":"https:\/\/tvtecjundiai.com.br\/news\/2022\/03\/25\/musica-envolver-de-anitta-se-torna-a-mais-ouvida-do-mundo-no-spotify\/","title":{"rendered":"M\u00fasica &#8216;Envolver&#8217;, de Anitta, se torna a mais ouvida do mundo no Spotify"},"content":{"rendered":"\n<p>Reggaeton lan\u00e7ado por\u00a0Anitta\u00a0em novembro de 2021, &#8220;Envolver&#8221; alcan\u00e7ou nesta sexta-feira (25) o 1\u00ba lugar no ranking das mais ouvidas do mundo, segundo a plataforma de m\u00fasica Spotify. \u00c0s 8h, a m\u00fasica acumulava 6,39 milh\u00f5es de reprodu\u00e7\u00f5es.<\/p>\n\n\n\n<p>Cantada em espanhol, &#8220;Envolver&#8221; viralizou nas redes sociais, longe dos holofotes e sem investimento tradicional, ap\u00f3s internautas criarem desafio com a coreografia da can\u00e7\u00e3o, que inclui dan\u00e7ar na posi\u00e7\u00e3o de prancha, com os cotovelos ou as m\u00e3os apoiados no ch\u00e3o.<\/p>\n\n\n\n<div class=\"wp-block-image\"><figure class=\"aligncenter size-full is-resized\"><img loading=\"lazy\" decoding=\"async\" src=\"https:\/\/tvtecjundiai.com.br\/news\/wp-content\/uploads\/sites\/2\/2022\/03\/anitt.png\" alt=\"\" class=\"wp-image-90624\" width=\"758\" height=\"473\" srcset=\"https:\/\/tvtecjundiai.com.br\/news\/wp-content\/uploads\/sites\/2\/2022\/03\/anitt.png 984w, https:\/\/tvtecjundiai.com.br\/news\/wp-content\/uploads\/sites\/2\/2022\/03\/anitt-300x187.png 300w, https:\/\/tvtecjundiai.com.br\/news\/wp-content\/uploads\/sites\/2\/2022\/03\/anitt-768x479.png 768w\" sizes=\"auto, (max-width: 758px) 100vw, 758px\" \/><figcaption>Anitta em cena do clipe da m\u00fasica &#8220;Envolver&#8221;\/ Foto: Marco Ovando\/Divulga\u00e7\u00e3o<\/figcaption><\/figure><\/div>\n\n\n\n<p>Dos 6,3 milh\u00f5es de plays da parada di\u00e1ria divulgada nesta sexta-feira (25), 4,1 milh\u00f5es foram no Brasil.\u00a0Nunca uma m\u00fasica teve tantos plays em um \u00fanico dia no Spotify no Brasil.<\/p>\n\n\n\n<p>A m\u00e9dia de uma m\u00fasica em primeiro lugar apenas no Brasil \u00e9 de 1,5 milh\u00e3o de plays por dia (inclusive &#8220;Envolver&#8221; na parada divulgada na quinta-feira, dia 24).<\/p>\n\n\n\n<p>O segundo lugar global da parada divulgada nesta sexta-feira (25), &#8220;Plan A&#8221;, do cantor argentino Paulo Londra, teve 5,8 milh\u00f5es de plays no total.<\/p>\n\n\n\n<p>Nas redes sociais, o clima j\u00e1 era de comemora\u00e7\u00e3o como se fosse Copa do Mundo, com mutir\u00f5es virtuais e memes desde o in\u00edcio da semana.<\/p>\n\n\n\n<p>&#8220;O brasileiro acorda, toma um gole de caf\u00e9, v\u00ea a posi\u00e7\u00e3o de &#8216;Envolver&#8217; nos charts, d\u00e1 mais uns plays e vai trabalhar&#8221;, diz um usu\u00e1rio do Twitter. &#8220;O Brasil n\u00e3o se une desse jeito desde que o Neville Longbottom chamou o Neymar de pat\u00e9tico&#8221;, afirma outro, lembrando quando o ator do filme &#8220;Harry Potter&#8221; fez um coment\u00e1rio sobre o brasileiro.<\/p>\n\n\n\n<p>E Anitta agradeceu o empenho em uma publica\u00e7\u00e3o no Twitter: &#8220;Gente\u2026 nunca vi o Brasil t\u00e3o unido. Passada. OBRIGADA&#8221;, escreveu ela.<\/p>\n\n\n\n<p><strong><em>(Fonte: g1\/Imagem: Marco Ovando)<\/em><\/strong><\/p>\n","protected":false},"excerpt":{"rendered":"<p>\u00c0s 8h desta sexta-feira (25), a m\u00fasica acumulava 6,39 milh\u00f5es de plays na plataforma<\/p>\n","protected":false},"author":30,"featured_media":90624,"comment_status":"closed","ping_status":"closed","sticky":false,"template":"","format":"standard","meta":{"footnotes":""},"categories":[2833,3084,1],"tags":[],"class_list":["post-90623","post","type-post","status-publish","format-standard","has-post-thumbnail","hentry","category-cultura","category-mundo","category-noticias"],"_links":{"self":[{"href":"https:\/\/tvtecjundiai.com.br\/news\/wp-json\/wp\/v2\/posts\/90623","targetHints":{"allow":["GET"]}}],"collection":[{"href":"https:\/\/tvtecjundiai.com.br\/news\/wp-json\/wp\/v2\/posts"}],"about":[{"href":"https:\/\/tvtecjundiai.com.br\/news\/wp-json\/wp\/v2\/types\/post"}],"author":[{"embeddable":true,"href":"https:\/\/tvtecjundiai.com.br\/news\/wp-json\/wp\/v2\/users\/30"}],"replies":[{"embeddable":true,"href":"https:\/\/tvtecjundiai.com.br\/news\/wp-json\/wp\/v2\/comments?post=90623"}],"version-history":[{"count":1,"href":"https:\/\/tvtecjundiai.com.br\/news\/wp-json\/wp\/v2\/posts\/90623\/revisions"}],"predecessor-version":[{"id":90625,"href":"https:\/\/tvtecjundiai.com.br\/news\/wp-json\/wp\/v2\/posts\/90623\/revisions\/90625"}],"wp:featuredmedia":[{"embeddable":true,"href":"https:\/\/tvtecjundiai.com.br\/news\/wp-json\/wp\/v2\/media\/90624"}],"wp:attachment":[{"href":"https:\/\/tvtecjundiai.com.br\/news\/wp-json\/wp\/v2\/media?parent=90623"}],"wp:term":[{"taxonomy":"category","embeddable":true,"href":"https:\/\/tvtecjundiai.com.br\/news\/wp-json\/wp\/v2\/categories?post=90623"},{"taxonomy":"post_tag","embeddable":true,"href":"https:\/\/tvtecjundiai.com.br\/news\/wp-json\/wp\/v2\/tags?post=90623"}],"curies":[{"name":"wp","href":"https:\/\/api.w.org\/{rel}","templated":true}]}}