{"id":90676,"date":"2022-03-25T17:23:07","date_gmt":"2022-03-25T20:23:07","guid":{"rendered":"https:\/\/tvtecjundiai.com.br\/news\/?p=90676"},"modified":"2022-03-25T17:23:13","modified_gmt":"2022-03-25T20:23:13","slug":"final-de-semana-tem-atracoes-gratuitas-especiais-do-dia-do-teatro-e-do-circo-em-jundiai","status":"publish","type":"post","link":"https:\/\/tvtecjundiai.com.br\/news\/2022\/03\/25\/final-de-semana-tem-atracoes-gratuitas-especiais-do-dia-do-teatro-e-do-circo-em-jundiai\/","title":{"rendered":"Final de semana tem atra\u00e7\u00f5es gratuitas especiais do Dia do Teatro e do Circo em Jundia\u00ed"},"content":{"rendered":"\n<p>Para este fim de semana, a Unidade de Gest\u00e3o de Cultura (UGC) preparou, al\u00e9m da abertura dos espa\u00e7os culturais, uma s\u00e9rie de atra\u00e7\u00f5es gratuitas para toda a fam\u00edlia.<\/p>\n\n\n\n<p>Crian\u00e7as, jovens e adultos poder\u00e3o acompanhar a programa\u00e7\u00e3o que inclui oficinas, teatro infantil, conta\u00e7\u00e3o de hist\u00f3ria, al\u00e9m da a\u00e7\u00e3o \u201cCultura nos Bairros\u201d especial do dia do Teatro e do Circo, que, neste domingo (27), ir\u00e1 movimentar a regi\u00e3o do Jardim Martins, com apresenta\u00e7\u00f5es culturais das 10h \u00e0s 15h, no complexo esportivo Francisco \u00c1lvaro Siqueira Neto.<\/p>\n\n\n\n<p>Confira a programa\u00e7\u00e3o nos equipamentos culturais:<\/p>\n\n\n\n<p><strong>F\u00e1brica das Inf\u00e2ncias Japy<\/strong><br>A F\u00e1brica das Inf\u00e2ncias Japy, sede oficial do Comit\u00ea das Crian\u00e7as de Jundia\u00ed, ter\u00e1 um final de semana bastante movimentado, com programa\u00e7\u00e3o cultural gratuita.<\/p>\n\n\n\n<p>No s\u00e1bado (26), \u00e0s 10h30, crian\u00e7as de sete a 12 anos poder\u00e3o participar da Oficina \u201c Na batida desse som\u201d, com Renata Pelegrini Pupo, integrante do Grupo Ritmo. A proposta \u00e9 um trabalho coreogr\u00e1fico desenvolvido a partir da modalidade de Jazz, Ballet Cl\u00e1ssico e dan\u00e7a contempor\u00e2nea, mostrando a influ\u00eancia da m\u00fasica em nossa vida.<\/p>\n\n\n\n<p>No domingo (27), tamb\u00e9m \u00e0s 10h30, crian\u00e7as de quatro a seis anos ser\u00e3o convidadas a interagir com a atriz Margareth Libardi, na apresenta\u00e7\u00e3o do espet\u00e1culo \u201cAula de Magia com a bruxinha Meg Li\u201d. A ideia central do espet\u00e1culo \u00e9 o de refor\u00e7ar valores morais, mostrando para as crian\u00e7as que o mundo pode ser bem melhor quando temos atitudes nobres e acreditamos em n\u00f3s mesmos<\/p>\n\n\n\n<p>A F\u00e1brica das Inf\u00e2ncias Japy na rua Lacerda Franco, 175, Vila Arens. A entrada \u00e9 gratuita.<\/p>\n\n\n\n<figure class=\"wp-block-image\"><img decoding=\"async\" src=\"https:\/\/jundiai.sp.gov.br\/noticias\/wp-content\/uploads\/sites\/32\/2022\/03\/oficina_de_musicalizacao_fabrica_japy-1.jpg\" alt=\"\" class=\"wp-image-288877\" \/><figcaption>Al\u00e9m da programa\u00e7\u00e3o gratuita, a F\u00e1brica das Inf\u00e2ncias Japy tamb\u00e9m recebe vacina\u00e7\u00e3o contra a Covid-19 para crian\u00e7as de cinco a 12 anos<\/figcaption><\/figure>\n\n\n\n<p><strong>Biblioteca Nelson Foot<\/strong><br>A Biblioteca Municipal Professor Nelson Foot, que voltou a abrir aos s\u00e1bados, das 9h \u00e0s 13h, para atender tanto nos setores de pesquisa quanto no circulante, para a retirada de livros traz ainda atividades culturais para as crian\u00e7as.<\/p>\n\n\n\n<p>Para este s\u00e1bado (26), a programa\u00e7\u00e3o ser\u00e1 realizada a partir das 10h, com a conta\u00e7\u00e3o da hist\u00f3ria \u201cO Menino que Voou\u201d, com Matheus Ferreira de Lima, do Grifo Teatro, indicada para crian\u00e7as de sete a 11 anos. A hist\u00f3ria \u00e9 inspirada na lenda mitol\u00f3gica de \u00cdcaro.<\/p>\n\n\n\n<p>A Biblioteca Municipal fica no Complexo Argos, localizado na avenida Dr. Cavalcanti, 396. Mais informa\u00e7\u00f5es podem ser obtidas pelo telefone (11) 4527-2110<\/p>\n\n\n\n<p><strong>Cultura nos Bairros<br><\/strong>A segunda edi\u00e7\u00e3o do projeto Cultura nos Bairros chega neste domingo (27), no complexo esportivo Francisco \u00c1lvaro Siqueira Neto, no Jardim Martins, no mesmo dia em que se comemora o Dia do Teatro e do Circo, oportunidade em que o p\u00fablico poder\u00e1 acompanhar, a cinco performances de grupos de teatro e circo de Jundia\u00ed, selecionados pelos editais CulturaMais e Cultura Negra.<\/p>\n\n\n\n<p>A iniciativa \u00e9 o resultado de parceria das Unidades de Gest\u00e3o de Cultura (UGC), Esporte e Lazer (UGEL) e Agroneg\u00f3cio, Abastecimento e Turismo (UGAAT). Al\u00e9m das atra\u00e7\u00f5es culturais programadas, as del\u00edcias gastron\u00f4micas ficar\u00e3o por conta dos permission\u00e1rios do Varej\u00e3o Noturno e o artesanato com os artistas do programa \u201cJundia\u00ed feito \u00e0 m\u00e3o\u201d.<\/p>\n\n\n\n<p>Confira a programa\u00e7\u00e3o completa:<\/p>\n\n\n\n<ul class=\"wp-block-list\"><li>10h \u2013 \u201cUm Quarto de Hist\u00f3ria: de onde v\u00eam as hist\u00f3rias?\u201d (Cia. Giro no Biombo \u2013 Teatro);<\/li><li>11h \u2013 \u201cAten\u00e7\u00e3o, Respeit\u00e1vel P\u00fablico\u201d (Dami\u00e3o e Cia. \u2013 Circo);<\/li><li>12h \u2013 Mini Mostra de Afros Lambe-Lambe (Artistas Independentes \u2013 Teatro);<\/li><li>13h15 \u2013 \u201cQual \u00e9 a gra\u00e7a, palha\u00e7o?\u201d (N\u00f3smesmos \u2013 Circo);<\/li><li>14h30 \u2013 \u201cClowsci\u00eancia\u201d (Cia. T\u00e3o Distante de Artes \u2013 Teatro).<\/li><\/ul>\n\n\n\n<figure class=\"wp-block-image\"><img decoding=\"async\" src=\"https:\/\/jundiai.sp.gov.br\/noticias\/wp-content\/uploads\/sites\/32\/2022\/03\/cultura-nos-bairros_benedito-de-lima-136.jpg\" alt=\"\" class=\"wp-image-288879\" \/><figcaption>Cultura nos Bairros deste domingo (27) ser\u00e1 uma comemora\u00e7\u00e3o especial do Dia do Teatro e do Circo<\/figcaption><\/figure>\n\n\n\n<p><strong>Complexo Fepasa<br><\/strong>O palco da Sala Jundia\u00ed, no Complexo Fepasa, sede da UGC, recebe neste domingo (27), \u00e0s 16h, com entrada franca, o&nbsp;<a href=\"https:\/\/jundiai.sp.gov.br\/noticias\/2022\/03\/22\/complexo-fepasa-recebe-neste-domingo-27-versao-do-classico-romeu-e-julieta-inspirada-nas-ruas\/\">espet\u00e1culo \u201cRomeu e Julieta\u201d, com a Cia. Talagad\u00e1 \u2013 Teatro de Formas Animadas<\/a>, contemplado pelo Programa de A\u00e7\u00e3o Cultural (ProAC) da Secretaria de Cultura e Economia Criativa do Estado de S\u00e3o Paulo.<\/p>\n\n\n\n<p>Em meio ao lixo, tralhas e tudo mais que \u00e9 descartado pela sociedade, cinco moradores de rua tentam subverter essa situa\u00e7\u00e3o por meio do universo l\u00fadico, no qual, suas figuras grotescas interpretam a si mesmas, utilizando-se de objetos, instala\u00e7\u00f5es, \u201cassemblages\u201d, m\u00fasica e performance para recontar, a seu modo, o cl\u00e1ssico Romeu e Julieta de William Shakespeare, cujo fim tr\u00e1gico \u00e9 de conhecimento de todos, por\u00e9m, as met\u00e1foras dos fatos que antecedem seu desfecho podem ser uma grande surpresa.<br>N\u00e3o haver\u00e1 distribui\u00e7\u00e3o de ingressos. A entrada se dar\u00e1 por ordem de chegada.<\/p>\n\n\n\n<p>O Complexo Fepasa fica na avenida Uni\u00e3o dos ferrovi\u00e1rios, 1.760. Mais informa\u00e7\u00f5es pelo telefone: (11) 4589-6800.<\/p>\n\n\n\n<figure class=\"wp-block-image\"><img decoding=\"async\" src=\"https:\/\/jundiai.sp.gov.br\/noticias\/wp-content\/uploads\/sites\/32\/2022\/03\/rej-lencois-1.jpg\" alt=\"\" class=\"wp-image-288880\" \/><figcaption>Vers\u00e3o do cl\u00e1ssico \u2018Romeu e Julieta\u2019 inspirada nas ruas vem a Jundia\u00ed por meio de ProAC<\/figcaption><\/figure>\n\n\n\n<p><strong>Teatro Polytheama<\/strong><br>No palco do teatro neste final de semana o p\u00fablico poder\u00e1 assistir a um grande sucesso de p\u00fablico e cr\u00edtica: \u201cConserto para Dois\u201d, uma com\u00e9dia musical com Cl\u00e1udia Raia e Jarbas Homem de Mello.<\/p>\n\n\n\n<p>Os ingressos podem ser adquiridos pela&nbsp;<a href=\"https:\/\/bileto.sympla.com.br\/event\/71649\/d\/127505\" target=\"_blank\" rel=\"noreferrer noopener\">internet, na plataforma Sympla<\/a>, e na bilheteria do teatro, que funciona a partir das 10h.<\/p>\n\n\n\n<p>O Teatro Polytheama fica na rua Bar\u00e3o de Jundia\u00ed, 176, Centro. Mais informa\u00e7\u00f5es pelo telefone (11) 4586-2472.<\/p>\n\n\n\n<p><strong>Pracinha da Cultura<\/strong><br>Neste s\u00e1bado (26), continuam na Pracinha da Cultura do Vista Alegre (CEU das Artes) as atividades da Oficina de Capoeira para crian\u00e7as a partir de sete anos, no per\u00edodo da manh\u00e3 das 9h30 \u00e0s 10h30. No per\u00edodo da tarde, da Oficina de Maracatu, das 14h \u00e0s 16h.<\/p>\n\n\n\n<p>A a\u00e7\u00e3o est\u00e1 dentro da proposta de descentraliza\u00e7\u00e3o da oferta de oficinas culturais gratuitas pelos bairros da cidade. No local, a UGC realiza nove oficinas gratuitas, com dura\u00e7\u00e3o de quatro meses, tendo como p\u00fablico alvo desde crian\u00e7as at\u00e9 adultos.<\/p>\n\n\n\n<p>Os interessados podem se&nbsp;<a href=\"https:\/\/docs.google.com\/forms\/d\/e\/1FAIpQLSeDNLgY4ixXFiGmtvwO7G3T08jzbNrfAv2tJwsH_bw59TnZpg\/viewform?pli=1\" target=\"_blank\" rel=\"noreferrer noopener\">inscrever pela internet (estando logado em uma conta Google)<\/a>&nbsp;ou na Pracinha da Cultura, de segunda a sexta-feira, das 8h \u00e0s 17h, com c\u00f3pias do RG, CPF e comprovante de resid\u00eancia, e verificar a disponibilidade de vagas. A Pracinha fica na rua Cabo Edvaldo Quirino Santana 46-110, Vista Alegre. Mais informa\u00e7\u00f5es pelo telefone (11) 4521-6193.<\/p>\n\n\n\n<figure class=\"wp-block-image\"><img decoding=\"async\" src=\"https:\/\/jundiai.sp.gov.br\/noticias\/wp-content\/uploads\/sites\/32\/2022\/03\/oficina-vista-alegre-41.jpg\" alt=\"\" class=\"wp-image-288881\" \/><figcaption>Na Pracinha da Cultura do Vista Alegre, a UGC realiza nove oficinas gratuitas<\/figcaption><\/figure>\n\n\n\n<p><strong>Museu Hist\u00f3rico e Cultural<\/strong><br>Neste s\u00e1bado (26) e domingo (27), o p\u00fablico poder\u00e1 visitar parte do acervo permanente e os jardins do Museu Hist\u00f3rico e Cultural de Jundia\u00ed \u2013 Solar do Bar\u00e3o, das 10h \u00e0s 17h. O Solar fica na rua Bar\u00e3o de Jundia\u00ed, 762, Centro.<\/p>\n\n\n\n<p><strong>Pinacoteca<br><\/strong>Este \u00e9 o \u00faltimo final de semana para conferir na Pinacoteca Municipal Di\u00f3genes Duarte Paes a&nbsp;<a rel=\"noreferrer noopener\" href=\"https:\/\/cultura.jundiai.sp.gov.br\/mostra-coletiva-lei-aldir-blanc-2022-bens-adquiridos\/\" target=\"_blank\">Mostra Coletiva com as obras adquiridas pelo Munic\u00edpio em editais da Lei Aldir Blanc<\/a>; as&nbsp;<a rel=\"noreferrer noopener\" href=\"https:\/\/cultura.jundiai.sp.gov.br\/exposicoes\/pop-faces-comemorando-os-50-anos-do-artista-alex-roch\/\" target=\"_blank\">exposi\u00e7\u00f5es Pop Faces e s\u00e9rie de pinturas abstratas em relevo do artista Alex Roch<\/a>; a&nbsp;<a rel=\"noreferrer noopener\" href=\"https:\/\/cultura.jundiai.sp.gov.br\/exposicoes\/tudo-e-jundiai\/\" target=\"_blank\">s\u00e9rie&nbsp;<\/a><a rel=\"noreferrer noopener\" href=\"https:\/\/cultura.jundiai.sp.gov.br\/exposicoes\/tudo-e-jundiai\/\" target=\"_blank\">\u201c<\/a><a rel=\"noreferrer noopener\" href=\"https:\/\/cultura.jundiai.sp.gov.br\/exposicoes\/tudo-e-jundiai\/\" target=\"_blank\">Tudo \u00e9 Jundia\u00ed\u201d com pinturas em acr\u00edlico do artista \u00c9lvio Santiago<\/a>, al\u00e9m de itens do acervo permanente da Pinacoteca como as pinturas de Inos Corradin e as aquarelas do artista Di\u00f3genes Duarte Paes.<\/p>\n\n\n\n<p>A entrada \u00e9 gratuita e a Pinacoteca fica na rua Bar\u00e3o de Jundia\u00ed, 109, Centro. O funcionamento \u00e9 de ter\u00e7a-feira a domingo, das 10h \u00e0s 17h. Mais informa\u00e7\u00f5es pelo telefone (11) 4586-2326.<\/p>\n\n\n\n<p><em><strong>(Fonte\/Imagem: Prefeitura de Jundia\u00ed)<\/strong><\/em><\/p>\n","protected":false},"excerpt":{"rendered":"<p>A programa\u00e7\u00e3o inclui oficinas, teatro infantil, conta\u00e7\u00e3o de hist\u00f3ria, al\u00e9m da a\u00e7\u00e3o \u201cCultura nos Bairros\u201d especial.<\/p>\n","protected":false},"author":27,"featured_media":90677,"comment_status":"closed","ping_status":"closed","sticky":false,"template":"","format":"standard","meta":{"footnotes":""},"categories":[2833,8356],"tags":[],"class_list":["post-90676","post","type-post","status-publish","format-standard","has-post-thumbnail","hentry","category-cultura","category-jundiai"],"_links":{"self":[{"href":"https:\/\/tvtecjundiai.com.br\/news\/wp-json\/wp\/v2\/posts\/90676","targetHints":{"allow":["GET"]}}],"collection":[{"href":"https:\/\/tvtecjundiai.com.br\/news\/wp-json\/wp\/v2\/posts"}],"about":[{"href":"https:\/\/tvtecjundiai.com.br\/news\/wp-json\/wp\/v2\/types\/post"}],"author":[{"embeddable":true,"href":"https:\/\/tvtecjundiai.com.br\/news\/wp-json\/wp\/v2\/users\/27"}],"replies":[{"embeddable":true,"href":"https:\/\/tvtecjundiai.com.br\/news\/wp-json\/wp\/v2\/comments?post=90676"}],"version-history":[{"count":1,"href":"https:\/\/tvtecjundiai.com.br\/news\/wp-json\/wp\/v2\/posts\/90676\/revisions"}],"predecessor-version":[{"id":90678,"href":"https:\/\/tvtecjundiai.com.br\/news\/wp-json\/wp\/v2\/posts\/90676\/revisions\/90678"}],"wp:featuredmedia":[{"embeddable":true,"href":"https:\/\/tvtecjundiai.com.br\/news\/wp-json\/wp\/v2\/media\/90677"}],"wp:attachment":[{"href":"https:\/\/tvtecjundiai.com.br\/news\/wp-json\/wp\/v2\/media?parent=90676"}],"wp:term":[{"taxonomy":"category","embeddable":true,"href":"https:\/\/tvtecjundiai.com.br\/news\/wp-json\/wp\/v2\/categories?post=90676"},{"taxonomy":"post_tag","embeddable":true,"href":"https:\/\/tvtecjundiai.com.br\/news\/wp-json\/wp\/v2\/tags?post=90676"}],"curies":[{"name":"wp","href":"https:\/\/api.w.org\/{rel}","templated":true}]}}