{"id":90682,"date":"2022-03-25T17:39:16","date_gmt":"2022-03-25T20:39:16","guid":{"rendered":"https:\/\/tvtecjundiai.com.br\/news\/?p=90682"},"modified":"2022-03-25T17:39:19","modified_gmt":"2022-03-25T20:39:19","slug":"passageiros-do-expresso-turistico-serao-recebidos-com-musica-em-jundiai","status":"publish","type":"post","link":"https:\/\/tvtecjundiai.com.br\/news\/2022\/03\/25\/passageiros-do-expresso-turistico-serao-recebidos-com-musica-em-jundiai\/","title":{"rendered":"Passageiros do Expresso Tur\u00edstico ser\u00e3o recebidos com m\u00fasica em Jundia\u00ed"},"content":{"rendered":"\n<p>Os passageiros do Expresso Tur\u00edstico CPTM (Companhia Paulista de Trens Metropolitanos) que parte de S\u00e3o Paulo com destino a Jundia\u00ed, \u00e0s manh\u00e3s de s\u00e1bado, passam a ser recebidos com m\u00fasica ao desembarcarem na esta\u00e7\u00e3o de Jundia\u00ed. A a\u00e7\u00e3o \u00e9 uma parceria entre a CPTM e a Prefeitura de Jundia\u00ed, por meio das Unidades de Gest\u00e3o de Agroneg\u00f3cio, Abastecimento e Turismo (UGAAT) e de Cultura (UGC).<\/p>\n\n\n\n<p>A previs\u00e3o \u00e9 que o Expresso Tur\u00edstico desembarque \u00e0s 10h na esta\u00e7\u00e3o em Jundia\u00ed. \u201cOs passageiros ser\u00e3o recepcionados com a Banda Musical Vivace Itinerante Tarantella Napolitana, com m\u00fasicas instrumentais e tradicionais italianas. Uma maneira de dar as boas-vindas e mostrar um pouco da tradi\u00e7\u00e3o jundiaiense\u201d, explica o gestor de Cultura, Marcelo Peroni.<\/p>\n\n\n\n<p>Al\u00e9m de serem recepcionados pela atra\u00e7\u00e3o musical, haver\u00e1 a presen\u00e7a de um ator, que, al\u00e9m de recepcionar com alegria e festa, ir\u00e1 orientar os turistas para a sa\u00edda original da Esta\u00e7\u00e3o de Trem, que foi rec\u00e9m restaurada, e n\u00e3o pelas catracas como os passageiros dos trens regulares.&nbsp;<\/p>\n\n\n\n<figure class=\"wp-block-image\"><img decoding=\"async\" src=\"https:\/\/jundiai.sp.gov.br\/noticias\/wp-content\/uploads\/sites\/32\/2022\/01\/expresso-turistico.jpeg\" alt=\"DESCRI\u00c7\u00c3O DA IMAGEM:\n\nTrem branco, com faixas azul e vermelho, est\u00e1 parada em uma esta\u00e7\u00e3o\" class=\"wp-image-283490\" \/><figcaption>Expresso Tur\u00edstico parte da Esta\u00e7\u00e3o da Luz com destino a Jundia\u00ed<\/figcaption><\/figure>\n\n\n\n<p>\u201cQueremos que, assim que cheguem a Jundia\u00ed, os visitantes sintam a atmosfera e o clima italiano que predomina principalmente nossas&nbsp;<a href=\"https:\/\/rotasturisticas.jundiai.sp.gov.br\/\" target=\"_blank\" rel=\"noreferrer noopener\">Rotas Tur\u00edsticas<\/a>. Al\u00e9m da atra\u00e7\u00e3o cultural, os turistas v\u00e3o encontrar um ponto de informa\u00e7\u00f5es tur\u00edsticas, com orienta\u00e7\u00f5es sobre receptivos e passeios que eles podem fazer enquanto estiverem na cidade\u201d, conta o gestor da UGAAT, Eduardo Alvarez.<\/p>\n\n\n\n<p>A parceria tamb\u00e9m conta com a\u00e7\u00e3o da Unidade de Gest\u00e3o de Governo e Finan\u00e7as (UGGF), por meio da fiscaliza\u00e7\u00e3o do com\u00e9rcio, para inibir a atua\u00e7\u00e3o de vendedores ambulantes n\u00e3o autorizados e da Unidade de Infraestrutura e Servi\u00e7os P\u00fablicos (UGISP) para a limpeza do espa\u00e7o p\u00fablico na regi\u00e3o da esta\u00e7\u00e3o de trens.<\/p>\n\n\n\n<p>A rota do Expresso Tur\u00edstico \u00e9 feita numa locomotiva a diesel, modelo Alco, fabricada em 1952, que conduz dois carros de passageiros, de a\u00e7o, fabricados no Brasil pela Budd \u2013 Mafersa nos anos 60. Eles foram cedidos pela ABPF (Associa\u00e7\u00e3o Brasileira de Preserva\u00e7\u00e3o Ferrovi\u00e1ria). S\u00e3o levados at\u00e9 172 passageiros por viagem. Al\u00e9m de apreciar a paisagem por \u00e2ngulos normalmente n\u00e3o vistos, o turista tamb\u00e9m conhece no trajeto parte da hist\u00f3ria da ferrovia e das esta\u00e7\u00f5es. O embarque do Expresso \u00e9 \u00e0s 8h30, na plataforma 4 da Esta\u00e7\u00e3o Luz, com retorno \u00e0s 16h30.<\/p>\n\n\n\n<p>O trem parte da esta\u00e7\u00e3o da Luz, em S\u00e3o Paulo. Os bilhetes est\u00e3o dispon\u00edveis e \u00e0 venda na bilheteria da Esta\u00e7\u00e3o Luz, localizada no Sagu\u00e3o 1, em frente \u00e0 SSO da CPTM. O valor do passeio \u00e9 de\u00a0 R$ 50 (1 passageiro); R$ 82 (1 passageiro e 1 acompanhante), R$ 115 (1 passageiro e 2 acompanhantes) e R$ 148 (1 passageiro e 3 acompanhantes). Mais informa\u00e7\u00f5es podem ser obtidas por meio do telefone 0800 055 0121 ou do WhatsApp (11) 99767-7030.<\/p>\n\n\n\n<p><em><strong>(Fonte\/Imagem: Prefeitura de Jundia\u00ed)<\/strong><\/em><\/p>\n","protected":false},"excerpt":{"rendered":"<p>Al\u00e9m de serem recepcionados com  atra\u00e7\u00e3o musical, alegria e festa, ser\u00e3o orientados a sa\u00edda rec\u00e9m restaurada.<\/p>\n","protected":false},"author":27,"featured_media":90683,"comment_status":"closed","ping_status":"closed","sticky":false,"template":"","format":"standard","meta":{"footnotes":""},"categories":[2833,8356,2825],"tags":[],"class_list":["post-90682","post","type-post","status-publish","format-standard","has-post-thumbnail","hentry","category-cultura","category-jundiai","category-turismo"],"_links":{"self":[{"href":"https:\/\/tvtecjundiai.com.br\/news\/wp-json\/wp\/v2\/posts\/90682","targetHints":{"allow":["GET"]}}],"collection":[{"href":"https:\/\/tvtecjundiai.com.br\/news\/wp-json\/wp\/v2\/posts"}],"about":[{"href":"https:\/\/tvtecjundiai.com.br\/news\/wp-json\/wp\/v2\/types\/post"}],"author":[{"embeddable":true,"href":"https:\/\/tvtecjundiai.com.br\/news\/wp-json\/wp\/v2\/users\/27"}],"replies":[{"embeddable":true,"href":"https:\/\/tvtecjundiai.com.br\/news\/wp-json\/wp\/v2\/comments?post=90682"}],"version-history":[{"count":1,"href":"https:\/\/tvtecjundiai.com.br\/news\/wp-json\/wp\/v2\/posts\/90682\/revisions"}],"predecessor-version":[{"id":90684,"href":"https:\/\/tvtecjundiai.com.br\/news\/wp-json\/wp\/v2\/posts\/90682\/revisions\/90684"}],"wp:featuredmedia":[{"embeddable":true,"href":"https:\/\/tvtecjundiai.com.br\/news\/wp-json\/wp\/v2\/media\/90683"}],"wp:attachment":[{"href":"https:\/\/tvtecjundiai.com.br\/news\/wp-json\/wp\/v2\/media?parent=90682"}],"wp:term":[{"taxonomy":"category","embeddable":true,"href":"https:\/\/tvtecjundiai.com.br\/news\/wp-json\/wp\/v2\/categories?post=90682"},{"taxonomy":"post_tag","embeddable":true,"href":"https:\/\/tvtecjundiai.com.br\/news\/wp-json\/wp\/v2\/tags?post=90682"}],"curies":[{"name":"wp","href":"https:\/\/api.w.org\/{rel}","templated":true}]}}