{"id":90717,"date":"2022-03-27T10:58:03","date_gmt":"2022-03-27T13:58:03","guid":{"rendered":"https:\/\/tvtecjundiai.com.br\/news\/?p=90717"},"modified":"2022-03-27T10:58:08","modified_gmt":"2022-03-27T13:58:08","slug":"programacao-de-abril-do-polytheama-traz-apresentacoes-do-enredanca-e-outras-atracoes-diversificadas","status":"publish","type":"post","link":"https:\/\/tvtecjundiai.com.br\/news\/2022\/03\/27\/programacao-de-abril-do-polytheama-traz-apresentacoes-do-enredanca-e-outras-atracoes-diversificadas\/","title":{"rendered":"Programa\u00e7\u00e3o de abril do Polytheama traz apresenta\u00e7\u00f5es do \u2018Enredan\u00e7a\u2019 e outras atra\u00e7\u00f5es diversificadas"},"content":{"rendered":"\n<p>A programa\u00e7\u00e3o do Teatro Polytheama em abril traz uma s\u00e9rie diversificada de espet\u00e1culos, em que a Dan\u00e7a ganha destaque especial, com as apresenta\u00e7\u00f5es competitivas da&nbsp;<a href=\"https:\/\/cultura.jundiai.sp.gov.br\/enredanca\/\" target=\"_blank\" rel=\"noreferrer noopener\">24\u00aa edi\u00e7\u00e3o do Enredan\u00e7a<\/a>. No palco do Teatro, as atra\u00e7\u00f5es v\u00e3o de 16 a 24 de abril, quando ser\u00e3o tamb\u00e9m realizadas a Matin\u00ea e a Noite de Gala, com as premia\u00e7\u00f5es para os melhores bailarinos, revela\u00e7\u00f5es, conjunto e coreografia de 2022, marcando o encerramento de um dos mais tradicionais festivais do pa\u00eds.<\/p>\n\n\n\n<p>Al\u00e9m do Enredan\u00e7a, a programa\u00e7\u00e3o traz como atra\u00e7\u00f5es gratuitas o espet\u00e1culo de m\u00fasica erudita \u201cCl\u00e1ssicos com Jean William e Rafael Altro\u201d e a edi\u00e7\u00e3o tem\u00e1tica mensal do \u201cM\u00fasica &amp; Hist\u00f3rias\u201d, proposta pela Unidade de Gest\u00e3o de Cultura (UGC), com performances de m\u00fasicos, atores e bailarinos de Jundia\u00ed e regi\u00e3o, no dia 28 de abril.<\/p>\n\n\n\n<figure class=\"wp-block-image\"><img decoding=\"async\" src=\"https:\/\/jundiai.sp.gov.br\/noticias\/wp-content\/uploads\/sites\/32\/2022\/03\/enredanca_polytheama-9.jpg\" alt=\"\" class=\"wp-image-288719\" \/><\/figure>\n\n\n\n<p>O p\u00fablico poder\u00e1 conferir, ainda em abril, o \u201cShow Solo\u201d, stand-up com Afonso Padilha; dois espet\u00e1culos sacros: o musical \u201c La Piet\u00e1\u201d, e o teatral \u201cMem\u00f3rias de Maria\u201d; o cl\u00e1ssico machadiano \u201cDom Casmurro\u201d; a programa\u00e7\u00e3o especial do Dia Internacional da Dan\u00e7a; e, para fechar o m\u00eas, a apresenta\u00e7\u00e3o do Quarteto Carlos Gomes, dentro da s\u00e9rie Concertos Astra Finamax.<\/p>\n\n\n\n<p>A bilheteria on-line do Teatro \u00e9 pela&nbsp;<a href=\"https:\/\/www.sympla.com.br\/\" target=\"_blank\" rel=\"noreferrer noopener\">plataforma Sympla<\/a>. J\u00e1 a bilheteria f\u00edsica funciona de ter\u00e7a a sexta-feira, das 10h \u00e0s 20h. Aos s\u00e1bados, domingos e feriados, a bilheteria funciona somente se houver espet\u00e1culo programado. Das 10h \u00e0s 17h ficam dispon\u00edveis os ingressos da agenda cultural em geral. J\u00e1 a partir desse hor\u00e1rio, ficam dispon\u00edveis somente os ingressos do espet\u00e1culo programado para o dia.<\/p>\n\n\n\n<p>O Teatro Polytheama fica na Rua Bar\u00e3o de Jundia\u00ed, 176, Centro. Mais informa\u00e7\u00f5es podem ser obtidas pelo telefone (11) 4586-2472.<\/p>\n\n\n\n<p>Confira a programa\u00e7\u00e3o completa:<\/p>\n\n\n\n<ul class=\"wp-block-list\"><li>Sexta-feira (01) \u2013 20h e 22h (extra)<br><strong>\u201cShow Solo\u201d com Afonso Padilha \u2013 GT Teatro<\/strong><br>Classifica\u00e7\u00e3o: 16 anos \/ Dura\u00e7\u00e3o: 70 minutos \/ G\u00eanero: Stand Up<br><a href=\"https:\/\/bileto.sympla.com.br\/event\/71602\/d\/126907\" target=\"_blank\" rel=\"noreferrer noopener\">Ingressos<\/a>: Todos os setores R$80,00<br>Descontos: Clube GT: 50% de desconto na compra de at\u00e9 02 ingressos. Clientes OBA: Desconto de 50% para a compra de at\u00e9 02 ingressos mediante a apresenta\u00e7\u00e3o do cupom fiscal (m\u00ednimo de R$30,00 reais). Descontos previstos por lei.<\/li><li>Domingo (03) \u2013 19h<br><strong>\u201cCl\u00e1ssicos com Jean William e Rafael Altro\u201d<\/strong><br>Classifica\u00e7\u00e3o: Livre \/ Dura\u00e7\u00e3o: 90 minutos \/ G\u00eanero: Erudito<br><a rel=\"noreferrer noopener\" href=\"https:\/\/bileto.sympla.com.br\/event\/72237\/d\/131529\" target=\"_blank\">Ingressos<\/a>: Entrada Franca.<\/li><li>Sexta-feira (08) \u2013 20h<br><strong>\u201cLa Piet\u00e0\u201d \u2013 Mitra Diocesana de Jundia\u00ed<\/strong><br>Classifica\u00e7\u00e3o: Livre \/ Dura\u00e7\u00e3o: 120 minutos \/ G\u00eanero: Musical<br>Ingressos: Entrada Franca.<\/li><li>S\u00e1bado (09) \u2013 20h e Domingo (10) \u2013 16h00<br><strong>\u201cMem\u00f3rias de Maria\u201d \u2013 Religarte<\/strong><br>Classifica\u00e7\u00e3o: Livre \/ Dura\u00e7\u00e3o: 80 minutos \/ G\u00eanero: Drama<br><a rel=\"noreferrer noopener\" href=\"https:\/\/bileto.sympla.com.br\/event\/71958\/d\/129842\" target=\"_blank\">Ingressos<\/a>: Todos os setores R$30,00<br>Descontos previstos por lei.<\/li><li><strong>De 12 a 26 de abril \u2013&nbsp;<a href=\"https:\/\/cultura.jundiai.sp.gov.br\/enredanca\/\" target=\"_blank\" rel=\"noreferrer noopener\">Programa\u00e7\u00e3o gratuita do 24\u00ba Festival Enredan\u00e7a<\/a><\/strong><\/li><li>Quarta-feira (27) \u2013 09h30 e 20h<br><strong>\u201cDom Casmurro\u201d \u2013 Cia. dos Tr\u00eas<\/strong><br>Classifica\u00e7\u00e3o: 12 anos \/ Dura\u00e7\u00e3o: 65 minutos \/ G\u00eanero: Romance \u2013 Realismo<br>Ingressos: Plateia R$50,00<br>Descontos: Grupos escolares \/ Projeto escola pagam R$18,00 para cada ingresso. Descontos previstos por lei.<\/li><li>Quinta-feira (28) \u2013 19h30<br><strong>\u201cM\u00fasica &amp; Hist\u00f3rias\u201d \u2013 Departamento de Cultura da Unidade de Gest\u00e3o de Cultura<\/strong><br>Classifica\u00e7\u00e3o: Livre \/ G\u00eanero: M\u00fasica, Teatro e Dan\u00e7a<br>Ingressos: Entrada Gratuita.<br>A distribui\u00e7\u00e3o ter\u00e1 in\u00edcio no dia 26\/04 a partir das 10:30 sendo na bilheteria do teatro e on-line, cada um ter\u00e1 direito a 02 ingressos por pessoa.<\/li><li>Sexta-feira (29)<br><strong>Dia Internacional da Dan\u00e7a<\/strong><\/li><li>S\u00e1bado (30) \u2013 20h<br><strong>\u201cConcertos Astra Finamax \u2013 24\u00aa Edi\u00e7\u00e3o Temporada 2022 \u2013 Quarteto Carlos Gomes\u201d \u2013 Atique &amp; Atique<\/strong><br>Classifica\u00e7\u00e3o: Livre \/ Dura\u00e7\u00e3o: 70 minutos \/ G\u00eanero: Concerto \u2013 M\u00fasica Erudita<br>Ingressos: Todos os setores R$10,00 (plateia, frisas, camarotes e arquibancada).<br>Descontos previstos por lei.<\/li><\/ul>\n\n\n\n<figure class=\"wp-block-image\"><img decoding=\"async\" src=\"https:\/\/jundiai.sp.gov.br\/noticias\/wp-content\/uploads\/sites\/32\/2022\/03\/espetaculo-cinderela_teatro-polytheama-39.jpg\" alt=\"\" class=\"wp-image-288720\" \/><figcaption>Os ingressos para as atra\u00e7\u00f5es podem ser adquiridos pela plataforma Sympla ou na bilheteria do Teatro<\/figcaption><\/figure>\n\n\n\n<p><em>Fonte: Prefeitura de Jundia\u00ed<\/em><\/p>\n","protected":false},"excerpt":{"rendered":"<p>No palco do Teatro, as atra\u00e7\u00f5es v\u00e3o de 16 a 24 de abril, quando ser\u00e3o tamb\u00e9m realizadas a Matin\u00ea e a Noite de Gala<\/p>\n","protected":false},"author":9,"featured_media":90718,"comment_status":"closed","ping_status":"closed","sticky":false,"template":"","format":"standard","meta":{"footnotes":""},"categories":[2833,3076,8356,2824],"tags":[],"class_list":["post-90717","post","type-post","status-publish","format-standard","has-post-thumbnail","hentry","category-cultura","category-entretenimento","category-jundiai","category-variedades"],"_links":{"self":[{"href":"https:\/\/tvtecjundiai.com.br\/news\/wp-json\/wp\/v2\/posts\/90717","targetHints":{"allow":["GET"]}}],"collection":[{"href":"https:\/\/tvtecjundiai.com.br\/news\/wp-json\/wp\/v2\/posts"}],"about":[{"href":"https:\/\/tvtecjundiai.com.br\/news\/wp-json\/wp\/v2\/types\/post"}],"author":[{"embeddable":true,"href":"https:\/\/tvtecjundiai.com.br\/news\/wp-json\/wp\/v2\/users\/9"}],"replies":[{"embeddable":true,"href":"https:\/\/tvtecjundiai.com.br\/news\/wp-json\/wp\/v2\/comments?post=90717"}],"version-history":[{"count":1,"href":"https:\/\/tvtecjundiai.com.br\/news\/wp-json\/wp\/v2\/posts\/90717\/revisions"}],"predecessor-version":[{"id":90719,"href":"https:\/\/tvtecjundiai.com.br\/news\/wp-json\/wp\/v2\/posts\/90717\/revisions\/90719"}],"wp:featuredmedia":[{"embeddable":true,"href":"https:\/\/tvtecjundiai.com.br\/news\/wp-json\/wp\/v2\/media\/90718"}],"wp:attachment":[{"href":"https:\/\/tvtecjundiai.com.br\/news\/wp-json\/wp\/v2\/media?parent=90717"}],"wp:term":[{"taxonomy":"category","embeddable":true,"href":"https:\/\/tvtecjundiai.com.br\/news\/wp-json\/wp\/v2\/categories?post=90717"},{"taxonomy":"post_tag","embeddable":true,"href":"https:\/\/tvtecjundiai.com.br\/news\/wp-json\/wp\/v2\/tags?post=90717"}],"curies":[{"name":"wp","href":"https:\/\/api.w.org\/{rel}","templated":true}]}}