{"id":90723,"date":"2022-03-27T15:35:36","date_gmt":"2022-03-27T18:35:36","guid":{"rendered":"https:\/\/tvtecjundiai.com.br\/news\/?p=90723"},"modified":"2022-03-27T15:36:26","modified_gmt":"2022-03-27T18:36:26","slug":"90723","status":"publish","type":"post","link":"https:\/\/tvtecjundiai.com.br\/news\/2022\/03\/27\/90723\/","title":{"rendered":"\u2018Cultura nos Bairros\u2019 leva programa\u00e7\u00e3o especial ao Jardim Martins no dia do Teatro e do Circo"},"content":{"rendered":"\n<h2 class=\"wp-block-heading\"><\/h2>\n\n\n\n<p>Em celebra\u00e7\u00e3o ao dia Mundial do Teatro e do Circo, a Unidade de Gest\u00e3o de Cultura (UGC) realizou, neste domingo (27), a segunda edi\u00e7\u00e3o do \u201cCultura nos Bairros\u201d, no complexo esportivo Francisco \u00c1lvaro Siqueira Neto, no Jardim Martins. Com programa\u00e7\u00e3o voltada ao p\u00fablico infantil, a quadra do complexo recebeu diversas atra\u00e7\u00f5es com apresenta\u00e7\u00f5es teatrais.<\/p>\n\n\n\n<p>Al\u00e9m das atra\u00e7\u00f5es culturais programadas, foi montada uma minifeira gastron\u00f4mica com produtores do Varej\u00e3o Noturno, e venda de artesanato por conta dos artistas do programa \u201cJundia\u00ed feito \u00e0 m\u00e3o\u201d, em parceria com a Unidade de Gest\u00e3o de Agroneg\u00f3cio, Abastecimento e Turismo (UGAAT).<\/p>\n\n\n\n<p>As apresenta\u00e7\u00f5es ficaram por conta das companhias: Cia. Giro no Biombo, Dami\u00e3o e Cia., N\u00f3smesmos, Cia. T\u00e3o Distante de Artes, al\u00e9m de artistas independentes.<\/p>\n\n\n\n<figure class=\"wp-block-image\"><img decoding=\"async\" src=\"https:\/\/jundiai.sp.gov.br\/noticias\/wp-content\/uploads\/sites\/32\/2022\/03\/cultura-nos-bairros_cece-francisco-alvaro-63.jpg\" alt=\"\" class=\"wp-image-288942\" \/><figcaption>Lilian Gobbo acompanha as pe\u00e7as teatrais com as filhas L\u00edvia e Sophia<\/figcaption><\/figure>\n\n\n\n<p>A mam\u00e3e Lilian Oliveira Gobbo levou as filhas Sophia, de sete anos, e L\u00edvia, de tr\u00eas, para acompanhar as atra\u00e7\u00f5es. \u201cFomos convidados pelas professoras da escola e achei sensacional o evento. \u00c9 muito importante ter uma programa\u00e7\u00e3o voltada especificamente para as crian\u00e7as, pois elas se sentem atra\u00eddas para participar e isso tamb\u00e9m incentiva na parte da imagina\u00e7\u00e3o e criatividade\u201d, comenta.<\/p>\n\n\n\n<p>No espa\u00e7o tamb\u00e9m foi montada uma pequena biblioteca, com livros trazidos da Biblioteca Municipal Nelson Foot. O evento contou tamb\u00e9m com a parceria da Unidade de Gest\u00e3o de Esportes e Lazer<\/p>\n\n\n\n<p>O vice-prefeito, Gustavo Martinelli, esteve presente e levou os filhos Arthur e Manuella para se divertirem. \u201cJundia\u00ed \u00e9 a Cidade das Crian\u00e7as e este conceito de trazer a cultura para os bairros \u00e9 importante porque aproxima as pessoas. Temos que intensificar estas a\u00e7\u00f5es de levar as atividades para perto das casas das pessoas\u201d, comenta.<\/p>\n\n\n\n<figure class=\"wp-block-image\"><img decoding=\"async\" src=\"https:\/\/jundiai.sp.gov.br\/noticias\/wp-content\/uploads\/sites\/32\/2022\/03\/cultura-nos-bairros_cece-francisco-alvaro-73-1.jpg\" alt=\"\" class=\"wp-image-288943\" \/><figcaption>Vice-prefeito Gustavo Martinelli leva os filhos para conhecer a biblioteca infantil<\/figcaption><\/figure>\n\n\n\n<p><strong>Mais programa\u00e7\u00e3o<\/strong><br>A programa\u00e7\u00e3o da tarde traz o espet\u00e1culo circense \u201cQual \u00e9 a gra\u00e7a, palha\u00e7o?\u201d, com a companhia N\u00f3s mesmos. E o fechamento da programa\u00e7\u00e3o, a partir das 14h30, fica por conta da apresenta\u00e7\u00e3o teatral \u201cClowsci\u00eancia\u201d, da Cia. T\u00e3o Distante de Artes.<\/p>\n\n\n\n<p>\u201cNosso objetivo \u00e9 levar a Cultura at\u00e9 novos locais. \u00c9 importante lembrar que o \u2018Cultura nos Bairros\u2019 tamb\u00e9m contribui com os artistas locais, dando visibilidade e fomentando a gera\u00e7\u00e3o de renda. As companhias s\u00e3o escolhidas atrav\u00e9s de um edital p\u00fablico, o que significa que qualquer artista pode se inscrever e que as chances de participa\u00e7\u00e3o s\u00e3o iguais para todos\u201d, relata o diretor de Cultura da UGC, Jo\u00e3o Carlos de Luca.<\/p>\n\n\n\n<p>A iniciativa \u00e9 mensal e tem como objetivo levar programa\u00e7\u00e3o cultural a diversas regi\u00f5es da cidade. Al\u00e9m de complexos esportivos, o Cultura nos Bairros poder\u00e1 tamb\u00e9m ser realizado em pra\u00e7as e parques, de maneira alternada.<\/p>\n\n\n\n<figure class=\"wp-block-image\"><img decoding=\"async\" src=\"https:\/\/jundiai.sp.gov.br\/noticias\/wp-content\/uploads\/sites\/32\/2022\/03\/cultura-nos-bairros_cece-francisco-alvaro-138-1.jpg\" alt=\"\" class=\"wp-image-288944\" \/><figcaption>A Cia. Giro no Biombo realizou a primeira apresenta\u00e7\u00e3o do dia<\/figcaption><\/figure>\n\n\n\n<p><em>Fonte: Prefeitura de Jundia\u00ed<\/em><\/p>\n","protected":false},"excerpt":{"rendered":"<p>A quadra do complexo recebeu diversas atra\u00e7\u00f5es com apresenta\u00e7\u00f5es teatrais<\/p>\n","protected":false},"author":9,"featured_media":90724,"comment_status":"closed","ping_status":"closed","sticky":false,"template":"","format":"standard","meta":{"footnotes":""},"categories":[2833,8356],"tags":[],"class_list":["post-90723","post","type-post","status-publish","format-standard","has-post-thumbnail","hentry","category-cultura","category-jundiai"],"_links":{"self":[{"href":"https:\/\/tvtecjundiai.com.br\/news\/wp-json\/wp\/v2\/posts\/90723","targetHints":{"allow":["GET"]}}],"collection":[{"href":"https:\/\/tvtecjundiai.com.br\/news\/wp-json\/wp\/v2\/posts"}],"about":[{"href":"https:\/\/tvtecjundiai.com.br\/news\/wp-json\/wp\/v2\/types\/post"}],"author":[{"embeddable":true,"href":"https:\/\/tvtecjundiai.com.br\/news\/wp-json\/wp\/v2\/users\/9"}],"replies":[{"embeddable":true,"href":"https:\/\/tvtecjundiai.com.br\/news\/wp-json\/wp\/v2\/comments?post=90723"}],"version-history":[{"count":2,"href":"https:\/\/tvtecjundiai.com.br\/news\/wp-json\/wp\/v2\/posts\/90723\/revisions"}],"predecessor-version":[{"id":90726,"href":"https:\/\/tvtecjundiai.com.br\/news\/wp-json\/wp\/v2\/posts\/90723\/revisions\/90726"}],"wp:featuredmedia":[{"embeddable":true,"href":"https:\/\/tvtecjundiai.com.br\/news\/wp-json\/wp\/v2\/media\/90724"}],"wp:attachment":[{"href":"https:\/\/tvtecjundiai.com.br\/news\/wp-json\/wp\/v2\/media?parent=90723"}],"wp:term":[{"taxonomy":"category","embeddable":true,"href":"https:\/\/tvtecjundiai.com.br\/news\/wp-json\/wp\/v2\/categories?post=90723"},{"taxonomy":"post_tag","embeddable":true,"href":"https:\/\/tvtecjundiai.com.br\/news\/wp-json\/wp\/v2\/tags?post=90723"}],"curies":[{"name":"wp","href":"https:\/\/api.w.org\/{rel}","templated":true}]}}