{"id":90735,"date":"2022-03-28T09:44:11","date_gmt":"2022-03-28T12:44:11","guid":{"rendered":"https:\/\/tvtecjundiai.com.br\/news\/?p=90735"},"modified":"2022-03-28T09:44:17","modified_gmt":"2022-03-28T12:44:17","slug":"pinacoteca-recebe-a-mostra-biodiversidade-e-cultura-indigena-do-artista-elvis-da-silva","status":"publish","type":"post","link":"https:\/\/tvtecjundiai.com.br\/news\/2022\/03\/28\/pinacoteca-recebe-a-mostra-biodiversidade-e-cultura-indigena-do-artista-elvis-da-silva\/","title":{"rendered":"Pinacoteca recebe a mostra \u2018Biodiversidade e Cultura Ind\u00edgena\u2019, do artista Elvis da Silva"},"content":{"rendered":"\n<p>Para marcar as a\u00e7\u00f5es alusivas ao Dia do \u00cdndio, comemorado em 19 de abril, e dar visibilidade \u00e0 import\u00e2ncia da biodiversidade, a Unidade de Gest\u00e3o de Cultura (UGC) realiza na Pinacoteca Municipal Di\u00f3genes Duarte Paes a exposi\u00e7\u00e3o \u201cBiodiversidade e Cultura Ind\u00edgena\u201d. Reunindo as obras do artista pl\u00e1stico Elvis da Silva, a exposi\u00e7\u00e3o fica aberta com entrada gratuita entre os dias 02 de abril a 1\u00ba de maio.<\/p>\n\n\n\n<p>Na noite de 1\u00ba de abril, \u00e0s 19h, est\u00e1 programado o vernissage da exposi\u00e7\u00e3o, com presen\u00e7a confirmada do artista, que exp\u00f5e pela primeira vez na Pinacoteca.<\/p>\n\n\n\n<p>O artista traz para Jundia\u00ed o resultado de suas constantes pesquisas com diversas tintas e pigmentos acr\u00edlicos, bem como aquarelas, \u00f3leos, nanquim, grafite e mosaico, tendo sempre a sua percep\u00e7\u00e3o atrav\u00e9s da cor.<\/p>\n\n\n\n<p>Elvis da Silva \u00e9 o idealizador de uma t\u00e9cnica de pintura que une cada vez mais os la\u00e7os da ci\u00eancia e da arte. A t\u00e9cnica intitulada \u201cTOE\u201d (t\u00e9cnica de observa\u00e7\u00e3o no escuro), consiste em ativar, por meio de cores vibrantes, as c\u00e9lulas-cones respons\u00e1veis pela interpreta\u00e7\u00e3o de cores, propiciando a ocorr\u00eancia de alguns fen\u00f4menos \u00f3ticos quando da fixa\u00e7\u00e3o do olhar em um ambiente de penumbra.<\/p>\n\n\n\n<figure class=\"wp-block-image\"><a href=\"https:\/\/jundiai.sp.gov.br\/noticias\/wp-content\/uploads\/sites\/32\/2022\/03\/biodiversidade-e-cultura-indigena-1.jpeg\"><img decoding=\"async\" src=\"https:\/\/jundiai.sp.gov.br\/noticias\/wp-content\/uploads\/sites\/32\/2022\/03\/biodiversidade-e-cultura-indigena-1-705x960.jpeg\" alt=\"\" class=\"wp-image-288769\" \/><\/a><figcaption>Exposi\u00e7\u00e3o faz uma alus\u00e3o ao Dia do \u00cdndio e \u00e0 import\u00e2ncia da biodiversidade,<\/figcaption><\/figure>\n\n\n\n<p><strong>O artista<\/strong><br>Natural de Pirassununga, Elvis da Silva trabalha na \u00e1rea das Ci\u00eancias Sociais, \u00fanico artista do pa\u00eds a trabalhar os temas da lei 10.639, que inclui no curr\u00edculo oficial da Rede de Ensino a obrigatoriedade da tem\u00e1tica \u201cHist\u00f3ria e Cultura Afro-Brasileira\u201d, e 11.645, que tornou obrigat\u00f3rio o estudo da hist\u00f3ria e cultura ind\u00edgena e afrobrasileira nos estabelecimentos de ensino fundamental e m\u00e9dio, antes da cria\u00e7\u00e3o destas, respectivamente em 2003 e 2008.<\/p>\n\n\n\n<p>Tem ainda trabalhos em artes visuais, livros, estampas, exposi\u00e7\u00f5es, palestras em escolas e museus, e trabalhos sobre o Patrim\u00f4nio Hist\u00f3rico. Possui 60 obras como acervo permanente da Unicamp e 10 no Museu de Arte Contempor\u00e2nea de Campinas. Tem participa\u00e7\u00e3o em quatro livros did\u00e1ticos, \u00e9 autor de dois livros paradid\u00e1ticos lan\u00e7ados pela IBEP.<\/p>\n\n\n\n<p>Seu trabalho de Artes visuais e suas palestras relacionam-se a a\u00e7\u00f5es etnicorraciais e o racismo dentro das escolas do Brasil. Possui um dos maiores acervos pintados da Am\u00e9rica sobre Cultura Negra. Em Jundia\u00ed, Elvis j\u00e1 exp\u00f4s h\u00e1 alguns anos no Museu Hist\u00f3rico e Cultural \u2013 Solar do Bar\u00e3o e no Poupatempo.<\/p>\n\n\n\n<p>A Pinacoteca Municipal Di\u00f3genes Duarte Paes est\u00e1 localizada no Centro Jundiaiense de Cultura Josefina Rodrigues da Silva (Jorosil), \u00e0 rua Bar\u00e3o de Jundia\u00ed, 109, Centro. O hor\u00e1rio de visita\u00e7\u00e3o \u00e9 de ter\u00e7a a domingo, das 10h \u00e0s 17h, com entrada franca. Mais informa\u00e7\u00f5es pelo telefone 4586-2326.<\/p>\n\n\n\n<figure class=\"wp-block-image\"><img decoding=\"async\" src=\"https:\/\/jundiai.sp.gov.br\/noticias\/wp-content\/uploads\/sites\/32\/2022\/03\/pinacoteca-6.jpg\" alt=\"\" class=\"wp-image-288767\" \/><figcaption>A Pinacoteca fica na rua Bar\u00e3o de Jundia\u00ed, 109, Centro, e fica aberta para visita\u00e7\u00e3o gratuita de ter\u00e7a a domingo, das 10h \u00e0s 17h<\/figcaption><\/figure>\n\n\n\n<p><em><strong>(Fonte: Prefeitura de Jundia\u00ed\/Imagem: Divulga\u00e7\u00e3o)<\/strong><\/em><\/p>\n","protected":false},"excerpt":{"rendered":"<p>A exposi\u00e7\u00e3o fica aberta com entrada gratuita entre os dias 02 de abril a 1\u00ba de maio.<\/p>\n","protected":false},"author":27,"featured_media":90738,"comment_status":"closed","ping_status":"closed","sticky":false,"template":"","format":"standard","meta":{"footnotes":""},"categories":[2833,8356],"tags":[],"class_list":["post-90735","post","type-post","status-publish","format-standard","has-post-thumbnail","hentry","category-cultura","category-jundiai"],"_links":{"self":[{"href":"https:\/\/tvtecjundiai.com.br\/news\/wp-json\/wp\/v2\/posts\/90735","targetHints":{"allow":["GET"]}}],"collection":[{"href":"https:\/\/tvtecjundiai.com.br\/news\/wp-json\/wp\/v2\/posts"}],"about":[{"href":"https:\/\/tvtecjundiai.com.br\/news\/wp-json\/wp\/v2\/types\/post"}],"author":[{"embeddable":true,"href":"https:\/\/tvtecjundiai.com.br\/news\/wp-json\/wp\/v2\/users\/27"}],"replies":[{"embeddable":true,"href":"https:\/\/tvtecjundiai.com.br\/news\/wp-json\/wp\/v2\/comments?post=90735"}],"version-history":[{"count":1,"href":"https:\/\/tvtecjundiai.com.br\/news\/wp-json\/wp\/v2\/posts\/90735\/revisions"}],"predecessor-version":[{"id":90739,"href":"https:\/\/tvtecjundiai.com.br\/news\/wp-json\/wp\/v2\/posts\/90735\/revisions\/90739"}],"wp:featuredmedia":[{"embeddable":true,"href":"https:\/\/tvtecjundiai.com.br\/news\/wp-json\/wp\/v2\/media\/90738"}],"wp:attachment":[{"href":"https:\/\/tvtecjundiai.com.br\/news\/wp-json\/wp\/v2\/media?parent=90735"}],"wp:term":[{"taxonomy":"category","embeddable":true,"href":"https:\/\/tvtecjundiai.com.br\/news\/wp-json\/wp\/v2\/categories?post=90735"},{"taxonomy":"post_tag","embeddable":true,"href":"https:\/\/tvtecjundiai.com.br\/news\/wp-json\/wp\/v2\/tags?post=90735"}],"curies":[{"name":"wp","href":"https:\/\/api.w.org\/{rel}","templated":true}]}}