{"id":90757,"date":"2022-03-28T15:54:06","date_gmt":"2022-03-28T18:54:06","guid":{"rendered":"https:\/\/tvtecjundiai.com.br\/news\/?p=90757"},"modified":"2022-03-28T15:54:07","modified_gmt":"2022-03-28T18:54:07","slug":"com-falta-de-emprego-formal-brasil-bate-recorde-de-abertura-de-empresas-em-2021","status":"publish","type":"post","link":"https:\/\/tvtecjundiai.com.br\/news\/2022\/03\/28\/com-falta-de-emprego-formal-brasil-bate-recorde-de-abertura-de-empresas-em-2021\/","title":{"rendered":"Com falta de emprego formal, Brasil bate recorde de abertura de empresas em 2021"},"content":{"rendered":"\n<p>Nunca houve tanta empresa nova no pa\u00eds como em 2021. Mais de 4 milh\u00f5es de companhias estrearam no ano passado, um recorde da s\u00e9rie iniciada em 1931, revela o Mapa de Empresas do Minist\u00e9rio da Economia. Isso representa um avan\u00e7o de 20%, ou 670 mil novas empresas formais, em rela\u00e7\u00e3o ao resultado de 2020.<\/p>\n\n\n\n<p>\u201cPor esses n\u00fameros, parece que o Brasil virou um celeiro de empreendedores\u201d, afirma o economista Luiz Rabi, da Serasa Experian. Os n\u00fameros a que ele faz refer\u00eancia s\u00e3o os da Serasa. A empresa tamb\u00e9m apura um indicador de nascimento de empresas cujos resultados s\u00e3o muito pr\u00f3ximos dos dados do governo federal.<\/p>\n\n\n\n<p>Mas, na avalia\u00e7\u00e3o de Rabi e do economista especializado em emprego Bruno Imaizumi, da LCA Consultores, o que realmente vem impulsionando a abertura de empresas no Pa\u00eds \u00e9 a fraqueza do mercado de trabalho para gerar vagas formais, com carteira assinada.<\/p>\n\n\n\n<div class=\"wp-block-image\"><figure class=\"aligncenter size-large\"><img loading=\"lazy\" decoding=\"async\" width=\"1200\" height=\"800\" src=\"https:\/\/tvtecjundiai.com.br\/news\/wp-content\/uploads\/sites\/2\/2022\/02\/empreendedorismo-3-1200x800.jpg\" alt=\"\" class=\"wp-image-88365\" srcset=\"https:\/\/tvtecjundiai.com.br\/news\/wp-content\/uploads\/sites\/2\/2022\/02\/empreendedorismo-3-1200x800.jpg 1200w, https:\/\/tvtecjundiai.com.br\/news\/wp-content\/uploads\/sites\/2\/2022\/02\/empreendedorismo-3-300x200.jpg 300w, https:\/\/tvtecjundiai.com.br\/news\/wp-content\/uploads\/sites\/2\/2022\/02\/empreendedorismo-3-768x512.jpg 768w, https:\/\/tvtecjundiai.com.br\/news\/wp-content\/uploads\/sites\/2\/2022\/02\/empreendedorismo-3.jpg 1280w\" sizes=\"auto, (max-width: 1200px) 100vw, 1200px\" \/><\/figure><\/div>\n\n\n\n<p>Faz tempo que os brasileiros convivem com uma taxa de desemprego elevada. Desde de 2016, a desocupa\u00e7\u00e3o tem ficado acima de 10% a cada trimestre, aponta o Instituto Brasileiro de Geografia e Estat\u00edstica (IBGE). No primeiro trimestre de 2021, beirou 15% e, de l\u00e1 para c\u00e1, veio caindo. Mesmo assim, no trimestre encerrado em janeiro, o \u00faltimo dado dispon\u00edvel, o desemprego ficou em 11,2%.<\/p>\n\n\n\n<p>Para Imaizumi, a dificuldade de encontrar um emprego formal e obter renda aparece n\u00e3o s\u00f3 na taxa de desemprego, mas nas marcas recordes de 12,5 milh\u00f5es de trabalhadores no setor privado sem carteira e em 25 milh\u00f5es que exercem atividades por conta pr\u00f3pria. E parte dessas pessoas acabam virando empreendedores para sobreviver.<\/p>\n\n\n\n<p>O avan\u00e7o do \u201cempreendedorismo de necessidade\u201d \u00e9 n\u00edtido tanto nos dados de abertura de empresas da Serasa como na pesquisa do governo federal. Em ambos os levantamentos, a maior parte das companhias abertas \u00e9 de uma pessoa s\u00f3 ou, no m\u00e1ximo, com mais um funcion\u00e1rio.<\/p>\n\n\n\n<p>De cada dez empresas que iniciaram atividades no ano passado, quase oito foram Microempreendedores Individuais (MEIs). \u00c9 bom lembrar que essa modalidade de empresa teve tamb\u00e9m a abertura muito facilitada pela redu\u00e7\u00e3o da burocracia, o que pode ter ajudado a engrossar esse movimento.<\/p>\n\n\n\n<p>Os MEIs, cujo limite de faturamento anual \u00e9 de R$ 81 mil, somaram 3,2 milh\u00f5es de novos CNPJs (Cadastro Nacional de Pessoa Jur\u00eddica) no ano passado, segundo a Serasa.<\/p>\n\n\n\n<p><strong><em>(Fonte: Estad\u00e3o\/Imagem: TVTEC Jundia\u00ed)<\/em><\/strong><\/p>\n","protected":false},"excerpt":{"rendered":"<p>Cria\u00e7\u00e3o de 4 milh\u00f5es de neg\u00f3cios no ano passado reflete sobretudo cria\u00e7\u00e3o de MEIs.<\/p>\n","protected":false},"author":25,"featured_media":88365,"comment_status":"closed","ping_status":"closed","sticky":false,"template":"","format":"standard","meta":{"footnotes":""},"categories":[1],"tags":[],"class_list":["post-90757","post","type-post","status-publish","format-standard","has-post-thumbnail","hentry","category-noticias"],"_links":{"self":[{"href":"https:\/\/tvtecjundiai.com.br\/news\/wp-json\/wp\/v2\/posts\/90757","targetHints":{"allow":["GET"]}}],"collection":[{"href":"https:\/\/tvtecjundiai.com.br\/news\/wp-json\/wp\/v2\/posts"}],"about":[{"href":"https:\/\/tvtecjundiai.com.br\/news\/wp-json\/wp\/v2\/types\/post"}],"author":[{"embeddable":true,"href":"https:\/\/tvtecjundiai.com.br\/news\/wp-json\/wp\/v2\/users\/25"}],"replies":[{"embeddable":true,"href":"https:\/\/tvtecjundiai.com.br\/news\/wp-json\/wp\/v2\/comments?post=90757"}],"version-history":[{"count":1,"href":"https:\/\/tvtecjundiai.com.br\/news\/wp-json\/wp\/v2\/posts\/90757\/revisions"}],"predecessor-version":[{"id":90759,"href":"https:\/\/tvtecjundiai.com.br\/news\/wp-json\/wp\/v2\/posts\/90757\/revisions\/90759"}],"wp:featuredmedia":[{"embeddable":true,"href":"https:\/\/tvtecjundiai.com.br\/news\/wp-json\/wp\/v2\/media\/88365"}],"wp:attachment":[{"href":"https:\/\/tvtecjundiai.com.br\/news\/wp-json\/wp\/v2\/media?parent=90757"}],"wp:term":[{"taxonomy":"category","embeddable":true,"href":"https:\/\/tvtecjundiai.com.br\/news\/wp-json\/wp\/v2\/categories?post=90757"},{"taxonomy":"post_tag","embeddable":true,"href":"https:\/\/tvtecjundiai.com.br\/news\/wp-json\/wp\/v2\/tags?post=90757"}],"curies":[{"name":"wp","href":"https:\/\/api.w.org\/{rel}","templated":true}]}}