{"id":90777,"date":"2022-03-29T08:48:38","date_gmt":"2022-03-29T11:48:38","guid":{"rendered":"https:\/\/tvtecjundiai.com.br\/news\/?p=90777"},"modified":"2022-03-29T08:48:43","modified_gmt":"2022-03-29T11:48:43","slug":"jundiai-realiza-1-forum-dos-conselhos-gestores-de-saude","status":"publish","type":"post","link":"https:\/\/tvtecjundiai.com.br\/news\/2022\/03\/29\/jundiai-realiza-1-forum-dos-conselhos-gestores-de-saude\/","title":{"rendered":"Jundia\u00ed realiza 1\u00b0 F\u00f3rum dos Conselhos Gestores de Sa\u00fade"},"content":{"rendered":"\n<p>Como forma de ampliar a integra\u00e7\u00e3o e participa\u00e7\u00e3o dos integrantes dos Conselhos Gestores dos Servi\u00e7os de Sa\u00fade de Jundia\u00ed, nesta segunda-feira (28), foi realizado o 1\u00ba F\u00f3rum dos Conselhos Municipais de Sa\u00fade, no audit\u00f3rio do Pa\u00e7o Municipal. O evento, realizado entre 13h e 17h, tamb\u00e9m teve a participa\u00e7\u00e3o dos representantes das diretorias da Unidade de Gest\u00e3o de Promo\u00e7\u00e3o da Sa\u00fade (UGSP).<\/p>\n\n\n\n<p>De acordo com o gestor da Unidade de Gest\u00e3o de Promo\u00e7\u00e3o da Sa\u00fade (UGPS) Tiago Texera, o evento faz parte do Plano Municipal de Sa\u00fade. \u201cNo plano constam todas as a\u00e7\u00f5es, iniciativas e investimentos previstos para o ano na \u00e1rea de Sa\u00fade. A realiza\u00e7\u00e3o do F\u00f3rum faz parte das ferramentas para a apresenta\u00e7\u00e3o de todo o complexo de atendimento em Sa\u00fade p\u00fablica de Jundia\u00ed\u201d, comenta.<\/p>\n\n\n\n<figure class=\"wp-block-image size-large\"><img loading=\"lazy\" decoding=\"async\" width=\"1200\" height=\"801\" src=\"https:\/\/tvtecjundiai.com.br\/news\/wp-content\/uploads\/sites\/2\/2022\/03\/forum-conselhos-gestores-saude-locais-11-1200x801.jpg\" alt=\"\" class=\"wp-image-90778\" srcset=\"https:\/\/tvtecjundiai.com.br\/news\/wp-content\/uploads\/sites\/2\/2022\/03\/forum-conselhos-gestores-saude-locais-11-1200x801.jpg 1200w, https:\/\/tvtecjundiai.com.br\/news\/wp-content\/uploads\/sites\/2\/2022\/03\/forum-conselhos-gestores-saude-locais-11-300x200.jpg 300w, https:\/\/tvtecjundiai.com.br\/news\/wp-content\/uploads\/sites\/2\/2022\/03\/forum-conselhos-gestores-saude-locais-11-768x512.jpg 768w, https:\/\/tvtecjundiai.com.br\/news\/wp-content\/uploads\/sites\/2\/2022\/03\/forum-conselhos-gestores-saude-locais-11.jpg 1280w\" sizes=\"auto, (max-width: 1200px) 100vw, 1200px\" \/><figcaption>Reuni\u00e3o foi realizada no audit\u00f3rio do Pa\u00e7o Municipal, na tarde desta segunda-feira (28)<\/figcaption><\/figure>\n\n\n\n<p>Al\u00e9m dos representantes das diretorias que comp\u00f5em a UGPS, os conselheiros das Unidades B\u00e1sicas de Sa\u00fade, dos ambulat\u00f3rios e demais servi\u00e7os puderam tirar d\u00favidas sobre os fluxos de atendimento, demanda p\u00f3s-pandemia COVID-19 e Hospital Regional.<\/p>\n\n\n\n<p><em><strong>(Fonte\/Imagem: Prefeitura de Jundia\u00ed)<\/strong><\/em><\/p>\n","protected":false},"excerpt":{"rendered":"<p>Evento realizado nesta segunda-feira (28) faz parte do Plano Municipal de Sa\u00fade<\/p>\n","protected":false},"author":30,"featured_media":90778,"comment_status":"closed","ping_status":"closed","sticky":false,"template":"","format":"standard","meta":{"footnotes":""},"categories":[8357,8356,1,2839],"tags":[],"class_list":["post-90777","post","type-post","status-publish","format-standard","has-post-thumbnail","hentry","category-gestao","category-jundiai","category-noticias","category-saude"],"_links":{"self":[{"href":"https:\/\/tvtecjundiai.com.br\/news\/wp-json\/wp\/v2\/posts\/90777","targetHints":{"allow":["GET"]}}],"collection":[{"href":"https:\/\/tvtecjundiai.com.br\/news\/wp-json\/wp\/v2\/posts"}],"about":[{"href":"https:\/\/tvtecjundiai.com.br\/news\/wp-json\/wp\/v2\/types\/post"}],"author":[{"embeddable":true,"href":"https:\/\/tvtecjundiai.com.br\/news\/wp-json\/wp\/v2\/users\/30"}],"replies":[{"embeddable":true,"href":"https:\/\/tvtecjundiai.com.br\/news\/wp-json\/wp\/v2\/comments?post=90777"}],"version-history":[{"count":1,"href":"https:\/\/tvtecjundiai.com.br\/news\/wp-json\/wp\/v2\/posts\/90777\/revisions"}],"predecessor-version":[{"id":90779,"href":"https:\/\/tvtecjundiai.com.br\/news\/wp-json\/wp\/v2\/posts\/90777\/revisions\/90779"}],"wp:featuredmedia":[{"embeddable":true,"href":"https:\/\/tvtecjundiai.com.br\/news\/wp-json\/wp\/v2\/media\/90778"}],"wp:attachment":[{"href":"https:\/\/tvtecjundiai.com.br\/news\/wp-json\/wp\/v2\/media?parent=90777"}],"wp:term":[{"taxonomy":"category","embeddable":true,"href":"https:\/\/tvtecjundiai.com.br\/news\/wp-json\/wp\/v2\/categories?post=90777"},{"taxonomy":"post_tag","embeddable":true,"href":"https:\/\/tvtecjundiai.com.br\/news\/wp-json\/wp\/v2\/tags?post=90777"}],"curies":[{"name":"wp","href":"https:\/\/api.w.org\/{rel}","templated":true}]}}