{"id":9080,"date":"2018-04-20T07:52:20","date_gmt":"2018-04-20T10:52:20","guid":{"rendered":"https:\/\/tvtecjundiai.com.br\/news\/?p=9080"},"modified":"2018-04-20T07:52:20","modified_gmt":"2018-04-20T10:52:20","slug":"vila-dos-idosos-comemora-10-anos-com-homenagem-a-ary-fossen","status":"publish","type":"post","link":"https:\/\/tvtecjundiai.com.br\/news\/2018\/04\/20\/vila-dos-idosos-comemora-10-anos-com-homenagem-a-ary-fossen\/","title":{"rendered":"Vila dos Idosos comemora 10 anos com homenagem a Ary Fossen"},"content":{"rendered":"<p>O Centro Comunit\u00e1rio\u00a0Jos\u00e9 Norberto Brunelli, no bairro Fazenda Grande, nesta quinta-feira (19), marcou os 10 anos da Vila dos Idosos, equipamento municipal composto por 22 unidades residenciais projetadas para atender \u00e0s necessidades da terceira idade (incluindo a localiza\u00e7\u00e3o estrat\u00e9gica, pr\u00f3xima \u00e0 Unidade B\u00e1sica de Sa\u00fade do bairro).<\/p>\n<div id=\"attachment_9081\" style=\"width: 376px\" class=\"wp-caption alignleft\"><a href=\"https:\/\/tvtecjundiai.com.br\/news\/wp-content\/uploads\/sites\/2\/2018\/04\/vila-dos-idosos-3.jpg\"><img loading=\"lazy\" decoding=\"async\" aria-describedby=\"caption-attachment-9081\" class=\"wp-image-9081\" src=\"https:\/\/tvtecjundiai.com.br\/news\/wp-content\/uploads\/sites\/2\/2018\/04\/vila-dos-idosos-3-300x223.jpg\" alt=\"\" width=\"366\" height=\"272\" srcset=\"https:\/\/tvtecjundiai.com.br\/news\/wp-content\/uploads\/sites\/2\/2018\/04\/vila-dos-idosos-3-300x223.jpg 300w, https:\/\/tvtecjundiai.com.br\/news\/wp-content\/uploads\/sites\/2\/2018\/04\/vila-dos-idosos-3-768x570.jpg 768w, https:\/\/tvtecjundiai.com.br\/news\/wp-content\/uploads\/sites\/2\/2018\/04\/vila-dos-idosos-3-1200x891.jpg 1200w, https:\/\/tvtecjundiai.com.br\/news\/wp-content\/uploads\/sites\/2\/2018\/04\/vila-dos-idosos-3.jpg 1240w\" sizes=\"auto, (max-width: 366px) 100vw, 366px\" \/><\/a><p id=\"caption-attachment-9081\" class=\"wp-caption-text\">Em comemora\u00e7\u00e3o, o prefeito Luiz Fernando Machado ressaltou a import\u00e2ncia do trabalho e do local para os idosos<\/p><\/div>\n<p>Presente \u00e0 festa, o prefeito Luiz Fernando Machado destacou a import\u00e2ncia do local para os moradores e lembrou o trabalho do ex-prefeito e deputado Ary Fossen, que morreu em 2012. \u201cO legado dele est\u00e1 em cada canto de Jundia\u00ed e vemos isso pela quantidade de homenagens atribu\u00eddas a ele. A Vila dos Idosos tamb\u00e9m \u00e9 um pedacinho do trabalho dele e trouxe dignidade a estas pessoas, que h\u00e1 10 anos receberam um lar e o conservam com todo amor e carinho. Esta \u00e9 a melhor homenagem que se pode prestar ao Ary\u201d, disse o chefe do Executivo.<\/p>\n<p>Coube \u00e0 Funda\u00e7\u00e3o Municipal de A\u00e7\u00e3o Social (FUMAS) sua implanta\u00e7\u00e3o h\u00e1 10 anos e tamb\u00e9m a manuten\u00e7\u00e3o do espa\u00e7o, trabalho hoje dividido com as Unidades de Gest\u00e3o de A\u00e7\u00e3o e Desenvolvimento Social (UGADS) e Promo\u00e7\u00e3o da Sa\u00fade (UGPS), que cuidam respectivamente da administra\u00e7\u00e3o da Vila e do atendimento \u00e0 sa\u00fade dos idosos.<\/p>\n<p>O objetivo do espa\u00e7o \u00e9 oferecer moradia at\u00e9 o fim da vida aos idosos em regime de permiss\u00e3o, ou at\u00e9 quando tiverem capacidade para viver de forma independente. \u201cQuando o morador morre ou, no caso de ter de voltar a morar com a fam\u00edlia, a casa desocupada volta para o Poder P\u00fablico e \u00e9 oferecida a outro idoso, de forma c\u00edclica\u201d, explica a superintendente da FUMAS, Solange Marques.<\/p>\n<p>O evento de hoje homenageou o ex-prefeito Ary Fossen, cujo nome foi indicado pelos pr\u00f3prios moradores para batizar o espa\u00e7o. \u201cSomos muito gratos ao Seu Ary por ter tido uma preocupa\u00e7\u00e3o especial com os idosos. Usar o nome dele para denominar a Vila \u00e9 algo que todos concordamos aqui\u201d, comentou S\u00e9rgio Sanches Infante, que mudou-se com a esposa Maria Jos\u00e9 para o local desde sua inaugura\u00e7\u00e3o. Al\u00e9m dele e da esposa, outras nove resid\u00eancias ainda s\u00e3o ocupadas pelos mesmos moradores h\u00e1 10 aos.<\/p>\n<p><em>(Fonte: Prefeitura de Jundia\u00ed)<\/em><\/p>\n","protected":false},"excerpt":{"rendered":"<p>O local \u00e9 um trabalho conjunto entre a Prefeitura de Jundia\u00ed e o Conselho Municipal do Idoso<\/p>\n","protected":false},"author":11,"featured_media":9081,"comment_status":"closed","ping_status":"closed","sticky":false,"template":"","format":"standard","meta":{"footnotes":""},"categories":[2834,1],"tags":[2906,2907,2904,2112,2864,1775,556,2905],"class_list":["post-9080","post","type-post","status-publish","format-standard","has-post-thumbnail","hentry","category-cidades","category-noticias","tag-10-anos","tag-ary-fossen","tag-centro-comunitario-jose-roberto-brunelli","tag-cidades","tag-comemoracao","tag-homenagem","tag-noticias","tag-vila-dos-idosos"],"_links":{"self":[{"href":"https:\/\/tvtecjundiai.com.br\/news\/wp-json\/wp\/v2\/posts\/9080","targetHints":{"allow":["GET"]}}],"collection":[{"href":"https:\/\/tvtecjundiai.com.br\/news\/wp-json\/wp\/v2\/posts"}],"about":[{"href":"https:\/\/tvtecjundiai.com.br\/news\/wp-json\/wp\/v2\/types\/post"}],"author":[{"embeddable":true,"href":"https:\/\/tvtecjundiai.com.br\/news\/wp-json\/wp\/v2\/users\/11"}],"replies":[{"embeddable":true,"href":"https:\/\/tvtecjundiai.com.br\/news\/wp-json\/wp\/v2\/comments?post=9080"}],"version-history":[{"count":1,"href":"https:\/\/tvtecjundiai.com.br\/news\/wp-json\/wp\/v2\/posts\/9080\/revisions"}],"predecessor-version":[{"id":9082,"href":"https:\/\/tvtecjundiai.com.br\/news\/wp-json\/wp\/v2\/posts\/9080\/revisions\/9082"}],"wp:featuredmedia":[{"embeddable":true,"href":"https:\/\/tvtecjundiai.com.br\/news\/wp-json\/wp\/v2\/media\/9081"}],"wp:attachment":[{"href":"https:\/\/tvtecjundiai.com.br\/news\/wp-json\/wp\/v2\/media?parent=9080"}],"wp:term":[{"taxonomy":"category","embeddable":true,"href":"https:\/\/tvtecjundiai.com.br\/news\/wp-json\/wp\/v2\/categories?post=9080"},{"taxonomy":"post_tag","embeddable":true,"href":"https:\/\/tvtecjundiai.com.br\/news\/wp-json\/wp\/v2\/tags?post=9080"}],"curies":[{"name":"wp","href":"https:\/\/api.w.org\/{rel}","templated":true}]}}