{"id":90827,"date":"2022-03-29T17:49:00","date_gmt":"2022-03-29T20:49:00","guid":{"rendered":"https:\/\/tvtecjundiai.com.br\/news\/?p=90827"},"modified":"2022-03-29T17:49:04","modified_gmt":"2022-03-29T20:49:04","slug":"biblioteca-recebe-mostra-com-quadros-de-artista-jundiaiense-sobre-a-via-sacra-em-abril","status":"publish","type":"post","link":"https:\/\/tvtecjundiai.com.br\/news\/2022\/03\/29\/biblioteca-recebe-mostra-com-quadros-de-artista-jundiaiense-sobre-a-via-sacra-em-abril\/","title":{"rendered":"Biblioteca recebe mostra com quadros de artista jundiaiense sobre a Via Sacra em abril"},"content":{"rendered":"\n<p>A Biblioteca Municipal Professor Nelson Foot recebe nesta sexta-feira (01), \u00e0s 19h30, o vernissage da exposi\u00e7\u00e3o \u201cPorque Ele muito amou\u201d, da artista jundiaiense Isabel Lopes, com quadros que representam a Via Sacra. No total, ser\u00e3o expostos 15 quadros, produzidos com t\u00e9cnica de pintura sobre tela.<\/p>\n\n\n\n<p>Para a abertura, est\u00e3o programadas uma conversa da artista com os convidados presentes e uma apresenta\u00e7\u00e3o musical com o pianista Filipe Vaz.<\/p>\n\n\n\n<p><\/p>\n\n\n\n<figure class=\"wp-block-image size-full\"><img loading=\"lazy\" decoding=\"async\" width=\"1191\" height=\"960\" src=\"https:\/\/tvtecjundiai.com.br\/news\/wp-content\/uploads\/sites\/2\/2022\/03\/via-sacra-2-1191x960-1.jpg\" alt=\"\" class=\"wp-image-90828\" srcset=\"https:\/\/tvtecjundiai.com.br\/news\/wp-content\/uploads\/sites\/2\/2022\/03\/via-sacra-2-1191x960-1.jpg 1191w, https:\/\/tvtecjundiai.com.br\/news\/wp-content\/uploads\/sites\/2\/2022\/03\/via-sacra-2-1191x960-1-300x242.jpg 300w, https:\/\/tvtecjundiai.com.br\/news\/wp-content\/uploads\/sites\/2\/2022\/03\/via-sacra-2-1191x960-1-768x619.jpg 768w\" sizes=\"auto, (max-width: 1191px) 100vw, 1191px\" \/><figcaption>15 telas retratam a Via Sacra<br><\/figcaption><\/figure>\n\n\n\n<p>\u201cAs telas representam os passos de Jesus Cristo at\u00e9 a sua crucifica\u00e7\u00e3o, sepultamento e ressurrei\u00e7\u00e3o. De certa foram trata-se de uma exposi\u00e7\u00e3o in\u00e9dita. Os quadros j\u00e1 fizeram parte do acervo de uma par\u00f3quia da cidade, mas como exposi\u00e7\u00e3o esta \u00e9 a primeira. E a ideia \u00e9, a partir de agora, lev\u00e1-los para outros espa\u00e7os expositivos\u201d, comentou.<\/p>\n\n\n\n<p>\u201cPorque Ele muito amou\u201d segue para visita\u00e7\u00e3o gratuita no espa\u00e7o de exposi\u00e7\u00f5es S\u00f4nia Cintra at\u00e9 o dia 30 de abril, de segunda a sexta-feira, das 9h \u00e0s 21h, e aos s\u00e1bados das 9h \u00e0s 13h.<\/p>\n\n\n\n<p>A Biblioteca fica na avenida Dr. Cavalcanti, 396, Complexo Argos. Mais informa\u00e7\u00f5es pelo telefone 4527-2110.<\/p>\n\n\n\n<figure class=\"wp-block-image\"><img decoding=\"async\" src=\"https:\/\/jundiai.sp.gov.br\/noticias\/wp-content\/uploads\/sites\/32\/2022\/03\/biblioteca-municipal-nelson-foot-5.jpg\" alt=\"\" class=\"wp-image-289068\" \/><figcaption>Biblioteca funciona de segunda a sexta-feira, das 9h \u00e0s 21h, e aos s\u00e1bados das 9h \u00e0s 13h.<\/figcaption><\/figure>\n\n\n\n<p><em><strong>(Fonte: Prefeitura de Jundia\u00ed \/ Imagem: Divulga\u00e7\u00e3o)<\/strong><\/em><\/p>\n","protected":false},"excerpt":{"rendered":"<p>Os quadros j\u00e1 fizeram parte do acervo de uma par\u00f3quia da cidade, mas ser\u00e3o expostas pela primeira vez.<\/p>\n","protected":false},"author":27,"featured_media":90829,"comment_status":"closed","ping_status":"closed","sticky":false,"template":"","format":"standard","meta":{"footnotes":""},"categories":[2833,8356],"tags":[],"class_list":["post-90827","post","type-post","status-publish","format-standard","has-post-thumbnail","hentry","category-cultura","category-jundiai"],"_links":{"self":[{"href":"https:\/\/tvtecjundiai.com.br\/news\/wp-json\/wp\/v2\/posts\/90827","targetHints":{"allow":["GET"]}}],"collection":[{"href":"https:\/\/tvtecjundiai.com.br\/news\/wp-json\/wp\/v2\/posts"}],"about":[{"href":"https:\/\/tvtecjundiai.com.br\/news\/wp-json\/wp\/v2\/types\/post"}],"author":[{"embeddable":true,"href":"https:\/\/tvtecjundiai.com.br\/news\/wp-json\/wp\/v2\/users\/27"}],"replies":[{"embeddable":true,"href":"https:\/\/tvtecjundiai.com.br\/news\/wp-json\/wp\/v2\/comments?post=90827"}],"version-history":[{"count":1,"href":"https:\/\/tvtecjundiai.com.br\/news\/wp-json\/wp\/v2\/posts\/90827\/revisions"}],"predecessor-version":[{"id":90830,"href":"https:\/\/tvtecjundiai.com.br\/news\/wp-json\/wp\/v2\/posts\/90827\/revisions\/90830"}],"wp:featuredmedia":[{"embeddable":true,"href":"https:\/\/tvtecjundiai.com.br\/news\/wp-json\/wp\/v2\/media\/90829"}],"wp:attachment":[{"href":"https:\/\/tvtecjundiai.com.br\/news\/wp-json\/wp\/v2\/media?parent=90827"}],"wp:term":[{"taxonomy":"category","embeddable":true,"href":"https:\/\/tvtecjundiai.com.br\/news\/wp-json\/wp\/v2\/categories?post=90827"},{"taxonomy":"post_tag","embeddable":true,"href":"https:\/\/tvtecjundiai.com.br\/news\/wp-json\/wp\/v2\/tags?post=90827"}],"curies":[{"name":"wp","href":"https:\/\/api.w.org\/{rel}","templated":true}]}}