{"id":90840,"date":"2022-03-31T09:00:00","date_gmt":"2022-03-31T12:00:00","guid":{"rendered":"https:\/\/tvtecjundiai.com.br\/news\/?p=90840"},"modified":"2022-03-31T10:27:38","modified_gmt":"2022-03-31T13:27:38","slug":"projeto-guri-esta-com-inscricoes-abertas-ate-sexta-01-em-jundiai-1","status":"publish","type":"post","link":"https:\/\/tvtecjundiai.com.br\/news\/2022\/03\/31\/projeto-guri-esta-com-inscricoes-abertas-ate-sexta-01-em-jundiai-1\/","title":{"rendered":"Projeto Guri de Jundia\u00ed est\u00e1 com inscri\u00e7\u00f5es abertas at\u00e9 sexta-feira (01)"},"content":{"rendered":"\n<p>O <strong>Projeto Guri<\/strong>, programa de educa\u00e7\u00e3o musical e inclus\u00e3o sociocultural da Secretaria de Cultura e Economia Criativa do Governo do Estado de S\u00e3o Paulo, est\u00e1 aceitando matr\u00edculas at\u00e9 esta sexta-feira (01), para o Polo de Jundia\u00ed. As vagas s\u00e3o para crian\u00e7as, adolescentes e jovens de seis a 18 anos incompletos.<\/p>\n\n\n\n<p>O projeto atende gratuitamente mais de 60 mil crian\u00e7as em todo o estado. Em Jundia\u00ed, s\u00e3o oferecidas aulas para os cursos de inicia\u00e7\u00e3o musical, clarinete, contrabaixo ac\u00fastico, coral infantil, coral juvenil, obo\u00e9, euf\u00f4nio, flauta transversal, percuss\u00e3o, saxofone, trombone, trompa, trompete, tuba, viola, violino e violoncelo. <\/p>\n\n\n\n<div class=\"wp-block-image\"><figure class=\"aligncenter size-large is-resized\"><img loading=\"lazy\" decoding=\"async\" src=\"https:\/\/tvtecjundiai.com.br\/news\/wp-content\/uploads\/sites\/2\/2022\/03\/Alunos-do-Projeto-Guri-3-1200x801.jpg\" alt=\"\" class=\"wp-image-90850\" width=\"707\" height=\"471\" srcset=\"https:\/\/tvtecjundiai.com.br\/news\/wp-content\/uploads\/sites\/2\/2022\/03\/Alunos-do-Projeto-Guri-3-1200x801.jpg 1200w, https:\/\/tvtecjundiai.com.br\/news\/wp-content\/uploads\/sites\/2\/2022\/03\/Alunos-do-Projeto-Guri-3-300x200.jpg 300w, https:\/\/tvtecjundiai.com.br\/news\/wp-content\/uploads\/sites\/2\/2022\/03\/Alunos-do-Projeto-Guri-3-768x512.jpg 768w, https:\/\/tvtecjundiai.com.br\/news\/wp-content\/uploads\/sites\/2\/2022\/03\/Alunos-do-Projeto-Guri-3.jpg 1280w\" sizes=\"auto, (max-width: 707px) 100vw, 707px\" \/><\/figure><\/div>\n\n\n\n<p>O objetivo dos cursos \u00e9 proporcionar oportunidades de crescimento cultural e inclus\u00e3o social por meio de uma educa\u00e7\u00e3o musical de qualidade, apoiada por um trabalho social efetivo realizado nos 384 polos de ensino do Projeto Guri em todo o estado.<\/p>\n\n\n\n<p>O educador musical Vin\u00edcius Polezer Leite fala sobre os processos envolvidos nas aulas. &#8220;A inicia\u00e7\u00e3o musical \u00e9 uma aula de constru\u00e7\u00e3o do &#8216;gostar de m\u00fasica&#8217; e do entendimento musical, al\u00e9m da constru\u00e7\u00e3o da percep\u00e7\u00e3o. Nas aulas trabalhamos o ritmo, coordena\u00e7\u00e3o, e ajudamos a construir nas crian\u00e7as o interesse musical&#8221;, explica.<\/p>\n\n\n\n<p>O programa oferece <strong>2.485 vagas na regi\u00e3o de Jundia\u00ed<\/strong>, em cursos gratuitos de m\u00fasica para crian\u00e7as, adolescentes e jovens de seis a 18 anos incompletos. O processo \u00e9 realizado de maneira presencial na maioria das unidades.<\/p>\n\n\n\n<p>O Polo de Jundia\u00ed fica na rua Bar\u00e3o de Jundia\u00ed, 148, no Centro. &#8220;Basta vir pessoalmente, trazer a documenta\u00e7\u00e3o do respons\u00e1vel e do aluno interessado. A declara\u00e7\u00e3o escolar \u00e9 um documento importante e o comprovante de endere\u00e7o tamb\u00e9m,e assim a matr\u00edcula \u00e9 feita na hora&#8221;, diz a coordenadora do Polo de Jundia\u00ed, Benedita Rodrigues. <\/p>\n\n\n\n<p>N\u00e3o \u00e9 necess\u00e1rio conhecimentos pr\u00e9vios ou instrumento para participar, j\u00e1 que a unidade j\u00e1 possui os instrumentos para que os alunos possam praticar. &#8220;Alunos avan\u00e7ados tamb\u00e9m podem participar do projeto de empr\u00e9stimo de instrumentos, levando o instrumento do Projeto Guri para casa e estudando o ano inteiro&#8221;, explica Benedita.<\/p>\n\n\n\n<p>Para mais informa\u00e7\u00f5es, acesse o site: <a href=\"http:\/\/www.projetoguri.org.br\">http:\/\/www.projetoguri.org.br<\/a><\/p>\n\n\n\n<p><em><strong>(Fonte: TVTEC Jundia\u00ed\/Imagem: Secretaria de Cultura e Economia Criativa do Estado de SP)<\/strong><\/em><\/p>\n","protected":false},"excerpt":{"rendered":"<p>Vagas s\u00e3o para crian\u00e7as, adolescentes e jovens de seis a 18 anos incompletos<\/p>\n","protected":false},"author":30,"featured_media":90850,"comment_status":"closed","ping_status":"closed","sticky":false,"template":"","format":"standard","meta":{"footnotes":""},"categories":[2833,2828,8356,1],"tags":[],"class_list":["post-90840","post","type-post","status-publish","format-standard","has-post-thumbnail","hentry","category-cultura","category-educacao","category-jundiai","category-noticias"],"_links":{"self":[{"href":"https:\/\/tvtecjundiai.com.br\/news\/wp-json\/wp\/v2\/posts\/90840","targetHints":{"allow":["GET"]}}],"collection":[{"href":"https:\/\/tvtecjundiai.com.br\/news\/wp-json\/wp\/v2\/posts"}],"about":[{"href":"https:\/\/tvtecjundiai.com.br\/news\/wp-json\/wp\/v2\/types\/post"}],"author":[{"embeddable":true,"href":"https:\/\/tvtecjundiai.com.br\/news\/wp-json\/wp\/v2\/users\/30"}],"replies":[{"embeddable":true,"href":"https:\/\/tvtecjundiai.com.br\/news\/wp-json\/wp\/v2\/comments?post=90840"}],"version-history":[{"count":3,"href":"https:\/\/tvtecjundiai.com.br\/news\/wp-json\/wp\/v2\/posts\/90840\/revisions"}],"predecessor-version":[{"id":90897,"href":"https:\/\/tvtecjundiai.com.br\/news\/wp-json\/wp\/v2\/posts\/90840\/revisions\/90897"}],"wp:featuredmedia":[{"embeddable":true,"href":"https:\/\/tvtecjundiai.com.br\/news\/wp-json\/wp\/v2\/media\/90850"}],"wp:attachment":[{"href":"https:\/\/tvtecjundiai.com.br\/news\/wp-json\/wp\/v2\/media?parent=90840"}],"wp:term":[{"taxonomy":"category","embeddable":true,"href":"https:\/\/tvtecjundiai.com.br\/news\/wp-json\/wp\/v2\/categories?post=90840"},{"taxonomy":"post_tag","embeddable":true,"href":"https:\/\/tvtecjundiai.com.br\/news\/wp-json\/wp\/v2\/tags?post=90840"}],"curies":[{"name":"wp","href":"https:\/\/api.w.org\/{rel}","templated":true}]}}