{"id":9093,"date":"2018-04-20T08:28:51","date_gmt":"2018-04-20T11:28:51","guid":{"rendered":"https:\/\/tvtecjundiai.com.br\/news\/?p=9093"},"modified":"2018-04-20T09:15:51","modified_gmt":"2018-04-20T12:15:51","slug":"pat-divulga-vagas-disponiveis-em-jundiai-e-regiao-20","status":"publish","type":"post","link":"https:\/\/tvtecjundiai.com.br\/news\/2018\/04\/20\/pat-divulga-vagas-disponiveis-em-jundiai-e-regiao-20\/","title":{"rendered":"PAT divulga vagas dispon\u00edveis em Jundia\u00ed e regi\u00e3o (20)"},"content":{"rendered":"<p>Confira as vagas<\/p>\n<div id=\"pagina-2\" class=\"pagina\">\n<div id=\"pat\">\n<ul>\n<li><strong>Auxiliar de Enfermagem<\/strong>\u00a0(liberado em 17\/04\/2018) \u2013 6 meses de experi\u00eancia n\u00e3o em CTPS; ensino m\u00e9dio completo; com curso conclu\u00eddo; Coren Ativo; atendimento Home Care.<\/li>\n<li><strong>Controlador de Tr\u00e1fego<\/strong>\u00a0(liberado em 18\/04\/2018) \u2013 6 meses de experi\u00eancia em CTPS; ensino fundamental completo; necess\u00e1rio CNH &#8220;A&#8221;, realizar ronda motorizada; somente candidatos de Jundia\u00ed e Louveira.<\/li>\n<li><strong>Cozinheiro Industrial<\/strong>\u00a0(liberado em 18\/04\/2018) \u2013 6 meses de experi\u00eancia em CTPS; ensino fundamental completo; somente candidatos de Jundia\u00ed, Vinhedo e Louveira.<\/li>\n<li><strong>Embalador a M\u00e3o<\/strong>\u00a0(liberado em 19\/04\/2018) \u2013 6 meses de experi\u00eancia n\u00e3o em CTPS; ensino m\u00e9dio completo; ter trabalhado em linha de produ\u00e7\u00e3o somente candidatos de Jundia\u00ed.<\/li>\n<li><strong>Encarregado de Estoque<\/strong>\u00a0(liberado em 19\/04\/2018) \u2013 6 meses de experi\u00eancia em CTPS; ensino m\u00e9dio completo; somente candidatos de Jundia\u00ed e V\u00e1rzea Paulista.<\/li>\n<li><strong>Enfermeiro<\/strong>\u00a0(liberado em 17\/04\/2018) \u2013 6 meses de experi\u00eancia n\u00e3o em CTPS, ensino superior completo de enfermagem, necess\u00e1rio COREN ativo, atendimento Home Care.<\/li>\n<li><strong>Jardineiro<\/strong>\u00a0(liberado em 18\/04\/2018) \u2013 6 meses de experi\u00eancia em CTPS; ensino fundamental completo; experi\u00eancia em rocadeira; necess\u00e1rio CNH &#8220;A ou B&#8221;; somente candidatos de Jundia\u00ed.<\/li>\n<li><strong>Manobrista<\/strong>\u00a0(liberado em 19\/04\/2018) \u2013 6 meses de experi\u00eancia em CTPS; ensino fundamental completo; somente candidatos de Jundia\u00ed e V\u00e1rzea Paulista.<\/li>\n<li><strong>Oficial Eletroeletr\u00f4nico<\/strong>\u00a0(liberado em 18\/04\/2018) \u2013 6 meses de experi\u00eancia em CTPS; ensino m\u00e9dio completo; curso t\u00e9cnico conclu\u00eddo; somente candidatos de Jundia\u00ed, V\u00e1rzea Paulista e Campo Limpo Paulista.<\/li>\n<li><strong>Porteiro<\/strong>\u00a0(liberado em 19\/04\/2018) \u2013 6 meses de experi\u00eancia em CTPS; ensino fundamental completo; somente candidatos de Jundia\u00ed.<\/li>\n<li><strong>Porteiro<\/strong>\u00a0(liberado em 20\/04\/2018) \u2013 6 meses de experi\u00eancia em CTPS; ensino m\u00e9dio completo; necess\u00e1rio veiculo pr\u00f3prio; somente candidatos de Jundia\u00ed.<\/li>\n<li><strong>T\u00e9cnico de Enfermagem<\/strong>\u00a0(liberado em 17\/04\/2018) \u2013 6 meses de experi\u00eancia, n\u00e3o em CTPS; ensino m\u00e9dio completo; necess\u00e1rio ter Coren Ativo; obrigat\u00f3rio ter curso na \u00e1rea de enfermagem; atendimento Home Care.<\/li>\n<li><strong>Vaga exclusiva PCD (Pessoas com Defici\u00eancia)<\/strong>\u00a0(liberado em 18\/04\/2018) \u2013 Auxiliar de Limpeza &#8211; 6 meses de experi\u00eancia em CTPS; ensino fundamental completo; necess\u00e1rio Laudo m\u00e9dico.<\/li>\n<\/ul>\n<p>Os interessados devem comparecer \u00e0 rua Zacarias de Goes, 530 \u2013 Centro. O atendimento do PAT Jundia\u00ed \u00e9 feito de segunda a sexta-feira, das 8:00 \u00e0s 16:30 horas. \u00c9 necess\u00e1rio levar RG, CPF, carteira de trabalho, PIS ou cart\u00e3o do cidad\u00e3o.<\/p>\n<\/div>\n<\/div>\n<div id=\"pat\">\n<p>\u00daltima atualiza\u00e7\u00e3o em\u00a0<strong>20\/04\/2018 08:46<\/strong><\/p>\n<p><em>(Fonte: Prefeitura de Jundia\u00ed)<\/em><\/p>\n<\/div>\n","protected":false},"excerpt":{"rendered":"<p>Pode haver altera\u00e7\u00e3o no quadro de disponibilidade durante a semana<\/p>\n","protected":false},"author":11,"featured_media":8107,"comment_status":"closed","ping_status":"closed","sticky":false,"template":"","format":"standard","meta":{"footnotes":""},"categories":[29,2829,1],"tags":[286,2862,346,37,556,39,253,185,43],"class_list":["post-9093","post","type-post","status-publish","format-standard","has-post-thumbnail","hentry","category-destaque","category-economia","category-noticias","tag-carteira-de-trabalho","tag-destaque","tag-economia","tag-emprego","tag-noticias","tag-pat","tag-pat-de-jundiai","tag-trabalho","tag-vagas-de-emprego"],"_links":{"self":[{"href":"https:\/\/tvtecjundiai.com.br\/news\/wp-json\/wp\/v2\/posts\/9093","targetHints":{"allow":["GET"]}}],"collection":[{"href":"https:\/\/tvtecjundiai.com.br\/news\/wp-json\/wp\/v2\/posts"}],"about":[{"href":"https:\/\/tvtecjundiai.com.br\/news\/wp-json\/wp\/v2\/types\/post"}],"author":[{"embeddable":true,"href":"https:\/\/tvtecjundiai.com.br\/news\/wp-json\/wp\/v2\/users\/11"}],"replies":[{"embeddable":true,"href":"https:\/\/tvtecjundiai.com.br\/news\/wp-json\/wp\/v2\/comments?post=9093"}],"version-history":[{"count":2,"href":"https:\/\/tvtecjundiai.com.br\/news\/wp-json\/wp\/v2\/posts\/9093\/revisions"}],"predecessor-version":[{"id":9122,"href":"https:\/\/tvtecjundiai.com.br\/news\/wp-json\/wp\/v2\/posts\/9093\/revisions\/9122"}],"wp:featuredmedia":[{"embeddable":true,"href":"https:\/\/tvtecjundiai.com.br\/news\/wp-json\/wp\/v2\/media\/8107"}],"wp:attachment":[{"href":"https:\/\/tvtecjundiai.com.br\/news\/wp-json\/wp\/v2\/media?parent=9093"}],"wp:term":[{"taxonomy":"category","embeddable":true,"href":"https:\/\/tvtecjundiai.com.br\/news\/wp-json\/wp\/v2\/categories?post=9093"},{"taxonomy":"post_tag","embeddable":true,"href":"https:\/\/tvtecjundiai.com.br\/news\/wp-json\/wp\/v2\/tags?post=9093"}],"curies":[{"name":"wp","href":"https:\/\/api.w.org\/{rel}","templated":true}]}}