{"id":9098,"date":"2018-04-20T08:44:31","date_gmt":"2018-04-20T11:44:31","guid":{"rendered":"https:\/\/tvtecjundiai.com.br\/news\/?p=9098"},"modified":"2018-04-20T09:53:25","modified_gmt":"2018-04-20T12:53:25","slug":"guaruzao-de-natacao-tem-mais-de-600-inscritos","status":"publish","type":"post","link":"https:\/\/tvtecjundiai.com.br\/news\/2018\/04\/20\/guaruzao-de-natacao-tem-mais-de-600-inscritos\/","title":{"rendered":"Guaruz\u00e3o de Nata\u00e7\u00e3o tem mais de 600 inscritos"},"content":{"rendered":"<div id=\"attachment_8541\" style=\"width: 355px\" class=\"wp-caption alignleft\"><a href=\"https:\/\/tvtecjundiai.com.br\/news\/wp-content\/uploads\/sites\/2\/2018\/04\/torneio-regional-de-natacao_c_-40.jpg\"><img loading=\"lazy\" decoding=\"async\" aria-describedby=\"caption-attachment-8541\" class=\"wp-image-8541\" src=\"https:\/\/tvtecjundiai.com.br\/news\/wp-content\/uploads\/sites\/2\/2018\/04\/torneio-regional-de-natacao_c_-40-300x214.jpg\" alt=\"\" width=\"345\" height=\"246\" srcset=\"https:\/\/tvtecjundiai.com.br\/news\/wp-content\/uploads\/sites\/2\/2018\/04\/torneio-regional-de-natacao_c_-40-300x214.jpg 300w, https:\/\/tvtecjundiai.com.br\/news\/wp-content\/uploads\/sites\/2\/2018\/04\/torneio-regional-de-natacao_c_-40-768x547.jpg 768w, https:\/\/tvtecjundiai.com.br\/news\/wp-content\/uploads\/sites\/2\/2018\/04\/torneio-regional-de-natacao_c_-40-1200x855.jpg 1200w, https:\/\/tvtecjundiai.com.br\/news\/wp-content\/uploads\/sites\/2\/2018\/04\/torneio-regional-de-natacao_c_-40.jpg 1240w\" sizes=\"auto, (max-width: 345px) 100vw, 345px\" \/><\/a><p id=\"caption-attachment-8541\" class=\"wp-caption-text\">A modalidade ser\u00e1 em estilo Craw e de costas<\/p><\/div>\n<p>O torneio\u00a0Guaruz\u00e3o de Nata\u00e7\u00e3o tem 620 crian\u00e7as inscritas. Esse n\u00famero representa\u00a037% de aumento em rela\u00e7\u00e3o \u00e0 edi\u00e7\u00e3o do ano passado. A partir do evento, promovido pela Unidade de Gest\u00e3o de Esportes e Lazer (UGEL), e que acontece no pr\u00f3ximo domingo (22), no Bol\u00e3o, os jovens se integram do ambiente de competi\u00e7\u00e3o e socializam com outros atletas de v\u00e1rias escolas e academias.<\/p>\n<p>S\u00e3o esperadas cerca de 2 mil pessoas durante todo o dia do evento (a partir das 8h), no Parque Aqu\u00e1tico Devanir Wanderley Penteado J\u00fanior, no Centro Educacional, Cultural e Esportivo (CECE) Nicolino de Luca, o Bol\u00e3o. De acordo com a educadora Val\u00e9ria Bezerra, o evento fomenta a pr\u00e1tica do esporte na cidade. \u201cOs alunos da UGEL formam 50% da quantidade de inscritos. Eles ter\u00e3o a oportunidade de socializar com praticantes de clubes e academias particulares, fazer interc\u00e2mbio de informa\u00e7\u00f5es e trocar experi\u00eancias. Os participantes vivenciam o ambiente de competi\u00e7\u00e3o, podendo despertar o interesse pela pr\u00e1tica da modalidade com o objetivo de rendimento\u201d, afirma.<\/p>\n<p>Todos os participantes em estilo crawl \u2013 Festival Guaruz\u00e3o \u2013 receber\u00e3o medalhas de incentivo \u00e0 pr\u00e1tica. J\u00e1 o estilo costas ter\u00e1 disputa cronometrada, com p\u00f3dio e medalha para os tr\u00eas primeiros colocados.<\/p>\n<p><em>Fonte: Prefeitura de Jundia\u00ed<\/em><\/p>\n","protected":false},"excerpt":{"rendered":"<p>O evento acontecer\u00e1 no pr\u00f3ximo domingo (22) <\/p>\n","protected":false},"author":11,"featured_media":9099,"comment_status":"closed","ping_status":"closed","sticky":false,"template":"","format":"standard","meta":{"footnotes":""},"categories":[2834,2827,1],"tags":[75,201,271,82,2912,2264,556,2707,1318],"class_list":["post-9098","post","type-post","status-publish","format-standard","has-post-thumbnail","hentry","category-cidades","category-esportes-e-lazer","category-noticias","tag-adolescentes","tag-criancas","tag-esportes","tag-festival","tag-guaruzao-de-natacao","tag-inscritos","tag-noticias","tag-torneio","tag-ugel"],"_links":{"self":[{"href":"https:\/\/tvtecjundiai.com.br\/news\/wp-json\/wp\/v2\/posts\/9098","targetHints":{"allow":["GET"]}}],"collection":[{"href":"https:\/\/tvtecjundiai.com.br\/news\/wp-json\/wp\/v2\/posts"}],"about":[{"href":"https:\/\/tvtecjundiai.com.br\/news\/wp-json\/wp\/v2\/types\/post"}],"author":[{"embeddable":true,"href":"https:\/\/tvtecjundiai.com.br\/news\/wp-json\/wp\/v2\/users\/11"}],"replies":[{"embeddable":true,"href":"https:\/\/tvtecjundiai.com.br\/news\/wp-json\/wp\/v2\/comments?post=9098"}],"version-history":[{"count":2,"href":"https:\/\/tvtecjundiai.com.br\/news\/wp-json\/wp\/v2\/posts\/9098\/revisions"}],"predecessor-version":[{"id":9125,"href":"https:\/\/tvtecjundiai.com.br\/news\/wp-json\/wp\/v2\/posts\/9098\/revisions\/9125"}],"wp:featuredmedia":[{"embeddable":true,"href":"https:\/\/tvtecjundiai.com.br\/news\/wp-json\/wp\/v2\/media\/9099"}],"wp:attachment":[{"href":"https:\/\/tvtecjundiai.com.br\/news\/wp-json\/wp\/v2\/media?parent=9098"}],"wp:term":[{"taxonomy":"category","embeddable":true,"href":"https:\/\/tvtecjundiai.com.br\/news\/wp-json\/wp\/v2\/categories?post=9098"},{"taxonomy":"post_tag","embeddable":true,"href":"https:\/\/tvtecjundiai.com.br\/news\/wp-json\/wp\/v2\/tags?post=9098"}],"curies":[{"name":"wp","href":"https:\/\/api.w.org\/{rel}","templated":true}]}}