{"id":91088,"date":"2022-04-05T09:00:00","date_gmt":"2022-04-05T12:00:00","guid":{"rendered":"https:\/\/tvtecjundiai.com.br\/news\/?p=91088"},"modified":"2022-04-05T09:00:05","modified_gmt":"2022-04-05T12:00:05","slug":"duo-siqueira-lima-se-apresenta-e-lanca-novo-cd-no-complexo-fepasa-nesta-terca-feira-05","status":"publish","type":"post","link":"https:\/\/tvtecjundiai.com.br\/news\/2022\/04\/05\/duo-siqueira-lima-se-apresenta-e-lanca-novo-cd-no-complexo-fepasa-nesta-terca-feira-05\/","title":{"rendered":"Duo Siqueira Lima se apresenta e lan\u00e7a novo CD no Complexo Fepasa nesta ter\u00e7a-feira (05)"},"content":{"rendered":"\n<p>O Duo Siqueira Lima lan\u00e7a, nesta ter\u00e7a-feira (05), \u00e0s 19h, o CD \u201cViolon\u00edstico\u201d, com apresenta\u00e7\u00e3o gratuita na Sala Jundia\u00ed do Complexo Fepasa. A apresenta\u00e7\u00e3o chega a Jundia\u00ed por meio do Programa de A\u00e7\u00e3o Cultural (ProAc), da Secretaria de Cultura e Economia Criativa de S\u00e3o Paulo, e do Acervo do Viol\u00e3o Brasileiro, com apoio da Unidade de Gest\u00e3o de Cultura (UGC)<\/p>\n\n\n\n<p>Na oportunidade, Cec\u00edlia Siqueira e Fernando Lima, integrantes do Duo Siqueira Lima, apresentam as obras in\u00e9ditas que comp\u00f5em o repert\u00f3rio de \u201cViolon\u00edstico\u201d, trabalho que marca os 20 anos de carreira da dupla, sendo considerado o que h\u00e1 de melhor na m\u00fasica brasileira para viol\u00e3o.<\/p>\n\n\n\n<p>O CD ainda re\u00fane obras de violonistas renomados, de diferentes gera\u00e7\u00f5es, reconhecidos internacionalmente pela excel\u00eancia e originalidade. A produ\u00e7\u00e3o \u00e9 assinada pelo violonista Jo\u00e3o Luiz e a produ\u00e7\u00e3o executiva \u00e9 de Alessandro Soares e Elcylene Leoc\u00e1dio. Ap\u00f3s a apresenta\u00e7\u00e3o musical, Cec\u00edlia Siqueira e Fernando Lima conversam com a plateia sobre o tema \u201cM\u00fasica Brasileira Contempor\u00e2nea\u201d.<\/p>\n\n\n\n<p>A Sala Jundia\u00ed tem capacidade para 180 pessoas e a entrada gratuita ser\u00e1 por ordem de chegada.<\/p>\n\n\n\n<p>O Complexo Fepasa fica na avenida Uni\u00e3o dos Ferrovi\u00e1rios, 1760. Mais informa\u00e7\u00f5es pelo telefone (11) 4589-6800.<\/p>\n\n\n\n<figure class=\"wp-block-image size-full\"><img loading=\"lazy\" decoding=\"async\" width=\"1200\" height=\"600\" src=\"https:\/\/tvtecjundiai.com.br\/news\/wp-content\/uploads\/sites\/2\/2022\/04\/duo-siqueira-lima.jpg\" alt=\"\" class=\"wp-image-91089\" srcset=\"https:\/\/tvtecjundiai.com.br\/news\/wp-content\/uploads\/sites\/2\/2022\/04\/duo-siqueira-lima.jpg 1200w, https:\/\/tvtecjundiai.com.br\/news\/wp-content\/uploads\/sites\/2\/2022\/04\/duo-siqueira-lima-300x150.jpg 300w, https:\/\/tvtecjundiai.com.br\/news\/wp-content\/uploads\/sites\/2\/2022\/04\/duo-siqueira-lima-768x384.jpg 768w\" sizes=\"auto, (max-width: 1200px) 100vw, 1200px\" \/><figcaption>Ap\u00f3s a apresenta\u00e7\u00e3o musical, Cec\u00edlia e Fernando conversam com a plateia sobre o tema \u201cM\u00fasica Brasileira Contempor\u00e2nea\u201d<\/figcaption><\/figure>\n\n\n\n<p><strong><em>(Fonte: Prefeitura de Jundia\u00ed\/Imagem: Divulga\u00e7\u00e3o)<\/em><\/strong><\/p>\n","protected":false},"excerpt":{"rendered":"<p>Cec\u00edlia Siqueira e Fernando Lima apresentam obras in\u00e9ditas do CD \u201cViolon\u00edstico\u201d<\/p>\n","protected":false},"author":30,"featured_media":91089,"comment_status":"closed","ping_status":"closed","sticky":false,"template":"","format":"standard","meta":{"footnotes":""},"categories":[2833,8356,1],"tags":[],"class_list":["post-91088","post","type-post","status-publish","format-standard","has-post-thumbnail","hentry","category-cultura","category-jundiai","category-noticias"],"_links":{"self":[{"href":"https:\/\/tvtecjundiai.com.br\/news\/wp-json\/wp\/v2\/posts\/91088","targetHints":{"allow":["GET"]}}],"collection":[{"href":"https:\/\/tvtecjundiai.com.br\/news\/wp-json\/wp\/v2\/posts"}],"about":[{"href":"https:\/\/tvtecjundiai.com.br\/news\/wp-json\/wp\/v2\/types\/post"}],"author":[{"embeddable":true,"href":"https:\/\/tvtecjundiai.com.br\/news\/wp-json\/wp\/v2\/users\/30"}],"replies":[{"embeddable":true,"href":"https:\/\/tvtecjundiai.com.br\/news\/wp-json\/wp\/v2\/comments?post=91088"}],"version-history":[{"count":1,"href":"https:\/\/tvtecjundiai.com.br\/news\/wp-json\/wp\/v2\/posts\/91088\/revisions"}],"predecessor-version":[{"id":91090,"href":"https:\/\/tvtecjundiai.com.br\/news\/wp-json\/wp\/v2\/posts\/91088\/revisions\/91090"}],"wp:featuredmedia":[{"embeddable":true,"href":"https:\/\/tvtecjundiai.com.br\/news\/wp-json\/wp\/v2\/media\/91089"}],"wp:attachment":[{"href":"https:\/\/tvtecjundiai.com.br\/news\/wp-json\/wp\/v2\/media?parent=91088"}],"wp:term":[{"taxonomy":"category","embeddable":true,"href":"https:\/\/tvtecjundiai.com.br\/news\/wp-json\/wp\/v2\/categories?post=91088"},{"taxonomy":"post_tag","embeddable":true,"href":"https:\/\/tvtecjundiai.com.br\/news\/wp-json\/wp\/v2\/tags?post=91088"}],"curies":[{"name":"wp","href":"https:\/\/api.w.org\/{rel}","templated":true}]}}