{"id":91158,"date":"2022-04-06T11:41:58","date_gmt":"2022-04-06T14:41:58","guid":{"rendered":"https:\/\/tvtecjundiai.com.br\/news\/?p=91158"},"modified":"2022-04-06T11:42:05","modified_gmt":"2022-04-06T14:42:05","slug":"complexo-fepasa-recebe-espetaculo-gratuito-de-danca-contemporanea-neste-sabado-09","status":"publish","type":"post","link":"https:\/\/tvtecjundiai.com.br\/news\/2022\/04\/06\/complexo-fepasa-recebe-espetaculo-gratuito-de-danca-contemporanea-neste-sabado-09\/","title":{"rendered":"Complexo Fepasa recebe espet\u00e1culo gratuito de Dan\u00e7a Contempor\u00e2nea neste s\u00e1bado (09)"},"content":{"rendered":"\n<p>Bailarinas de Jundia\u00ed e regi\u00e3o, sob a supervis\u00e3o da professora Jussara Correia Miller, da Unicamp e PUC-SP, apresentam neste s\u00e1bado (09), a partir das 19h, um mostra gratuita de Dan\u00e7a Contempor\u00e2nea no palco da Sala Jundia\u00ed do Complexo Fepasa, sede da Unidade de Gest\u00e3o de Cultura (UGC).\u00a0<a rel=\"noreferrer noopener\" href=\"https:\/\/www.sympla.com.br\/evento\/mostra-de-danca-contemporanea-em-jundiai\/1523904\" target=\"_blank\">Os ingressos gratuitos devem ser retirados pela internet, por meio da plataforma Sympla<\/a>.<\/p>\n\n\n\n<p>Quatro mulheres \u2013 Maria de F\u00e1tima, Carolina Bastos, Priscila Costa e Carmen Estevez \u2013 apresentam pequenos solos de Dan\u00e7a Contempor\u00e2nea criados a partir da t\u00e9cnica Klauss Vianna, que enfoca o estudo do movimento a partir da escuta do corpo, dos direcionamentos \u00f3sseos e dos vetores de for\u00e7a que potencializam o fluxo do movimento pelo espa\u00e7o.<\/p>\n\n\n\n<figure class=\"wp-block-image\"><img decoding=\"async\" src=\"https:\/\/jundiai.sp.gov.br\/noticias\/wp-content\/uploads\/sites\/32\/2022\/04\/danca_contemporanea_complexo_fepasa.png\" alt=\"Mosaico de fotos de mulheres em posi\u00e7\u00f5es diversas dan\u00e7ando e interagindo com ambientes como um palco e um ch\u00e3o com terra e grama\" class=\"wp-image-289489\" \/><figcaption>Mostra traz pequenos solos de Dan\u00e7a Contempor\u00e2nea criados a partir da t\u00e9cnica Klauss Vianna<\/figcaption><\/figure>\n\n\n\n<p>A pessoa \u00e9 estimulada a perceber a processualidade do corpo na sua rela\u00e7\u00e3o com o ambiente partindo da percep\u00e7\u00e3o do corpo, proporcionando a sensibiliza\u00e7\u00e3o e o reconhecimento das estruturas corporais e suas possibilidades de movimento. Cada vez mais presente no Brasil, a t\u00e9cnica Klauss Vianna vem influenciando pesquisadores, educadores e artistas da cena contempor\u00e2nea brasileira.<\/p>\n\n\n\n<p>Para a mostra em Jundia\u00ed, as bailarinas apresentar\u00e3o em cena os corpos se sensibilizando a habitar a natureza, o isolamento, o nascimento e o amor, que ser\u00e3o traduzidas nas seguintes coreografias:<\/p>\n\n\n\n<ul class=\"wp-block-list\"><li>\u201cSol-Te\u201d \u2013 uma videodan\u00e7a como elo de liga\u00e7\u00e3o entre a realidade que criamos e o esp\u00edrito que somos. H\u00e1 uma dan\u00e7a em tudo. Lavar, purificar e enxaguar as m\u00e1scaras sociais em busca de nossa verdade pessoal \u00e9 enfim permitir o fluir do sentir, verdadeiramente livre de formas do corpo e do pensamento. (Int\u00e9rprete-Criadora: Maria de F\u00e1tima, Fotografia e Edi\u00e7\u00e3o: Thaneressa Lima);<\/li><li>\u201cInSuLar\u201d \u2013 um solo autoral por Carolina Bastos a partir do protagonismo do corpo que dan\u00e7a em isolamento pand\u00eamico. Quantas camadas entre n\u00f3s? Voc\u00ea ainda respira? Em que aqu\u00e1rios? Voc\u00ea j\u00e1 nadou em alto mar? O que descobriu entre vidros?;<\/li><li>\u201cInterior\u201d \u2013 com Priscila Costa, da vida de dentro para a vida de fora. Como as experi\u00eancias intrauterinas e p\u00f3s-nascimento podem reverberar na vida adulta? Sobre sensa\u00e7\u00f5es de ang\u00fastia e a jornada de trabalho interior para o resgate do contorno corporal e desenvolvimento da intimidade. Baseado na obra de Juliano Garcia Pessanha: \u201cA recusa do n\u00e3o lugar\u201d;<\/li><li>\u201cCa\u00e7ada\u201d \u2013 rolar com as correntes, emaranhar-se, fugir, beber as l\u00e1grimas, cantar e batucar at\u00e9 vestir-se de pele e enredar-se no amor. Inspirado na hist\u00f3ria: \u201cA Mulher \u2013 Esqueleto\u201d, de Clarissa Pinkola Est\u00e9s.<\/li><\/ul>\n\n\n\n<p>O Complexo Fepasa fica na avenida Uni\u00e3o dos Ferrovi\u00e1rios, 1760.<\/p>\n\n\n\n<p><strong><em>(Fonte: Prefeitura de Jundia\u00ed\/ Imagem: Divulga\u00e7\u00e3o)<\/em><\/strong><\/p>\n","protected":false},"excerpt":{"rendered":"<p>Os ingressos gratuitos devem ser retirados pela internet, por meio da plataforma Sympla.<\/p>\n","protected":false},"author":27,"featured_media":91159,"comment_status":"closed","ping_status":"closed","sticky":false,"template":"","format":"standard","meta":{"footnotes":""},"categories":[2833,8356],"tags":[],"class_list":["post-91158","post","type-post","status-publish","format-standard","has-post-thumbnail","hentry","category-cultura","category-jundiai"],"_links":{"self":[{"href":"https:\/\/tvtecjundiai.com.br\/news\/wp-json\/wp\/v2\/posts\/91158","targetHints":{"allow":["GET"]}}],"collection":[{"href":"https:\/\/tvtecjundiai.com.br\/news\/wp-json\/wp\/v2\/posts"}],"about":[{"href":"https:\/\/tvtecjundiai.com.br\/news\/wp-json\/wp\/v2\/types\/post"}],"author":[{"embeddable":true,"href":"https:\/\/tvtecjundiai.com.br\/news\/wp-json\/wp\/v2\/users\/27"}],"replies":[{"embeddable":true,"href":"https:\/\/tvtecjundiai.com.br\/news\/wp-json\/wp\/v2\/comments?post=91158"}],"version-history":[{"count":1,"href":"https:\/\/tvtecjundiai.com.br\/news\/wp-json\/wp\/v2\/posts\/91158\/revisions"}],"predecessor-version":[{"id":91160,"href":"https:\/\/tvtecjundiai.com.br\/news\/wp-json\/wp\/v2\/posts\/91158\/revisions\/91160"}],"wp:featuredmedia":[{"embeddable":true,"href":"https:\/\/tvtecjundiai.com.br\/news\/wp-json\/wp\/v2\/media\/91159"}],"wp:attachment":[{"href":"https:\/\/tvtecjundiai.com.br\/news\/wp-json\/wp\/v2\/media?parent=91158"}],"wp:term":[{"taxonomy":"category","embeddable":true,"href":"https:\/\/tvtecjundiai.com.br\/news\/wp-json\/wp\/v2\/categories?post=91158"},{"taxonomy":"post_tag","embeddable":true,"href":"https:\/\/tvtecjundiai.com.br\/news\/wp-json\/wp\/v2\/tags?post=91158"}],"curies":[{"name":"wp","href":"https:\/\/api.w.org\/{rel}","templated":true}]}}