{"id":91170,"date":"2022-04-06T16:12:16","date_gmt":"2022-04-06T19:12:16","guid":{"rendered":"https:\/\/tvtecjundiai.com.br\/news\/?p=91170"},"modified":"2022-04-06T16:12:23","modified_gmt":"2022-04-06T19:12:23","slug":"editais-para-composicao-de-corpos-artisticos-e-exposicoes-ficam-abertos-ate-esta-segunda-11","status":"publish","type":"post","link":"https:\/\/tvtecjundiai.com.br\/news\/2022\/04\/06\/editais-para-composicao-de-corpos-artisticos-e-exposicoes-ficam-abertos-ate-esta-segunda-11\/","title":{"rendered":"Editais para composi\u00e7\u00e3o de corpos art\u00edsticos e exposi\u00e7\u00f5es ficam abertos at\u00e9 esta segunda (11)"},"content":{"rendered":"\n<p>A Unidade de Gest\u00e3o de Cultura (UGC) recebe at\u00e9 a pr\u00f3xima segunda-feira (11) as inscri\u00e7\u00f5es para os interessados em compor os corpos art\u00edsticos municipais de Teatro, Dan\u00e7a e M\u00fasica (Orquestra Sinf\u00f4nica Municipal de Jundia\u00ed), al\u00e9m dos interessados em inscrever propostas de Artes Visuais para exposi\u00e7\u00e3o na Pinacoteca Municipal Di\u00f3genes Duarte Paes e na Galeria de Arte Fernanda Perracini Milani (anexa ao Teatro Polytheama).<\/p>\n\n\n\n<p>Para estas iniciativas o total de investimentos j\u00e1 garantido para a temporada 2022 \u00e9 de R$ 1,93 milh\u00e3o, desses mais de R$ 1,86 milh\u00e3o para os corpos art\u00edsticos e outros R$ 70 mil para as exposi\u00e7\u00f5es, incluindo nesses aportes valores de cach\u00eas de artistas, investimentos na equipe t\u00e9cnica, contrata\u00e7\u00f5es de atra\u00e7\u00f5es para os vernissages de 14 exposi\u00e7\u00f5es e outras despesas.<\/p>\n\n\n\n<p>\u201cNa contram\u00e3o da realidade nacional, a gest\u00e3o do prefeito Luiz Fernando Machado tem cada vez mais investido em Cultura e acenado para a classe art\u00edstica seu entendimento sobre a import\u00e2ncia desse tipo de investimento. Al\u00e9m desses valores totais de investimentos, fechamos recentemente o balan\u00e7o dos editais da lei Aldir Blanc, que totalizaram R$ 755 mil no ano passado, somados a outros R$ 1,8 milh\u00e3o do ano anterior. Isso sem contar os editais de festivais, como o Enredan\u00e7a, Festival de Teatro de Jundia\u00ed (Festeju) e Festival de Curtas-metragens, que totalizam este ano outros mais de R$ 253 mil em investimentos\u201d, comemorou o gestor de Cultura, Marcelo Peroni.<\/p>\n\n\n\n<figure class=\"wp-block-image\"><img decoding=\"async\" src=\"https:\/\/jundiai.sp.gov.br\/noticias\/wp-content\/uploads\/sites\/32\/2022\/04\/concerto_orquestra_com_a_cia_danca-283-1.jpg\" alt=\"\" class=\"wp-image-289495\" \/><figcaption>Inscri\u00e7\u00f5es gratuitas devem ser feitas pelo&nbsp;<a href=\"https:\/\/cultura.jundiai.sp.gov.br\/editais-e-regulamentos\/\" target=\"_blank\" rel=\"noreferrer noopener\">site da Cultura<\/a><\/figcaption><\/figure>\n\n\n\n<p>Confira os detalhes dos editais com t\u00e9rmino de inscri\u00e7\u00e3o nesta segunda-feira (11):<\/p>\n\n\n\n<p><strong>Corpo Art\u00edstico de Dan\u00e7a<\/strong><br>Ser\u00e3o selecionados 11 bailarinos, sendo sete bailarinos profissionais e quatro bailarinos bolsistas, com idades entre 18 e 26 anos. Para o preenchimento das vagas ser\u00e1 adotado o crit\u00e9rio de 50% para bailarinos de Jundia\u00ed e o restante para os de fora. Os contratos firmados ser\u00e3o de maio a dezembro deste ano, no valor at\u00e9 R$ 21 mil para os profissionais e de at\u00e9 R$ 11 mil para os bolsistas, pagos em dez parcelas mensais, tamb\u00e9m para cumprimento de carga hor\u00e1ria semanal de trabalho durante a temporada ser\u00e1 de 24 horas, para a realiza\u00e7\u00e3o de ensaios, montagens de espet\u00e1culos, workshops, oficinas e debates.<\/p>\n\n\n\n<p>Confira o&nbsp;<a href=\"https:\/\/cultura.jundiai.sp.gov.br\/wp-content\/uploads\/2022\/02\/EDITAL-DANCA-2022.pdf\" target=\"_blank\" rel=\"noreferrer noopener\">edital<\/a>&nbsp;e os links para inscri\u00e7\u00f5es de&nbsp;<a href=\"https:\/\/docs.google.com\/forms\/d\/1raaHfyrXrEYpLZM00vhBropvcbNAOoE-2OYa4ehQM3s\/edit\" target=\"_blank\" rel=\"noreferrer noopener\">profissionais<\/a>&nbsp;e&nbsp;<a href=\"https:\/\/docs.google.com\/forms\/d\/1fDmUZZSUZKLB0etcZ6k5YBHy7i-vNvgqEq18cY9hO_w\/edit\" target=\"_blank\" rel=\"noreferrer noopener\">bolsistas<\/a><\/p>\n\n\n\n<figure class=\"wp-block-image\"><img decoding=\"async\" src=\"https:\/\/jundiai.sp.gov.br\/noticias\/wp-content\/uploads\/sites\/32\/2022\/04\/retomada_ensaios_polythema_ciadanca-167.jpg\" alt=\"\" class=\"wp-image-289496\" \/><figcaption>Para o corpo de Dan\u00e7a ser\u00e3o selecionados 11 bailarinos, entre profissionais e bolsistas<\/figcaption><\/figure>\n\n\n\n<p><strong>Corpo Art\u00edstico de Teatro<br><\/strong>Ser\u00e3o selecionados 16 atores, profissionais ou amadores, na condi\u00e7\u00e3o de bolsistas, com idade entre 18 e 30 anos, sendo que 50% das vagas ser\u00e3o destinadas para artistas de Jundia\u00ed e as restantes para os de fora. Os selecionados firmar\u00e3o contrato de maio a dezembro deste ano, no valor de R$ 11 mil reais, pagos em dez parcelas mensais, para cumprimento de carga hor\u00e1ria semanal de trabalho durante a temporada ser\u00e1 de 24 horas, para a realiza\u00e7\u00e3o de ensaios, montagens de espet\u00e1culos, workshops, oficinas e debates.<\/p>\n\n\n\n<p>Confira o&nbsp;<a href=\"https:\/\/cultura.jundiai.sp.gov.br\/wp-content\/uploads\/2022\/02\/EDITAL-TEATRO-2022.pdf\" target=\"_blank\" rel=\"noreferrer noopener\">edital<\/a>&nbsp;e o&nbsp;<a href=\"https:\/\/docs.google.com\/forms\/d\/1w7L7ww1OLDqUqsL3nbljW1x9Abksa1G3iWpDOF6NKo8\/edit\" target=\"_blank\" rel=\"noreferrer noopener\">link para inscri\u00e7\u00f5es<\/a><\/p>\n\n\n\n<figure class=\"wp-block-image\"><img decoding=\"async\" src=\"https:\/\/jundiai.sp.gov.br\/noticias\/wp-content\/uploads\/sites\/32\/2022\/04\/cia_de_teatro_emeb_pedro_de_oliveira-138.jpg\" alt=\"\" class=\"wp-image-289497\" \/><figcaption>Ser\u00e3o selecionados 16 atores, profissionais ou amadores para o corpo de Teatro<\/figcaption><\/figure>\n\n\n\n<p><strong>Corpo Art\u00edstico de M\u00fasica \u2013 Orquestra Sinf\u00f4nica Municipal de Jundia\u00ed<\/strong><br>Ser\u00e3o selecionados um regente assistente e um assistente de musicotec\u00e1rio com idade at\u00e9 30 anos, e os seguintes m\u00fasicos para os respectivos instrumentos, com idades de at\u00e9 26 anos: 12 violinos, cinco violas, tr\u00eas violoncelos, dois contrabaixos, tr\u00eas flautas (sendo uma vaga para flauta e piccolo), dois obo\u00e9s, dois clarinetes, dois fagotes, quatro trompas, tr\u00eas trompetes e tr\u00eas percussionistas. Os selecionados ser\u00e3o contratados como bolsistas e receber\u00e3o R$1.100,00 pelo per\u00edodo de 12 meses.<\/p>\n\n\n\n<p>Confira o&nbsp;<a href=\"https:\/\/cultura.jundiai.sp.gov.br\/wp-content\/uploads\/2022\/02\/EDITAL-ORQUESTRA-2022.pdf\" target=\"_blank\" rel=\"noreferrer noopener\">edital<\/a>&nbsp;e o&nbsp;<a href=\"https:\/\/docs.google.com\/forms\/d\/1DPyZ-HeAGuVXIj3NPNbM6MPVRXRsGlcJtNzosFfji4A\/edit\" target=\"_blank\" rel=\"noreferrer noopener\">link para inscri\u00e7\u00f5es<\/a><\/p>\n\n\n\n<figure class=\"wp-block-image\"><img decoding=\"async\" src=\"https:\/\/jundiai.sp.gov.br\/noticias\/wp-content\/uploads\/sites\/32\/2022\/04\/ensaio-orquestra-municipal-29.jpg\" alt=\"\" class=\"wp-image-289498\" \/><figcaption>N\u00facleo profissional da OSMJ j\u00e1 realiza ensaios para a temporada 2022<\/figcaption><\/figure>\n\n\n\n<p><strong>Artes Visuais \u2013 4\u00aa ExpoArtes na Pinacoteca Municipal Di\u00f3genes Duarte Paes<\/strong><br>Ser\u00e3o selecionados oito projetos in\u00e9ditos no Munic\u00edpio, para exposi\u00e7\u00f5es individuais, coletivas ou curadorias. O per\u00edodo expositivo ser\u00e1 de 37 dias, incluindo tamb\u00e9m montagem, manuten\u00e7\u00e3o e desmontagem da exposi\u00e7\u00e3o. A classifica\u00e7\u00e3o de cada projeto ir\u00e1 indicar a ordem da exposi\u00e7\u00e3o. Cada exposi\u00e7\u00e3o selecionada receber\u00e1 o valor de R$ 4,5 mil, prevendo tamb\u00e9m, al\u00e9m da mostra, a realiza\u00e7\u00e3o de contrapartida social vinculada, com a presen\u00e7a de p\u00fablico.<\/p>\n\n\n\n<p>Confira o&nbsp;<a href=\"https:\/\/cultura.jundiai.sp.gov.br\/wp-content\/uploads\/2022\/02\/EDITAL-EXPOARTES-2022-CENTRO-JUNDIAIENSE-DE-CULTURA.pdf\" target=\"_blank\" rel=\"noreferrer noopener\">edital<\/a>&nbsp;e o&nbsp;<a href=\"https:\/\/docs.google.com\/forms\/d\/1POTSOOW4G2M2u50b-RgesYwW6-5v16OTldv9g9FB1l0\/edit\" target=\"_blank\" rel=\"noreferrer noopener\">link para inscri\u00e7\u00f5es<\/a><\/p>\n\n\n\n<figure class=\"wp-block-image\"><img decoding=\"async\" src=\"https:\/\/jundiai.sp.gov.br\/noticias\/wp-content\/uploads\/sites\/32\/2022\/04\/pinacoteca_exposicao_pretas_incorporacao-17.jpg\" alt=\"\" class=\"wp-image-289499\" \/><figcaption>Pela ExpoArtes, ser\u00e3o selecionadas oito exposi\u00e7\u00f5es in\u00e9ditas<\/figcaption><\/figure>\n\n\n\n<p><strong>Artes Visuais \u2013 Galeria de Arte Fernanda Perracini Milani (anexa ao Teatro Polytheama)<\/strong><br>Ser\u00e3o selecionados seis projetos de exposi\u00e7\u00f5es in\u00e9ditas e de livre tem\u00e1tica em Artes Visuais, podendo tamb\u00e9m ser individuais, coletiva e curadorias, abertas a todas as linguagens das Artes. Ser\u00e3o destinadas tr\u00eas vagas a artistas de Jundia\u00ed e outras tr\u00eas para artistas de outros munic\u00edpios. Considerados montagem, desmontagem e manuten\u00e7\u00e3o, o per\u00edodo de cada exposi\u00e7\u00e3o ser\u00e1 de 36 dias. Cada exposi\u00e7\u00e3o selecionada tamb\u00e9m receber\u00e1 o valor de R$ 4,5 mil, prevendo tamb\u00e9m, al\u00e9m da mostra, a realiza\u00e7\u00e3o de contrapartida social vinculada, com a presen\u00e7a de p\u00fablico.<\/p>\n\n\n\n<p>Confira o&nbsp;<a href=\"https:\/\/cultura.jundiai.sp.gov.br\/wp-content\/uploads\/2022\/02\/EDITAL-GALERIA-FERNANDA-PERRACINI-2022.pdf\" target=\"_blank\" rel=\"noreferrer noopener\">edital<\/a>&nbsp;e o&nbsp;<a href=\"https:\/\/docs.google.com\/forms\/d\/1V6sZ9QM5NdCEMlxeebr2atdkyCHGVmENWEOTI6VLSZ4\/edit\" target=\"_blank\" rel=\"noreferrer noopener\">link para inscri\u00e7\u00f5es<\/a><\/p>\n\n\n\n<figure class=\"wp-block-image\"><img decoding=\"async\" src=\"https:\/\/jundiai.sp.gov.br\/noticias\/wp-content\/uploads\/sites\/32\/2022\/04\/exposicao-artista-pellegrino-na-galeria-do-polytheama_c_-21.jpg\" alt=\"\" class=\"wp-image-289500\" \/><figcaption>Dos seis projetos que ser\u00e3o selecionados para a Galeria de Arte, tr\u00eas s\u00e3o destinados a artistas do Munic\u00edpio<\/figcaption><\/figure>\n\n\n\n<p>Os editais completos podem ser obtidos no\u00a0<a rel=\"noreferrer noopener\" href=\"https:\/\/cultura.jundiai.sp.gov.br\/editais-e-regulamentos\/\" target=\"_blank\">site da Cultura<\/a>\u00a0e mais informa\u00e7\u00f5es pelos e-mails\u00a0<a rel=\"noreferrer noopener\" href=\"mailto:fundacao@jundiai.sp.gov.br\" target=\"_blank\">fundacao@jundiai.sp.gov.br<\/a>\u00a0ou\u00a0<a rel=\"noreferrer noopener\" href=\"mailto:fccsuporte@jundiai.sp.gov.br\" target=\"_blank\">fccsuporte@jundiai.sp.gov.br<\/a>,\u00a0e pelo telefone da Funda\u00e7\u00e3o Casa da Cultura (11) 4806-0514.<\/p>\n\n\n\n<p><strong><em>(Fonte\/Imagem: Prefeitura de Jundia\u00ed)<\/em><\/strong><\/p>\n","protected":false},"excerpt":{"rendered":"<p>Inscri\u00e7\u00f5es gratuitas devem ser feitas pelo\u00a0site da Cultura.<\/p>\n","protected":false},"author":27,"featured_media":91171,"comment_status":"closed","ping_status":"closed","sticky":false,"template":"","format":"standard","meta":{"footnotes":""},"categories":[2833,8356],"tags":[],"class_list":["post-91170","post","type-post","status-publish","format-standard","has-post-thumbnail","hentry","category-cultura","category-jundiai"],"_links":{"self":[{"href":"https:\/\/tvtecjundiai.com.br\/news\/wp-json\/wp\/v2\/posts\/91170","targetHints":{"allow":["GET"]}}],"collection":[{"href":"https:\/\/tvtecjundiai.com.br\/news\/wp-json\/wp\/v2\/posts"}],"about":[{"href":"https:\/\/tvtecjundiai.com.br\/news\/wp-json\/wp\/v2\/types\/post"}],"author":[{"embeddable":true,"href":"https:\/\/tvtecjundiai.com.br\/news\/wp-json\/wp\/v2\/users\/27"}],"replies":[{"embeddable":true,"href":"https:\/\/tvtecjundiai.com.br\/news\/wp-json\/wp\/v2\/comments?post=91170"}],"version-history":[{"count":1,"href":"https:\/\/tvtecjundiai.com.br\/news\/wp-json\/wp\/v2\/posts\/91170\/revisions"}],"predecessor-version":[{"id":91172,"href":"https:\/\/tvtecjundiai.com.br\/news\/wp-json\/wp\/v2\/posts\/91170\/revisions\/91172"}],"wp:featuredmedia":[{"embeddable":true,"href":"https:\/\/tvtecjundiai.com.br\/news\/wp-json\/wp\/v2\/media\/91171"}],"wp:attachment":[{"href":"https:\/\/tvtecjundiai.com.br\/news\/wp-json\/wp\/v2\/media?parent=91170"}],"wp:term":[{"taxonomy":"category","embeddable":true,"href":"https:\/\/tvtecjundiai.com.br\/news\/wp-json\/wp\/v2\/categories?post=91170"},{"taxonomy":"post_tag","embeddable":true,"href":"https:\/\/tvtecjundiai.com.br\/news\/wp-json\/wp\/v2\/tags?post=91170"}],"curies":[{"name":"wp","href":"https:\/\/api.w.org\/{rel}","templated":true}]}}