{"id":91268,"date":"2022-04-09T08:00:00","date_gmt":"2022-04-09T11:00:00","guid":{"rendered":"https:\/\/tvtecjundiai.com.br\/news\/?p=91268"},"modified":"2022-04-08T15:25:27","modified_gmt":"2022-04-08T18:25:27","slug":"conheca-a-biblioteca-publica-municipal-professor-nelson-foot","status":"publish","type":"post","link":"https:\/\/tvtecjundiai.com.br\/news\/2022\/04\/09\/conheca-a-biblioteca-publica-municipal-professor-nelson-foot\/","title":{"rendered":"Biblioteca P\u00fablica Municipal Professor Nelson Foot celebra Dia Nacional da Biblioteca"},"content":{"rendered":"\n<p>Neste s\u00e1bado (09), \u00e9 comemorado o <strong>Dia Nacional\u00a0da\u00a0Biblioteca! <\/strong>Reconhecendo a import\u00e2ncia desse espa\u00e7o para estimular cultura e aprendizagem, a Biblioteca P\u00fablica Municipal Professor Nelson Foot est\u00e1 com uma programa\u00e7\u00e3o especial: <\/p>\n\n\n\n<p>Com o objetivo de fomentar o gosto pela leitura entre crian\u00e7as de seis meses e quatro anos e cultivar o v\u00ednculo afetivo entre os pequenos e seus cuidadores, a a\u00e7\u00e3o &#8220;L\u00ea no Ninho&#8221; \u00e9 uma atividade l\u00fadica e prazerosa onde as crian\u00e7as ouvem hist\u00f3rias, brincam e cantam em um ambiente aconchegante, tendo seus cuidadores como parceiros.<\/p>\n\n\n\n<p>A media\u00e7\u00e3o \u00e9 com o livro &#8220;Uma biblioteca \u00e9 uma casa onde cabe toda a gente&#8221;, da autora Mafalda Milh\u00f5es. A sess\u00e3o, a partir das 11h, dura 60 minutos e tem vagas limitadas, com inscri\u00e7\u00e3o por ordem de chegada.<\/p>\n\n\n\n<div class=\"wp-block-image\"><figure class=\"aligncenter size-large is-resized\"><img loading=\"lazy\" decoding=\"async\" src=\"https:\/\/tvtecjundiai.com.br\/news\/wp-content\/uploads\/sites\/2\/2022\/04\/biblioteca-municipal-9-1-1280x850-1-1200x797.jpg\" alt=\"\" class=\"wp-image-91270\" width=\"704\" height=\"467\" srcset=\"https:\/\/tvtecjundiai.com.br\/news\/wp-content\/uploads\/sites\/2\/2022\/04\/biblioteca-municipal-9-1-1280x850-1-1200x797.jpg 1200w, https:\/\/tvtecjundiai.com.br\/news\/wp-content\/uploads\/sites\/2\/2022\/04\/biblioteca-municipal-9-1-1280x850-1-300x199.jpg 300w, https:\/\/tvtecjundiai.com.br\/news\/wp-content\/uploads\/sites\/2\/2022\/04\/biblioteca-municipal-9-1-1280x850-1-768x510.jpg 768w, https:\/\/tvtecjundiai.com.br\/news\/wp-content\/uploads\/sites\/2\/2022\/04\/biblioteca-municipal-9-1-1280x850-1.jpg 1280w\" sizes=\"auto, (max-width: 704px) 100vw, 704px\" \/><\/figure><\/div>\n\n\n\n<p><strong>Biblioteca P\u00fablica Municipal Professor Nelson Foot<\/strong><\/p>\n\n\n\n<p>Com seu nome em homenagem ao professor jundiaiense Nelson Foot, a Biblioteca P\u00fablica Municipal Professor Nelson Foot foi criada pela lei n\u00b0 1.656, de 11 de dezembro de 1969, e inaugurada em 18 de dezembro de 1971. O local fica no espa\u00e7o Guimar\u00e3es Rosa, no Complexo Argos. <\/p>\n\n\n\n<p>Al\u00e9m de proporcionar o acesso da popula\u00e7\u00e3o \u00e0 leitura e literatura, a biblioteca conta com uma programa\u00e7\u00e3o cultural extensa. O espa\u00e7o oferece ilumina\u00e7\u00e3o natural, \u00e1rea de conviv\u00eancia, gibiteca, \u00e1reas de leitura, sala de estudos, audit\u00f3rio, \u00e1rea de exposi\u00e7\u00e3o e \u00e1rea de acervo. Usu\u00e1rios da biblioteca tamb\u00e9m podem usar a internet e wi-fi, al\u00e9m de terminais de consulta.<\/p>\n\n\n\n<p>A Biblioteca Municipal Professor Nelson Foot fica aberta de segunda a sexta-feira, das 9h \u00e0s 21h, e aos s\u00e1bados das 9h \u00e0s 13h.<\/p>\n\n\n\n<p><strong><em>(Fonte: TVTEC Jundia\u00ed\/Imagem: Prefeitura de Jundia\u00ed)<\/em><\/strong><\/p>\n\n\n\n<p><\/p>\n\n\n\n<p><\/p>\n\n\n\n<p><\/p>\n","protected":false},"excerpt":{"rendered":"<p>Local oferece empr\u00e9stimo de livros, espa\u00e7o para leitura e estudos, acesso \u00e0 internet e muito mais<\/p>\n","protected":false},"author":30,"featured_media":91270,"comment_status":"closed","ping_status":"closed","sticky":false,"template":"","format":"standard","meta":{"footnotes":""},"categories":[2833,8356,8354,1],"tags":[],"class_list":["post-91268","post","type-post","status-publish","format-standard","has-post-thumbnail","hentry","category-cultura","category-jundiai","category-lazer","category-noticias"],"_links":{"self":[{"href":"https:\/\/tvtecjundiai.com.br\/news\/wp-json\/wp\/v2\/posts\/91268","targetHints":{"allow":["GET"]}}],"collection":[{"href":"https:\/\/tvtecjundiai.com.br\/news\/wp-json\/wp\/v2\/posts"}],"about":[{"href":"https:\/\/tvtecjundiai.com.br\/news\/wp-json\/wp\/v2\/types\/post"}],"author":[{"embeddable":true,"href":"https:\/\/tvtecjundiai.com.br\/news\/wp-json\/wp\/v2\/users\/30"}],"replies":[{"embeddable":true,"href":"https:\/\/tvtecjundiai.com.br\/news\/wp-json\/wp\/v2\/comments?post=91268"}],"version-history":[{"count":3,"href":"https:\/\/tvtecjundiai.com.br\/news\/wp-json\/wp\/v2\/posts\/91268\/revisions"}],"predecessor-version":[{"id":91277,"href":"https:\/\/tvtecjundiai.com.br\/news\/wp-json\/wp\/v2\/posts\/91268\/revisions\/91277"}],"wp:featuredmedia":[{"embeddable":true,"href":"https:\/\/tvtecjundiai.com.br\/news\/wp-json\/wp\/v2\/media\/91270"}],"wp:attachment":[{"href":"https:\/\/tvtecjundiai.com.br\/news\/wp-json\/wp\/v2\/media?parent=91268"}],"wp:term":[{"taxonomy":"category","embeddable":true,"href":"https:\/\/tvtecjundiai.com.br\/news\/wp-json\/wp\/v2\/categories?post=91268"},{"taxonomy":"post_tag","embeddable":true,"href":"https:\/\/tvtecjundiai.com.br\/news\/wp-json\/wp\/v2\/tags?post=91268"}],"curies":[{"name":"wp","href":"https:\/\/api.w.org\/{rel}","templated":true}]}}