{"id":91304,"date":"2022-04-09T13:48:10","date_gmt":"2022-04-09T16:48:10","guid":{"rendered":"https:\/\/tvtecjundiai.com.br\/news\/?p=91304"},"modified":"2022-04-09T13:48:15","modified_gmt":"2022-04-09T16:48:15","slug":"edicao-especial-de-retomada-da-sexta-no-centro-abre-a-programacao-do-24o-enredanca","status":"publish","type":"post","link":"https:\/\/tvtecjundiai.com.br\/news\/2022\/04\/09\/edicao-especial-de-retomada-da-sexta-no-centro-abre-a-programacao-do-24o-enredanca\/","title":{"rendered":"Edi\u00e7\u00e3o especial de retomada da Sexta no Centro abre a programa\u00e7\u00e3o do 24\u00ba Enredan\u00e7a"},"content":{"rendered":"\n<p>Com clima de grande expectativa por parte dos participantes, as Unidades de Gest\u00e3o de Cultura (UGC) e de Agroneg\u00f3cio, Abastecimento e Turismo (UGAAT) retomaram no fim de tarde desta sexta-feira (08) a programa\u00e7\u00e3o da Sexta no Centro na Pra\u00e7a Marechal Floriano Peixoto, a Pra\u00e7a do Coreto. A a\u00e7\u00e3o de retomada marca tamb\u00e9m a abertura oficial do&nbsp;<a href=\"https:\/\/cultura.jundiai.sp.gov.br\/enredanca\/\" target=\"_blank\" rel=\"noreferrer noopener\">24\u00ba festival Enredan\u00e7a, que tamb\u00e9m volta a ser presencial este ano, com programa\u00e7\u00e3o at\u00e9 o dia 24 de abril<\/a>.<\/p>\n\n\n\n<p><a href=\"https:\/\/www.flickr.com\/photos\/prefeituradejundiai\/albums\/72177720297960210\" target=\"_blank\" rel=\"noreferrer noopener\">CONFIRA AS FOTOS<\/a><\/p>\n\n\n\n<p>A abertura da programa\u00e7\u00e3o da noite ficou por conta do show \u201cM\u00fasica Preta Brasileira\u201d, com Rodolfo de Neguinho 3.1, e seguiu com os shows \u201cBrasilidades\u201d, com Maria P\u00e9rola e Banda; \u201cForr\u00f3 de Ver\u00e3o\u201d, com Serelepe; \u201cDo Blues ao Rock Alternativo\u201d, com a Banda Mamata; al\u00e9m da abertura oficial do Enredan\u00e7a, com flashmobs e apresenta\u00e7\u00f5es de coreografias de bailarinos da cidade.<\/p>\n\n\n\n<figure class=\"wp-block-image\"><img decoding=\"async\" src=\"https:\/\/jundiai.sp.gov.br\/noticias\/wp-content\/uploads\/sites\/32\/2022\/04\/sexta_no_centro-75.jpg\" alt=\"\" class=\"wp-image-289664\" \/><figcaption>Abertura da programa\u00e7\u00e3o musical ficou por conta de Rodolfo de Neguinho, Jean Sik, e Renato Lanza<\/figcaption><\/figure>\n\n\n\n<p>\u201cFica o nosso convite a todos os que vierem \u00e0 Pra\u00e7a esta noite para que sigam a programa\u00e7\u00e3o do Enredan\u00e7a e prestigiem sua programa\u00e7\u00e3o inteiramente gratuita ao longo do m\u00eas, que teve a inscri\u00e7\u00e3o de quase 700 bailarinos. Jundia\u00ed \u00e9 uma cidade que dan\u00e7a e contamos com a participa\u00e7\u00e3o de todos\u201d, comentou o gestor da UGC, Marcelo Peroni.<\/p>\n\n\n\n<p>O gestor da UGAAT, Eduardo Alvarez, tamb\u00e9m compartilhou a emo\u00e7\u00e3o da programa\u00e7\u00e3o. \u201c\u00c9 muita alegria estar de volta \u00e0 normalidade\u201d.<\/p>\n\n\n\n<p>O diretor do Departamento de Cultura da UGC, Jo\u00e3o Carlos De Luca, explicou o processo de escolhas das atra\u00e7\u00f5es da noite. \u201cA Sexta no Centro de 2020 foi a \u00faltima a\u00e7\u00e3o presencial que a Cultura realizou antes da pandemia e temos a felicidade de poder retom\u00e1-la. \u00c9 muito importante destacar que as contrata\u00e7\u00f5es dos artistas para se apresentar na Sexta no Centro s\u00e3o todas feitas atrav\u00e9s de editais lan\u00e7ados pela Cultura, como o CulturaMais e o Cultura Negra. Isso traz transpar\u00eancia e garantia de acesso igualit\u00e1rio a todos os proponentes\u201d.<\/p>\n\n\n\n<p>A cuidadora Sueli Faria, moradora do Jardim das Tulipas, aproveitou a programa\u00e7\u00e3o para levar passear a neta Mariah Faria Rosa, de oito anos, e sua amiga Ana Carolina Resende, de nove anos. \u201cEu sempre frequentei a Sexta no Centro e fiquei curiosa para prestigiar a sua retomada, acompanhada das meninas. Para mim esta iniciativa valoriza o Centro e eu achei importante traz\u00ea-las, para que conhe\u00e7am e gostem da cidade em que moram\u201d.<\/p>\n\n\n\n<figure class=\"wp-block-image\"><img decoding=\"async\" src=\"https:\/\/jundiai.sp.gov.br\/noticias\/wp-content\/uploads\/sites\/32\/2022\/04\/sexta_no_centro-218.jpg\" alt=\"\" class=\"wp-image-289666\" \/><figcaption>Sueli fez quest\u00e3o de trazer a neta e uma amiga para prestigiar a retomada da programa\u00e7\u00e3o<\/figcaption><\/figure>\n\n\n\n<p>A artes\u00e3 Solange Manoel participa pela primeira vez da programa\u00e7\u00e3o. \u201cFaz 18 anos que sou artes\u00e3, mas esta \u00e9 a primeira Sexta no Centro de que participo e, s\u00f3 de estar aqui, as expectativas s\u00e3o as melhores\u201d, comentou a artista, que vende materiais de bordado, bonecas e fuxicos.<\/p>\n\n\n\n<p>O permission\u00e1rio do varej\u00e3o Nivanir Oliveira, da barraca dos pasteis, tamb\u00e9m comemorou. \u201cEsta \u00e9 uma retomada importante, tanto para o com\u00e9rcio do Centro quanto para a cidade como um todo\u201d.<\/p>\n\n\n\n<p>Ao longo da programa\u00e7\u00e3o da noite, a Pra\u00e7a contar\u00e1 ainda com a presen\u00e7a de agentes da Guarda Municipal de Jundia\u00ed (GMJ) para rondas de seguran\u00e7a, e do Servi\u00e7o Especializado de Abordagem Social (SEAS), voltado para atendimento t\u00e9cnico \u00e0 popula\u00e7\u00e3o em situa\u00e7\u00e3o de rua.<\/p>\n\n\n\n<figure class=\"wp-block-image\"><img decoding=\"async\" src=\"https:\/\/jundiai.sp.gov.br\/noticias\/wp-content\/uploads\/sites\/32\/2022\/04\/sexta_no_centro-173.jpg\" alt=\"\" class=\"wp-image-289665\" \/><figcaption>Solange: \u201cS\u00f3 de estar aqui, as expectativas s\u00e3o as melhores\u201d<\/figcaption><\/figure>\n\n\n\n<p><strong>Mais Enredan\u00e7a<\/strong><br><a rel=\"noreferrer noopener\" href=\"https:\/\/cultura.jundiai.sp.gov.br\/enredanca\/\" target=\"_blank\">A programa\u00e7\u00e3o do 24\u00ba Enredan\u00e7a segue at\u00e9 o dia 24 de abril<\/a>, com workshops e masterclasses, mostras paralelas \u2013 com apresenta\u00e7\u00f5es em locais como o Complexo Fepasa \u2013 e apresenta\u00e7\u00f5es competitivas \u2013 no Teatro Polytheama, entre o s\u00e1bado (16) e o domingo (24). No \u00faltimo dia do festival ser\u00e3o realizados ainda a Matin\u00ea e a Noite de Gala, quando ser\u00e3o feitas as premia\u00e7\u00f5es para os melhores bailarinos, revela\u00e7\u00f5es, conjunto e coreografia.<\/p>\n\n\n\n<p><em>(Fonte\/Imagem: Prefeitura de Jundia\u00ed)<\/em><\/p>\n","protected":false},"excerpt":{"rendered":"<p>A programa\u00e7\u00e3o do 24\u00ba Enredan\u00e7a segue at\u00e9 o dia 24 de abril<\/p>\n","protected":false},"author":17,"featured_media":91305,"comment_status":"closed","ping_status":"closed","sticky":false,"template":"","format":"standard","meta":{"footnotes":""},"categories":[6272,2833,8356,1],"tags":[],"class_list":["post-91304","post","type-post","status-publish","format-standard","has-post-thumbnail","hentry","category-agronegocios","category-cultura","category-jundiai","category-noticias"],"_links":{"self":[{"href":"https:\/\/tvtecjundiai.com.br\/news\/wp-json\/wp\/v2\/posts\/91304","targetHints":{"allow":["GET"]}}],"collection":[{"href":"https:\/\/tvtecjundiai.com.br\/news\/wp-json\/wp\/v2\/posts"}],"about":[{"href":"https:\/\/tvtecjundiai.com.br\/news\/wp-json\/wp\/v2\/types\/post"}],"author":[{"embeddable":true,"href":"https:\/\/tvtecjundiai.com.br\/news\/wp-json\/wp\/v2\/users\/17"}],"replies":[{"embeddable":true,"href":"https:\/\/tvtecjundiai.com.br\/news\/wp-json\/wp\/v2\/comments?post=91304"}],"version-history":[{"count":1,"href":"https:\/\/tvtecjundiai.com.br\/news\/wp-json\/wp\/v2\/posts\/91304\/revisions"}],"predecessor-version":[{"id":91306,"href":"https:\/\/tvtecjundiai.com.br\/news\/wp-json\/wp\/v2\/posts\/91304\/revisions\/91306"}],"wp:featuredmedia":[{"embeddable":true,"href":"https:\/\/tvtecjundiai.com.br\/news\/wp-json\/wp\/v2\/media\/91305"}],"wp:attachment":[{"href":"https:\/\/tvtecjundiai.com.br\/news\/wp-json\/wp\/v2\/media?parent=91304"}],"wp:term":[{"taxonomy":"category","embeddable":true,"href":"https:\/\/tvtecjundiai.com.br\/news\/wp-json\/wp\/v2\/categories?post=91304"},{"taxonomy":"post_tag","embeddable":true,"href":"https:\/\/tvtecjundiai.com.br\/news\/wp-json\/wp\/v2\/tags?post=91304"}],"curies":[{"name":"wp","href":"https:\/\/api.w.org\/{rel}","templated":true}]}}