{"id":91317,"date":"2022-04-10T11:02:29","date_gmt":"2022-04-10T14:02:29","guid":{"rendered":"https:\/\/tvtecjundiai.com.br\/news\/?p=91317"},"modified":"2022-04-10T11:02:30","modified_gmt":"2022-04-10T14:02:30","slug":"audiencia-publica-de-revisao-do-plano-diretor-para-alteracoes-na-politica-habitacional-sera-no-dia-13-de-abril","status":"publish","type":"post","link":"https:\/\/tvtecjundiai.com.br\/news\/2022\/04\/10\/audiencia-publica-de-revisao-do-plano-diretor-para-alteracoes-na-politica-habitacional-sera-no-dia-13-de-abril\/","title":{"rendered":"Audi\u00eancia P\u00fablica de revis\u00e3o do Plano Diretor para altera\u00e7\u00f5es na pol\u00edtica habitacional ser\u00e1 no dia 13 de abril"},"content":{"rendered":"\n<p>A Unidade de Gest\u00e3o de Planejamento Urbano e Meio Ambiente (UGPUMA) e Funda\u00e7\u00e3o Municipal de A\u00e7\u00e3o Social (Fumas) promovem, na quarta-feira (13), a partir das 9h30, no audit\u00f3rio do Pa\u00e7o Municipal de Jundia\u00ed, a audi\u00eancia p\u00fablica de revis\u00e3o do Plano Diretor para altera\u00e7\u00f5es na pol\u00edtica habitacional.<\/p>\n\n\n\n<p>O projeto tem por finalidade alterar a Lei n\u00ba 9.321, de 11 de novembro de 2019. \u201c\u00c9 uma revis\u00e3o do Plano Diretor do munic\u00edpio, a fim de viabilizar a produ\u00e7\u00e3o de unidades habitacionais de interesse social na cidade. O material foi encaminhado para avalia\u00e7\u00e3o dos membros do Conselho de Pol\u00edtica Territorial e neste momento, o tema ser\u00e1 discutido com a popula\u00e7\u00e3o para oferecer transpar\u00eancia ao processo\u201d, explica o gestor da UGPUMA, Sin\u00e9sio Scarabello Filho.&nbsp;<\/p>\n\n\n\n<div class=\"wp-block-image\"><figure class=\"aligncenter\"><img decoding=\"async\" src=\"https:\/\/jundiai.sp.gov.br\/noticias\/wp-content\/uploads\/sites\/32\/2015\/03\/Obras_Apartamentos_Novo_Horizonte_c_10_G1-720x486.jpg\" alt=\"\" class=\"wp-image-130928\" \/><figcaption>Altera\u00e7\u00e3o vista ampliar possibilidade de empreendimentos habitacionais para baixa renda<\/figcaption><\/figure><\/div>\n\n\n\n<p>O objetivo \u00e9 ampliar a possibilidade de implanta\u00e7\u00e3o de empreendimentos habitacionais para a popula\u00e7\u00e3o de baixa renda, permitindo que eles sejam feitos em outras \u00e1reas do munic\u00edpio \u201cal\u00e9m daquelas j\u00e1 demarcadas nos mapas 2, 6 e 7 do Anexo I, a fim de incentivar as parcerias entre a iniciativa privada e o Poder P\u00fablico, considerando a excessiva demanda habitacional j\u00e1 apresentada, garantindo assim a essas fam\u00edlias o acesso \u00e0 moradia digna\u201d, esclarece a diretora de Urbanismo, Sylvia Angelini.<\/p>\n\n\n\n<p>\u201cAp\u00f3s o diagn\u00f3stico, verificamos a necessidade de propor tais altera\u00e7\u00f5es na legisla\u00e7\u00e3o municipal, visando criar uma nova pol\u00edtica de habita\u00e7\u00e3o e regulariza\u00e7\u00e3o, em conson\u00e2ncia com as leis federal e estadual. O principal objetivo \u00e9 atender aqueles que mais precisam\u201d, comenta o superintendente da Funda\u00e7\u00e3o Municipal de A\u00e7\u00e3o Social (FUMAS), Jos\u00e9 Galv\u00e3o Braga Campos.<\/p>\n\n\n\n<p><em>(Fonte\/Imagem: Prefeitura de Jundia\u00ed)<\/em><\/p>\n","protected":false},"excerpt":{"rendered":"<p>Audi\u00eancia come\u00e7a a partir das 9h30, no audit\u00f3rio do Pa\u00e7o Municipal<\/p>\n","protected":false},"author":17,"featured_media":91318,"comment_status":"closed","ping_status":"closed","sticky":false,"template":"","format":"standard","meta":{"footnotes":""},"categories":[8356,1],"tags":[],"class_list":["post-91317","post","type-post","status-publish","format-standard","has-post-thumbnail","hentry","category-jundiai","category-noticias"],"_links":{"self":[{"href":"https:\/\/tvtecjundiai.com.br\/news\/wp-json\/wp\/v2\/posts\/91317","targetHints":{"allow":["GET"]}}],"collection":[{"href":"https:\/\/tvtecjundiai.com.br\/news\/wp-json\/wp\/v2\/posts"}],"about":[{"href":"https:\/\/tvtecjundiai.com.br\/news\/wp-json\/wp\/v2\/types\/post"}],"author":[{"embeddable":true,"href":"https:\/\/tvtecjundiai.com.br\/news\/wp-json\/wp\/v2\/users\/17"}],"replies":[{"embeddable":true,"href":"https:\/\/tvtecjundiai.com.br\/news\/wp-json\/wp\/v2\/comments?post=91317"}],"version-history":[{"count":1,"href":"https:\/\/tvtecjundiai.com.br\/news\/wp-json\/wp\/v2\/posts\/91317\/revisions"}],"predecessor-version":[{"id":91319,"href":"https:\/\/tvtecjundiai.com.br\/news\/wp-json\/wp\/v2\/posts\/91317\/revisions\/91319"}],"wp:featuredmedia":[{"embeddable":true,"href":"https:\/\/tvtecjundiai.com.br\/news\/wp-json\/wp\/v2\/media\/91318"}],"wp:attachment":[{"href":"https:\/\/tvtecjundiai.com.br\/news\/wp-json\/wp\/v2\/media?parent=91317"}],"wp:term":[{"taxonomy":"category","embeddable":true,"href":"https:\/\/tvtecjundiai.com.br\/news\/wp-json\/wp\/v2\/categories?post=91317"},{"taxonomy":"post_tag","embeddable":true,"href":"https:\/\/tvtecjundiai.com.br\/news\/wp-json\/wp\/v2\/tags?post=91317"}],"curies":[{"name":"wp","href":"https:\/\/api.w.org\/{rel}","templated":true}]}}