{"id":91371,"date":"2022-04-11T13:25:31","date_gmt":"2022-04-11T16:25:31","guid":{"rendered":"https:\/\/tvtecjundiai.com.br\/news\/?p=91371"},"modified":"2022-04-11T13:25:36","modified_gmt":"2022-04-11T16:25:36","slug":"enredanca-cultura-abre-280-vagas-gratuitas-para-workshops-e-aulas-com-profissionais-renomados","status":"publish","type":"post","link":"https:\/\/tvtecjundiai.com.br\/news\/2022\/04\/11\/enredanca-cultura-abre-280-vagas-gratuitas-para-workshops-e-aulas-com-profissionais-renomados\/","title":{"rendered":"Enredan\u00e7a: Cultura abre 280 vagas gratuitas para workshops e aulas com profissionais renomados"},"content":{"rendered":"\n<p>Como parte da programa\u00e7\u00e3o formativa do&nbsp;<a href=\"https:\/\/cultura.jundiai.sp.gov.br\/enredanca\/\" target=\"_blank\" rel=\"noreferrer noopener\">24\u00ba Enredan\u00e7a<\/a>, a Unidade de Gest\u00e3o de Cultura (UGC) abre, a partir das 18h desta segunda-feira (11), as inscri\u00e7\u00f5es gratuitas para workshops e masterclasses gratuitos com profissionais renomados do mundo da Dan\u00e7a. No total, ser\u00e3o disponibilizadas 280 vagas gratuitas, para realiza\u00e7\u00e3o de oito oficinas, entre os s\u00e1bados 16 e 23 de abril.<\/p>\n\n\n\n<p>Confira a programa\u00e7\u00e3o completa pelo site: <a href=\"https:\/\/cultura.jundiai.sp.gov.br\/workshops-e-masterclasses-gratuitos\/\">https:\/\/cultura.jundiai.sp.gov.br\/workshops-e-masterclasses-gratuitos\/<\/a><\/p>\n\n\n\n<p>Um dos destaques da programa\u00e7\u00e3o \u00e9 a volta da participa\u00e7\u00e3o da famosa e renomada bailarina Ana Botafogo, que realiza duas masterclasses (esp\u00e9cie de aula oferecida por especialistas em determinada \u00e1rea do conhecimento) de Ballet Cl\u00e1ssico: uma na sexta-feira (22), a partir das 10h30, para N\u00edvel Intermedi\u00e1rio; e outra no s\u00e1bado (23), no mesmo hor\u00e1rio, para N\u00edvel Avan\u00e7ado.<\/p>\n\n\n\n<figure class=\"wp-block-image size-large\"><img loading=\"lazy\" decoding=\"async\" width=\"1200\" height=\"788\" src=\"https:\/\/tvtecjundiai.com.br\/news\/wp-content\/uploads\/sites\/2\/2022\/04\/enredanca_ana_botafogo-619-1200x788.jpg\" alt=\"\" class=\"wp-image-91372\" srcset=\"https:\/\/tvtecjundiai.com.br\/news\/wp-content\/uploads\/sites\/2\/2022\/04\/enredanca_ana_botafogo-619-1200x788.jpg 1200w, https:\/\/tvtecjundiai.com.br\/news\/wp-content\/uploads\/sites\/2\/2022\/04\/enredanca_ana_botafogo-619-300x197.jpg 300w, https:\/\/tvtecjundiai.com.br\/news\/wp-content\/uploads\/sites\/2\/2022\/04\/enredanca_ana_botafogo-619-768x505.jpg 768w, https:\/\/tvtecjundiai.com.br\/news\/wp-content\/uploads\/sites\/2\/2022\/04\/enredanca_ana_botafogo-619.jpg 1280w\" sizes=\"auto, (max-width: 1200px) 100vw, 1200px\" \/><figcaption>Ana Botafogo realiza duas masterclasses de Ballet Cl\u00e1ssico<\/figcaption><\/figure>\n\n\n\n<p>O diretor art\u00edstico da Cia. Jovem de Dan\u00e7a, corpo art\u00edstico ligado \u00e0 UGC, Alex Soares, realiza um workshop de Contempor\u00e2neo, no domingo (17), a partir das 10h30.<\/p>\n\n\n\n<p>A programa\u00e7\u00e3o traz tamb\u00e9m os workshops de Jazz, com Vivien Fortes e Caio Nunes; Contempor\u00e2neo, com Andrea Pivato; Dan\u00e7a Urbana, com Edson Guiu; e Ballet Cl\u00e1ssico, com Esmeralda Gazal.<\/p>\n\n\n\n<p>A sele\u00e7\u00e3o dos participantes ser\u00e1 por ordem de inscri\u00e7\u00e3o on-line. Para os inscritos, as atividades presenciais ser\u00e3o realizadas na Sala Hermeto Pascoal do Complexo Fepasa, que fica na avenida Uni\u00e3o dos Ferrovi\u00e1rios, 1760. Mais informa\u00e7\u00f5es pelo telefone (11) 4589-6800.<\/p>\n\n\n\n<p>A programa\u00e7\u00e3o completa do&nbsp;<a href=\"https:\/\/cultura.jundiai.sp.gov.br\/enredanca\/\" target=\"_blank\" rel=\"noreferrer noopener\">24\u00ba Enredan\u00e7a, com as apresenta\u00e7\u00f5es das mostras Paralela e Competitiva, pode ser conferida na internet<\/a>.<\/p>\n","protected":false},"excerpt":{"rendered":"<p>Um dos destaques \u00e9 a volta da participa\u00e7\u00e3o da famosa bailarina Ana Botafogo<\/p>\n","protected":false},"author":30,"featured_media":91372,"comment_status":"closed","ping_status":"closed","sticky":false,"template":"","format":"standard","meta":{"footnotes":""},"categories":[2833,8356,1],"tags":[],"class_list":["post-91371","post","type-post","status-publish","format-standard","has-post-thumbnail","hentry","category-cultura","category-jundiai","category-noticias"],"_links":{"self":[{"href":"https:\/\/tvtecjundiai.com.br\/news\/wp-json\/wp\/v2\/posts\/91371","targetHints":{"allow":["GET"]}}],"collection":[{"href":"https:\/\/tvtecjundiai.com.br\/news\/wp-json\/wp\/v2\/posts"}],"about":[{"href":"https:\/\/tvtecjundiai.com.br\/news\/wp-json\/wp\/v2\/types\/post"}],"author":[{"embeddable":true,"href":"https:\/\/tvtecjundiai.com.br\/news\/wp-json\/wp\/v2\/users\/30"}],"replies":[{"embeddable":true,"href":"https:\/\/tvtecjundiai.com.br\/news\/wp-json\/wp\/v2\/comments?post=91371"}],"version-history":[{"count":1,"href":"https:\/\/tvtecjundiai.com.br\/news\/wp-json\/wp\/v2\/posts\/91371\/revisions"}],"predecessor-version":[{"id":91373,"href":"https:\/\/tvtecjundiai.com.br\/news\/wp-json\/wp\/v2\/posts\/91371\/revisions\/91373"}],"wp:featuredmedia":[{"embeddable":true,"href":"https:\/\/tvtecjundiai.com.br\/news\/wp-json\/wp\/v2\/media\/91372"}],"wp:attachment":[{"href":"https:\/\/tvtecjundiai.com.br\/news\/wp-json\/wp\/v2\/media?parent=91371"}],"wp:term":[{"taxonomy":"category","embeddable":true,"href":"https:\/\/tvtecjundiai.com.br\/news\/wp-json\/wp\/v2\/categories?post=91371"},{"taxonomy":"post_tag","embeddable":true,"href":"https:\/\/tvtecjundiai.com.br\/news\/wp-json\/wp\/v2\/tags?post=91371"}],"curies":[{"name":"wp","href":"https:\/\/api.w.org\/{rel}","templated":true}]}}