{"id":91424,"date":"2022-04-12T13:09:32","date_gmt":"2022-04-12T16:09:32","guid":{"rendered":"https:\/\/tvtecjundiai.com.br\/news\/?p=91424"},"modified":"2022-04-12T13:09:33","modified_gmt":"2022-04-12T16:09:33","slug":"teatro-polytheama-ganha-novos-numeros-de-telefone-para-atendimento-ao-publico","status":"publish","type":"post","link":"https:\/\/tvtecjundiai.com.br\/news\/2022\/04\/12\/teatro-polytheama-ganha-novos-numeros-de-telefone-para-atendimento-ao-publico\/","title":{"rendered":"Teatro Polytheama ganha novos n\u00fameros de telefone para atendimento ao p\u00fablico"},"content":{"rendered":"\n<p>Com a transfer\u00eancia do setor administrativo do Departamento de Teatros para a sede da Unidade de Gest\u00e3o de Cultura (UGC) no Complexo Fepasa, o Teatro Polytheama ganha novos n\u00fameros para atendimento aos mun\u00edcipes.<\/p>\n\n\n\n<p>Os novos telefones do setor administrativo s\u00e3o (11) 4589-6835 e (11) 4589-6836 e o atendimento \u00e9 de segunda a sexta-feira, das 8h \u00e0s 16h30. O Complexo Fepasa fica na avenida Uni\u00e3o dos Ferrovi\u00e1rios, 1760.<\/p>\n\n\n\n<div class=\"wp-block-image\"><figure class=\"aligncenter size-full is-resized\"><img loading=\"lazy\" decoding=\"async\" src=\"https:\/\/tvtecjundiai.com.br\/news\/wp-content\/uploads\/sites\/2\/2022\/04\/teatro_polytheama1.jpg\" alt=\"\" class=\"wp-image-91425\" width=\"740\" height=\"493\" srcset=\"https:\/\/tvtecjundiai.com.br\/news\/wp-content\/uploads\/sites\/2\/2022\/04\/teatro_polytheama1.jpg 1024w, https:\/\/tvtecjundiai.com.br\/news\/wp-content\/uploads\/sites\/2\/2022\/04\/teatro_polytheama1-300x200.jpg 300w, https:\/\/tvtecjundiai.com.br\/news\/wp-content\/uploads\/sites\/2\/2022\/04\/teatro_polytheama1-768x512.jpg 768w\" sizes=\"auto, (max-width: 740px) 100vw, 740px\" \/><\/figure><\/div>\n\n\n\n<p>A Bilheteria, que segue no Teatro, continua atendendo atrav\u00e9s do n\u00famero (11) 4582-2472, e \u00e9 o n\u00famero para o qual os interessados devem ligar para obter informa\u00e7\u00f5es sobre ingressos e programa\u00e7\u00e3o. O Teatro fica na rua Bar\u00e3o de Jundia\u00ed, 176 \u2013 Centro, e a bilheteria funciona de ter\u00e7a a sexta-feira, das 10h \u00e0s 20h; aos s\u00e1bados, domingos e feriados, a bilheteria funciona somente se houver espet\u00e1culo programado, e atende das 10h \u00e0s 17h.<\/p>\n\n\n\n<p><strong><em>(Fonte\/Imagem: Prefeitura de Jundia\u00ed)<\/em><\/strong><\/p>\n","protected":false},"excerpt":{"rendered":"<p>Novos telefones do setor administrativo s\u00e3o (11) 4589-6835 e (11) 4589-6836<\/p>\n","protected":false},"author":30,"featured_media":91425,"comment_status":"closed","ping_status":"closed","sticky":false,"template":"","format":"standard","meta":{"footnotes":""},"categories":[2833,8356,1],"tags":[],"class_list":["post-91424","post","type-post","status-publish","format-standard","has-post-thumbnail","hentry","category-cultura","category-jundiai","category-noticias"],"_links":{"self":[{"href":"https:\/\/tvtecjundiai.com.br\/news\/wp-json\/wp\/v2\/posts\/91424","targetHints":{"allow":["GET"]}}],"collection":[{"href":"https:\/\/tvtecjundiai.com.br\/news\/wp-json\/wp\/v2\/posts"}],"about":[{"href":"https:\/\/tvtecjundiai.com.br\/news\/wp-json\/wp\/v2\/types\/post"}],"author":[{"embeddable":true,"href":"https:\/\/tvtecjundiai.com.br\/news\/wp-json\/wp\/v2\/users\/30"}],"replies":[{"embeddable":true,"href":"https:\/\/tvtecjundiai.com.br\/news\/wp-json\/wp\/v2\/comments?post=91424"}],"version-history":[{"count":1,"href":"https:\/\/tvtecjundiai.com.br\/news\/wp-json\/wp\/v2\/posts\/91424\/revisions"}],"predecessor-version":[{"id":91426,"href":"https:\/\/tvtecjundiai.com.br\/news\/wp-json\/wp\/v2\/posts\/91424\/revisions\/91426"}],"wp:featuredmedia":[{"embeddable":true,"href":"https:\/\/tvtecjundiai.com.br\/news\/wp-json\/wp\/v2\/media\/91425"}],"wp:attachment":[{"href":"https:\/\/tvtecjundiai.com.br\/news\/wp-json\/wp\/v2\/media?parent=91424"}],"wp:term":[{"taxonomy":"category","embeddable":true,"href":"https:\/\/tvtecjundiai.com.br\/news\/wp-json\/wp\/v2\/categories?post=91424"},{"taxonomy":"post_tag","embeddable":true,"href":"https:\/\/tvtecjundiai.com.br\/news\/wp-json\/wp\/v2\/tags?post=91424"}],"curies":[{"name":"wp","href":"https:\/\/api.w.org\/{rel}","templated":true}]}}