{"id":9181,"date":"2018-04-23T07:53:22","date_gmt":"2018-04-23T10:53:22","guid":{"rendered":"https:\/\/tvtecjundiai.com.br\/news\/?p=9181"},"modified":"2020-06-02T17:25:59","modified_gmt":"2020-06-02T20:25:59","slug":"ginastica-artistica-e-tema-da-acao-na-emeb-pedro-de-oliveira","status":"publish","type":"post","link":"https:\/\/tvtecjundiai.com.br\/news\/2018\/04\/23\/ginastica-artistica-e-tema-da-acao-na-emeb-pedro-de-oliveira\/","title":{"rendered":"Gin\u00e1stica Art\u00edstica \u00e9 tema da a\u00e7\u00e3o na EMEB Pedro de Oliveira"},"content":{"rendered":"<div id=\"attachment_9182\" style=\"width: 381px\" class=\"wp-caption alignright\"><a href=\"https:\/\/tvtecjundiai.com.br\/news\/wp-content\/uploads\/sites\/2\/2018\/04\/bolao_ginastica-olimpica-13-2.jpg\"><img loading=\"lazy\" decoding=\"async\" aria-describedby=\"caption-attachment-9182\" class=\"wp-image-9182\" src=\"https:\/\/tvtecjundiai.com.br\/news\/wp-content\/uploads\/sites\/2\/2018\/04\/bolao_ginastica-olimpica-13-2-300x232.jpg\" alt=\"\" width=\"371\" height=\"287\" srcset=\"https:\/\/tvtecjundiai.com.br\/news\/wp-content\/uploads\/sites\/2\/2018\/04\/bolao_ginastica-olimpica-13-2-300x232.jpg 300w, https:\/\/tvtecjundiai.com.br\/news\/wp-content\/uploads\/sites\/2\/2018\/04\/bolao_ginastica-olimpica-13-2-768x595.jpg 768w, https:\/\/tvtecjundiai.com.br\/news\/wp-content\/uploads\/sites\/2\/2018\/04\/bolao_ginastica-olimpica-13-2-1200x929.jpg 1200w, https:\/\/tvtecjundiai.com.br\/news\/wp-content\/uploads\/sites\/2\/2018\/04\/bolao_ginastica-olimpica-13-2.jpg 1240w\" sizes=\"auto, (max-width: 371px) 100vw, 371px\" \/><\/a><p id=\"caption-attachment-9182\" class=\"wp-caption-text\">A modalidade tem rela\u00e7\u00e3o com a grade curricular da institui\u00e7\u00e3o de ensino, de acordo com a diretora da escola<\/p><\/div>\n<p>O Departamento de Esporte Educacional e Participa\u00e7\u00e3o da Unidade de Gest\u00e3o de Esporte e Lazer (UGEL) promover\u00e1, na pr\u00f3xima ter\u00e7a-feira (24), apresenta\u00e7\u00e3o de Gin\u00e1stica Art\u00edstica (GA) para os alunos da Escola Municipal de Educa\u00e7\u00e3o B\u00e1sica Pedro de Oliveira, \u00e0s 14h30.<\/p>\n<p>A apresenta\u00e7\u00e3o da modalidade ser\u00e1 feita por 30 alunos, que participam das aulas no Siqueira Neto e na Unidade de Apoio Boa Vista. De acordo com a diretora do Departamento de Esporte Educacional e de Participa\u00e7\u00e3o, M\u00e1rcia Pavan Guilherme, a atividade ser\u00e1 estendida para mais escolas e com outras modalidades.<\/p>\n<p>\u201cA inten\u00e7\u00e3o \u00e9 mostrar para a comunidade tudo o que \u00e9 ofertado para a popula\u00e7\u00e3o, nos complexos esportivos, de forma gratuita. Essa mostra n\u00e3o ser\u00e1 restrita para as escolas p\u00fablicas, atingindo tamb\u00e9m as institui\u00e7\u00f5es particulares\u201d, comenta.<\/p>\n<p>A escolha da Gin\u00e1stica Art\u00edstica, segundo a diretora, tem rela\u00e7\u00e3o com a grade curricular da institui\u00e7\u00e3o de ensino. \u201cAtualmente os 120 estudam o esporte durante as aulas de educa\u00e7\u00e3o f\u00edsica. Haver\u00e1 conversa com o educador e com as crian\u00e7as do TIME Jundia\u00ed que j\u00e1 praticam a modalidade para esclarecer d\u00favidas e apresentar as op\u00e7\u00f5es de como praticar GA na rede\u201d, detalha.<\/p>\n<p>Segundo a diretora, os interessados em praticar a modalidade gratuitamente devem procurar um complexo pr\u00f3ximo da resid\u00eancia e que tenha a oferta da GA. A programa\u00e7\u00e3o de aulas podem ser consultadas neste\u00a0<a href=\"https:\/\/jundiai.sp.gov.br\/esportes\/complexos-educacionais-culturais-e-esportivos\/\" target=\"_blank\" rel=\"noopener noreferrer\">link<\/a>\u00a0.<\/p>\n<p><em>(Fonte: Prefeitura de Jundia\u00ed)<\/em><\/p>\n","protected":false},"excerpt":{"rendered":"<p>A inten\u00e7\u00e3o \u00e9 aproximar os estudantes das modalidades ofertadas gratuitamente nos Complexos Esportivos<\/p>\n","protected":false},"author":11,"featured_media":9182,"comment_status":"closed","ping_status":"closed","sticky":false,"template":"","format":"standard","meta":{"footnotes":""},"categories":[2827,1],"tags":[2931,2932,271,2847,556,1318],"class_list":["post-9181","post","type-post","status-publish","format-standard","has-post-thumbnail","hentry","category-esportes-e-lazer","category-noticias","tag-departamento-de-esporte-educacional-e-participacao","tag-emeb-pedro-de-oliveira","tag-esportes","tag-ginastica-artistica","tag-noticias","tag-ugel"],"_links":{"self":[{"href":"https:\/\/tvtecjundiai.com.br\/news\/wp-json\/wp\/v2\/posts\/9181","targetHints":{"allow":["GET"]}}],"collection":[{"href":"https:\/\/tvtecjundiai.com.br\/news\/wp-json\/wp\/v2\/posts"}],"about":[{"href":"https:\/\/tvtecjundiai.com.br\/news\/wp-json\/wp\/v2\/types\/post"}],"author":[{"embeddable":true,"href":"https:\/\/tvtecjundiai.com.br\/news\/wp-json\/wp\/v2\/users\/11"}],"replies":[{"embeddable":true,"href":"https:\/\/tvtecjundiai.com.br\/news\/wp-json\/wp\/v2\/comments?post=9181"}],"version-history":[{"count":3,"href":"https:\/\/tvtecjundiai.com.br\/news\/wp-json\/wp\/v2\/posts\/9181\/revisions"}],"predecessor-version":[{"id":56886,"href":"https:\/\/tvtecjundiai.com.br\/news\/wp-json\/wp\/v2\/posts\/9181\/revisions\/56886"}],"wp:featuredmedia":[{"embeddable":true,"href":"https:\/\/tvtecjundiai.com.br\/news\/wp-json\/wp\/v2\/media\/9182"}],"wp:attachment":[{"href":"https:\/\/tvtecjundiai.com.br\/news\/wp-json\/wp\/v2\/media?parent=9181"}],"wp:term":[{"taxonomy":"category","embeddable":true,"href":"https:\/\/tvtecjundiai.com.br\/news\/wp-json\/wp\/v2\/categories?post=9181"},{"taxonomy":"post_tag","embeddable":true,"href":"https:\/\/tvtecjundiai.com.br\/news\/wp-json\/wp\/v2\/tags?post=9181"}],"curies":[{"name":"wp","href":"https:\/\/api.w.org\/{rel}","templated":true}]}}