{"id":91884,"date":"2022-04-25T12:32:15","date_gmt":"2022-04-25T15:32:15","guid":{"rendered":"https:\/\/tvtecjundiai.com.br\/news\/?p=91884"},"modified":"2022-04-25T13:44:29","modified_gmt":"2022-04-25T16:44:29","slug":"enredanca-festival-chega-ao-fim-com-noite-de-gala-e-premiacoes","status":"publish","type":"post","link":"https:\/\/tvtecjundiai.com.br\/news\/2022\/04\/25\/enredanca-festival-chega-ao-fim-com-noite-de-gala-e-premiacoes\/","title":{"rendered":"Enredan\u00e7a: festival chega ao fim com noite de gala e premia\u00e7\u00f5es"},"content":{"rendered":"\n<p>O 24\u00ba Festival Enredan\u00e7a chegou ao fim com uma noite especial: sobre o palco do Teatro Polytheama, na noite deste domingo (24), ganharam espa\u00e7o todas as apresenta\u00e7\u00f5es e bailarinos premiados com as primeiras coloca\u00e7\u00f5es em todas as categorias do festival. Ao todo, 25 apresenta\u00e7\u00f5es e, em seguida, a entrega dos trof\u00e9us.<\/p>\n\n\n\n<p>\u201cO Enredan\u00e7a chega ao fim com um saldo mais que positivo, sendo a comprova\u00e7\u00e3o de que o investimento em Cultura d\u00e1 certo, d\u00e1 resultado, e sendo uma marca importante no calend\u00e1rio de eventos de nossa cidade\u201d, afirma o gestor de Cultura de Jundia\u00ed, Marcelo Peroni. \u201cA gest\u00e3o do prefeito Luiz Fernando Machado pensa no humano e em suas potencialidades e a Cultura faz parte de tudo isso.\u201d<\/p>\n\n\n\n<p>Tamb\u00e9m esteve presente na noite a renomada bailarina Ana Botafogo, que, durante o festival, deu dois masterclasses a 70 bailarinos e participou do j\u00fari da Mostra Competitiva. \u201cEstou emocionada. A dan\u00e7a n\u00e3o se faz apenas com um bailarino, mas com todos as pessoas que aqui trabalham\u201d, disse. \u201cNesta semana que chega ao fim, Jundia\u00ed respirou a dan\u00e7a.\u201d<\/p>\n\n\n\n<p>Pouco antes da entrega de pr\u00eamios, Peroni levou ao palco os funcion\u00e1rios da Unidade de Gest\u00e3o de Cultura e outros profissionais que trabalharam durante o festival. \u201cEles merecem todo nosso respeito\u201d, declarou Peroni.<\/p>\n\n\n\n<p>Na primeira fileira, a dona de casa Maira Shinohara prestigiou a apresenta\u00e7\u00e3o da filha, que \u00e9 bailarina, e cujo grupo foi premiado com o primeiro lugar na categoria jazz em conjunto. \u201cMinha filha Yasmin tem 12 anos e a dan\u00e7a tem feito muito bem para sua vida\u201d, declara a m\u00e3e. \u201cO Festival Enredan\u00e7a foi muito bom.\u201d<\/p>\n\n\n\n<p>Primeiro lugar na categoria jazz infantil com a apresenta\u00e7\u00e3o \u201cUma viagem, mil flashes\u201d e pela primeira vez no Enredan\u00e7a, a pequena Lia Rondon Melo, 6 anos, arrancou aplausos do p\u00fablico. A pequena bailarina ainda ganhou o pr\u00eamio para bailarina revela\u00e7\u00e3o infantil e juvenil. \u201cPerdi as contas de quantas vezes eu ensaiei\u201d, conta. \u201d Adoro dan\u00e7ar e quero continuar dan\u00e7ando.\u201d Sua core\u00f3grafa \u00e9 tamb\u00e9m sua tia, Andressa Rondon Omar, da escola Premiere. \u201cCoreografar crian\u00e7as \u00e9 um desafio\u201d, afirmou ela. \u201cPara o bailarino, um festival como o Enredan\u00e7a \u00e9 muito importante, pois ele se prepara para esse momento, passa a ter um foco com seu trabalho.\u201d<\/p>\n\n\n\n<figure class=\"wp-block-image\"><img decoding=\"async\" src=\"https:\/\/jundiai.sp.gov.br\/noticias\/wp-content\/uploads\/sites\/32\/2022\/04\/enredanca_noite-de-gala-10.jpg\" alt=\"DESCRI\u00c7\u00c3O DE IMAGEM: Bailarina Ana Botafogo, com vestido geom\u00e9trico em tom verde e detalhes em azul e marrom, com colar de p\u00e9rolas grandes, entrega trof\u00e9u em acr\u00edlico, colorido com o logotipo do evento Enredan\u00e7a para participante, crian\u00e7a, vestida com roupa colorida e la\u00e7os no cabelo.\" class=\"wp-image-290600\" \/><figcaption>Apresenta\u00e7\u00f5es e premia\u00e7\u00f5es ocorreram na noite de domingo (24), no palco do Teatro Polytheama<\/figcaption><\/figure>\n\n\n\n<p>Ap\u00f3s a entrega dos pr\u00eamios do j\u00fari foram entregues os pr\u00eamios do voto popular. A noite ainda contou com a apresenta\u00e7\u00e3o do espet\u00e1culo \u201cPaquita\u201d, da CIA Jovem de Dan\u00e7a da cidade. Ao todo, mais de 600 bailarinos passaram pelo festival.<\/p>\n\n\n\n<p>Confira&nbsp;<a href=\"https:\/\/cultura.jundiai.sp.gov.br\/enredanca\/premiacoes\/\">AQUI<\/a>&nbsp;a rela\u00e7\u00e3o de todos os premiados.<\/p>\n\n\n\n<p><strong><em>(Fonte\/Imagem: Prefeitura de Jundia\u00ed)<\/em><\/strong><\/p>\n","protected":false},"excerpt":{"rendered":"<p>Ganharam espa\u00e7o os bailarinos premiados com as primeiras coloca\u00e7\u00f5es<\/p>\n","protected":false},"author":27,"featured_media":91885,"comment_status":"closed","ping_status":"closed","sticky":false,"template":"","format":"standard","meta":{"footnotes":""},"categories":[2833,29,8356,8354,1],"tags":[],"class_list":["post-91884","post","type-post","status-publish","format-standard","has-post-thumbnail","hentry","category-cultura","category-destaque","category-jundiai","category-lazer","category-noticias"],"_links":{"self":[{"href":"https:\/\/tvtecjundiai.com.br\/news\/wp-json\/wp\/v2\/posts\/91884","targetHints":{"allow":["GET"]}}],"collection":[{"href":"https:\/\/tvtecjundiai.com.br\/news\/wp-json\/wp\/v2\/posts"}],"about":[{"href":"https:\/\/tvtecjundiai.com.br\/news\/wp-json\/wp\/v2\/types\/post"}],"author":[{"embeddable":true,"href":"https:\/\/tvtecjundiai.com.br\/news\/wp-json\/wp\/v2\/users\/27"}],"replies":[{"embeddable":true,"href":"https:\/\/tvtecjundiai.com.br\/news\/wp-json\/wp\/v2\/comments?post=91884"}],"version-history":[{"count":3,"href":"https:\/\/tvtecjundiai.com.br\/news\/wp-json\/wp\/v2\/posts\/91884\/revisions"}],"predecessor-version":[{"id":91893,"href":"https:\/\/tvtecjundiai.com.br\/news\/wp-json\/wp\/v2\/posts\/91884\/revisions\/91893"}],"wp:featuredmedia":[{"embeddable":true,"href":"https:\/\/tvtecjundiai.com.br\/news\/wp-json\/wp\/v2\/media\/91885"}],"wp:attachment":[{"href":"https:\/\/tvtecjundiai.com.br\/news\/wp-json\/wp\/v2\/media?parent=91884"}],"wp:term":[{"taxonomy":"category","embeddable":true,"href":"https:\/\/tvtecjundiai.com.br\/news\/wp-json\/wp\/v2\/categories?post=91884"},{"taxonomy":"post_tag","embeddable":true,"href":"https:\/\/tvtecjundiai.com.br\/news\/wp-json\/wp\/v2\/tags?post=91884"}],"curies":[{"name":"wp","href":"https:\/\/api.w.org\/{rel}","templated":true}]}}