{"id":91915,"date":"2022-04-26T09:02:25","date_gmt":"2022-04-26T12:02:25","guid":{"rendered":"https:\/\/tvtecjundiai.com.br\/news\/?p=91915"},"modified":"2022-04-26T09:02:28","modified_gmt":"2022-04-26T12:02:28","slug":"vida-e-obra-de-rita-lee-sao-destaque-no-musica-historias-no-polytheama-desta-quinta-28","status":"publish","type":"post","link":"https:\/\/tvtecjundiai.com.br\/news\/2022\/04\/26\/vida-e-obra-de-rita-lee-sao-destaque-no-musica-historias-no-polytheama-desta-quinta-28\/","title":{"rendered":"Vida e obra de Rita Lee s\u00e3o destaque no \u2018M\u00fasica &amp; Hist\u00f3rias\u2019 no Polytheama desta quinta (28)"},"content":{"rendered":"\n<p>Com a proposta de apresentar ao p\u00fablico a vida e a obra da cantora e compositora Rita Lee, a Unidade de Gest\u00e3o de Cultura (UGC) promove com este tema a oitava edi\u00e7\u00e3o do \u201cM\u00fasica &amp; Hist\u00f3rias\u201d, no Teatro Polytheama, nesta quinta-feira (28), a partir das 19h30.<\/p>\n\n\n\n<p>O espet\u00e1culo, que leva o nome \u201cRita Hits\u201d, vai reunir no palco do teatro os m\u00fasicos Renata Iacovino (voz e viol\u00e3o), Fernando Gambini (piano, teclado e guitarra), Cah\u00ea Boldrini (contrabaixo) e Rog\u00e9rio Silvestroni (bateria). Tamb\u00e9m participam do show os atores Daniel Dutra e Fl\u00e1via Thaina, al\u00e9m dos bailarinos da Academia Dance Company.<\/p>\n\n\n\n<figure class=\"wp-block-image size-large\"><img loading=\"lazy\" decoding=\"async\" width=\"1200\" height=\"800\" src=\"https:\/\/tvtecjundiai.com.br\/news\/wp-content\/uploads\/sites\/2\/2022\/04\/musica_e_historias_teatro_polytheama-66-1-1200x800.jpg\" alt=\"\" class=\"wp-image-91916\" srcset=\"https:\/\/tvtecjundiai.com.br\/news\/wp-content\/uploads\/sites\/2\/2022\/04\/musica_e_historias_teatro_polytheama-66-1-1200x800.jpg 1200w, https:\/\/tvtecjundiai.com.br\/news\/wp-content\/uploads\/sites\/2\/2022\/04\/musica_e_historias_teatro_polytheama-66-1-300x200.jpg 300w, https:\/\/tvtecjundiai.com.br\/news\/wp-content\/uploads\/sites\/2\/2022\/04\/musica_e_historias_teatro_polytheama-66-1-768x512.jpg 768w, https:\/\/tvtecjundiai.com.br\/news\/wp-content\/uploads\/sites\/2\/2022\/04\/musica_e_historias_teatro_polytheama-66-1.jpg 1280w\" sizes=\"auto, (max-width: 1200px) 100vw, 1200px\" \/><figcaption>Oitava edi\u00e7\u00e3o do M\u00fasica &amp; Hist\u00f3rias celebra a cantora e compositora Rita Lee<\/figcaption><\/figure>\n\n\n\n<p>Para o gestor de Cultura, Marcelo Peroni, a ideia do \u201cM\u00fasica &amp; Hist\u00f3rias\u201d \u00e9 abrir espa\u00e7o para que m\u00fasicos, atores e bailarinos da cidade possam mostrar ao p\u00fablico a sua arte, e ao mesmo tempo mostrar o vasto universo que existe no cen\u00e1rio musical brasileiro. \u201cMensalmente o p\u00fablico tem a oportunidade de assistir a um show em que m\u00fasicos, atores e bailarinos interagem e apresentam um tema. Assim j\u00e1 tivemos destacados o Samba Paulista, Black Soul, Clube da Esquina, M\u00fasica Regional, M\u00fasica dos Festivais, Cantando como Crian\u00e7a e agora Rita Hits, um show que ser\u00e1 um passeio por meio da m\u00fasica, da dan\u00e7a e de textos que v\u00e3o ressaltar a obra e a vida de Rita Lee\u201d.<\/p>\n\n\n\n<p>\u201cM\u00fasica &amp; Hist\u00f3rias\u201d, a\u00e7\u00e3o lan\u00e7ada em 2021, quando da reabertura gradativa dos espa\u00e7os culturais na pandemia, vem ganhando a cada realiza\u00e7\u00e3o um p\u00fablico cada vez maior e bem diversificado, alcan\u00e7ando o objetivo da UGC que \u00e9 o de aproximar o p\u00fablico dos artistas da cidade e regi\u00e3o, ao mesmo tempo em que os artistas participantes podem divulgar o trabalho que realizam.<\/p>\n\n\n\n<figure class=\"wp-block-image size-full\"><img loading=\"lazy\" decoding=\"async\" width=\"991\" height=\"600\" src=\"https:\/\/tvtecjundiai.com.br\/news\/wp-content\/uploads\/sites\/2\/2022\/04\/apresentacoes.png\" alt=\"\" class=\"wp-image-91917\" srcset=\"https:\/\/tvtecjundiai.com.br\/news\/wp-content\/uploads\/sites\/2\/2022\/04\/apresentacoes.png 991w, https:\/\/tvtecjundiai.com.br\/news\/wp-content\/uploads\/sites\/2\/2022\/04\/apresentacoes-300x182.png 300w, https:\/\/tvtecjundiai.com.br\/news\/wp-content\/uploads\/sites\/2\/2022\/04\/apresentacoes-768x465.png 768w\" sizes=\"auto, (max-width: 991px) 100vw, 991px\" \/><\/figure>\n\n\n\n<p>Os ingressos para o espet\u00e1culo \u201cRita Hits\u201d \u2013 dois por pessoa \u2013 ser\u00e3o distribu\u00eddos na bilheteria do Teatro Polytheama, a partir da ter\u00e7a-feira (26), das 10h \u00e0s 20h, e na&nbsp;<a rel=\"noreferrer noopener\" href=\"https:\/\/www.sympla.com.br\/\" target=\"_blank\">plataforma Sympla<\/a>. O evento ter\u00e1 tradu\u00e7\u00e3o simult\u00e2nea em L\u00edngua Brasileira de Sinais (Libras), no teatro.<\/p>\n\n\n\n<p>O Teatro Polytheama fica na rua Bar\u00e3o de Jundia\u00ed, 176, Centro. Mais informa\u00e7\u00f5es pelo telefone (11) 4586-2472.<\/p>\n\n\n\n<p><strong><em>(Fonte\/Imagens: Prefeitura de Jundia\u00ed)<\/em><\/strong><\/p>\n","protected":false},"excerpt":{"rendered":"<p>Ingressos para o espet\u00e1culo \u201cRita Hits\u201d ser\u00e3o distribu\u00eddos no Teatro Polytheama e pela plataforma Sympla<\/p>\n","protected":false},"author":30,"featured_media":91916,"comment_status":"closed","ping_status":"closed","sticky":false,"template":"","format":"standard","meta":{"footnotes":""},"categories":[2833,8356,8354,1],"tags":[],"class_list":["post-91915","post","type-post","status-publish","format-standard","has-post-thumbnail","hentry","category-cultura","category-jundiai","category-lazer","category-noticias"],"_links":{"self":[{"href":"https:\/\/tvtecjundiai.com.br\/news\/wp-json\/wp\/v2\/posts\/91915","targetHints":{"allow":["GET"]}}],"collection":[{"href":"https:\/\/tvtecjundiai.com.br\/news\/wp-json\/wp\/v2\/posts"}],"about":[{"href":"https:\/\/tvtecjundiai.com.br\/news\/wp-json\/wp\/v2\/types\/post"}],"author":[{"embeddable":true,"href":"https:\/\/tvtecjundiai.com.br\/news\/wp-json\/wp\/v2\/users\/30"}],"replies":[{"embeddable":true,"href":"https:\/\/tvtecjundiai.com.br\/news\/wp-json\/wp\/v2\/comments?post=91915"}],"version-history":[{"count":1,"href":"https:\/\/tvtecjundiai.com.br\/news\/wp-json\/wp\/v2\/posts\/91915\/revisions"}],"predecessor-version":[{"id":91918,"href":"https:\/\/tvtecjundiai.com.br\/news\/wp-json\/wp\/v2\/posts\/91915\/revisions\/91918"}],"wp:featuredmedia":[{"embeddable":true,"href":"https:\/\/tvtecjundiai.com.br\/news\/wp-json\/wp\/v2\/media\/91916"}],"wp:attachment":[{"href":"https:\/\/tvtecjundiai.com.br\/news\/wp-json\/wp\/v2\/media?parent=91915"}],"wp:term":[{"taxonomy":"category","embeddable":true,"href":"https:\/\/tvtecjundiai.com.br\/news\/wp-json\/wp\/v2\/categories?post=91915"},{"taxonomy":"post_tag","embeddable":true,"href":"https:\/\/tvtecjundiai.com.br\/news\/wp-json\/wp\/v2\/tags?post=91915"}],"curies":[{"name":"wp","href":"https:\/\/api.w.org\/{rel}","templated":true}]}}