{"id":91935,"date":"2022-04-26T13:15:23","date_gmt":"2022-04-26T16:15:23","guid":{"rendered":"https:\/\/tvtecjundiai.com.br\/news\/?p=91935"},"modified":"2022-04-26T13:15:28","modified_gmt":"2022-04-26T16:15:28","slug":"cultura-inicia-audicoes-com-artistas-inscritos-para-os-corpos-artisticos-municipais","status":"publish","type":"post","link":"https:\/\/tvtecjundiai.com.br\/news\/2022\/04\/26\/cultura-inicia-audicoes-com-artistas-inscritos-para-os-corpos-artisticos-municipais\/","title":{"rendered":"Cultura inicia audi\u00e7\u00f5es com artistas inscritos para os corpos art\u00edsticos municipais"},"content":{"rendered":"\n<p>As salas dos Rel\u00f3gios e Hermeto Pascoal, ambas no Complexo Fepasa, sede da Unidade de Gest\u00e3o de Cultura (UGC), tiveram uma grande movimenta\u00e7\u00e3o nesta segunda-feira (25), com o in\u00edcio das audi\u00e7\u00f5es com os artistas inscritos para os corpos art\u00edsticos municipais, mantidos pela Funda\u00e7\u00e3o Casa da Cultura e Esportes.<\/p>\n\n\n\n<p>Para a manuten\u00e7\u00e3o dos corpos de Teatro, Dan\u00e7a e M\u00fasica (Orquestra Sinf\u00f4nica Municipal de Jundia\u00ed) este ano est\u00e3o previstos mais de R$ 1,86 milh\u00e3o em investimentos. E no total, para as 70 vagas abertas, a Cultura recebeu 259 inscritos, dos quais 241 tiveram suas inscri\u00e7\u00f5es habilitadas para seguir no processo seletivo.<\/p>\n\n\n\n<p>As audi\u00e7\u00f5es j\u00e1 iniciadas, da Orquestra e da Cia. de Teatro, prosseguem at\u00e9 quarta-feira (27), respectivamente, sob a coordena\u00e7\u00e3o das diretoras art\u00edsticas dos corpos, a maestrina e regente titular Cl\u00e1udia Feres e Carla Candiotto.<\/p>\n\n\n\n<figure class=\"wp-block-image size-large\"><img loading=\"lazy\" decoding=\"async\" width=\"1200\" height=\"801\" src=\"https:\/\/tvtecjundiai.com.br\/news\/wp-content\/uploads\/sites\/2\/2022\/04\/audicoes-cultura-composicao-de-corpos-artisticos_c_-17-1200x801.jpg\" alt=\"\" class=\"wp-image-91936\" srcset=\"https:\/\/tvtecjundiai.com.br\/news\/wp-content\/uploads\/sites\/2\/2022\/04\/audicoes-cultura-composicao-de-corpos-artisticos_c_-17-1200x801.jpg 1200w, https:\/\/tvtecjundiai.com.br\/news\/wp-content\/uploads\/sites\/2\/2022\/04\/audicoes-cultura-composicao-de-corpos-artisticos_c_-17-300x200.jpg 300w, https:\/\/tvtecjundiai.com.br\/news\/wp-content\/uploads\/sites\/2\/2022\/04\/audicoes-cultura-composicao-de-corpos-artisticos_c_-17-768x513.jpg 768w, https:\/\/tvtecjundiai.com.br\/news\/wp-content\/uploads\/sites\/2\/2022\/04\/audicoes-cultura-composicao-de-corpos-artisticos_c_-17.jpg 1215w\" sizes=\"auto, (max-width: 1200px) 100vw, 1200px\" \/><figcaption>Audi\u00e7\u00f5es da Orquestra e da Cia. de Teatro (foto) seguem no Complexo Fepasa at\u00e9 esta quarta (27)<\/figcaption><\/figure>\n\n\n\n<p>J\u00e1 as audi\u00e7\u00f5es de profissionais e bolsistas da Cia. Jovem de Dan\u00e7a de Jundia\u00ed ser\u00e3o realizadas neste domingo (01), ao longo do dia, tamb\u00e9m no Complexo Fepasa e sob a coordena\u00e7\u00e3o do diretor art\u00edstico da companhia, Alex Soares. As bancas examinadoras tamb\u00e9m ser\u00e3o compostas por jurados convidados.<\/p>\n\n\n\n<p>Segundo a Funda\u00e7\u00e3o, os editais lan\u00e7ados atra\u00edram diversos candidatos. Para as 43 vagas no quadro da Orquestra, 74 m\u00fasicos se inscreveram, sendo habilitados para as audi\u00e7\u00f5es 59. J\u00e1 para o Teatro, foram 63 candidatos inscritos e 61 habilitados para o preenchimento das 16 vagas. E para as 11 vagas \u2013 sete para bailarinos profissionais e quatro para bolsistas \u2013 da Cia. Jovem de Dan\u00e7a, houve 123 inscri\u00e7\u00f5es, sendo 121 habilitadas para a audi\u00e7\u00e3o.<\/p>\n\n\n\n<p>Para o superintendente da Funda\u00e7\u00e3o e gestor da UGC, Marcelo Peroni, os corpos art\u00edsticos visam ao est\u00edmulo da cria\u00e7\u00e3o art\u00edstica. \u201cCom estes editais, o Munic\u00edpio revela novos talentos e fomenta a produ\u00e7\u00e3o art\u00edstica, ampliando a oferta cultural, refor\u00e7a e cumpre as determina\u00e7\u00f5es do Plano de Governo do Prefeito Luiz Fernando Machado\u201d.<\/p>\n\n\n\n<p>Peroni ainda destacou que a manuten\u00e7\u00e3o dos corpos art\u00edsticos de M\u00fasica, Teatro e Dan\u00e7a faz com que os\u00a0trabalhos desenvolvidos se complementem e dialoguem, chegando ao p\u00fablico com maior impacto.\u00a0 \u201cEsse tipo de investimento faz parte da constru\u00e7\u00e3o de uma pol\u00edtica cultural e coloca Jundia\u00ed num patamar de destaque no cen\u00e1rio cultural n\u00e3o apenas da regi\u00e3o, ou Estado, mas nacionalmente. Com os tr\u00eas editais, M\u00fasica, Dan\u00e7a e Teatro, s\u00e3o mais 70 artistas beneficiados\u201d, concluiu.<\/p>\n\n\n\n<figure class=\"wp-block-image size-large\"><img loading=\"lazy\" decoding=\"async\" width=\"1200\" height=\"801\" src=\"https:\/\/tvtecjundiai.com.br\/news\/wp-content\/uploads\/sites\/2\/2022\/04\/comissao-de-avaliacao-exposicoes-visual-12-1200x801.jpg\" alt=\"\" class=\"wp-image-91937\" srcset=\"https:\/\/tvtecjundiai.com.br\/news\/wp-content\/uploads\/sites\/2\/2022\/04\/comissao-de-avaliacao-exposicoes-visual-12-1200x801.jpg 1200w, https:\/\/tvtecjundiai.com.br\/news\/wp-content\/uploads\/sites\/2\/2022\/04\/comissao-de-avaliacao-exposicoes-visual-12-300x200.jpg 300w, https:\/\/tvtecjundiai.com.br\/news\/wp-content\/uploads\/sites\/2\/2022\/04\/comissao-de-avaliacao-exposicoes-visual-12-768x512.jpg 768w, https:\/\/tvtecjundiai.com.br\/news\/wp-content\/uploads\/sites\/2\/2022\/04\/comissao-de-avaliacao-exposicoes-visual-12.jpg 1280w\" sizes=\"auto, (max-width: 1200px) 100vw, 1200px\" \/><figcaption>Tamb\u00e9m est\u00e3o sendo selecionados, via editais, exposi\u00e7\u00f5es para a Pinacoteca e Galeria de Arte<\/figcaption><\/figure>\n\n\n\n<p>Tamb\u00e9m vinculado \u00e0 UGC, sob a dire\u00e7\u00e3o art\u00edstica da maestrina Vasti Atique, h\u00e1 ainda o Coral Municipal de Jundia\u00ed (adulto) e o Coral Infantojuvenil Cidade das Crian\u00e7as, que ensaiam no Complexo Fepasa, e o n\u00facleo descentralizado do Coral Cidade das Crian\u00e7as na vila Esperan\u00e7a, que ensaia no centro comunit\u00e1rio do bairro.<\/p>\n\n\n\n<p><strong>Mais investimentos<\/strong><\/p>\n\n\n\n<p>Al\u00e9m dos investimentos nos corpos art\u00edsticos, a UGC lan\u00e7ou tamb\u00e9m editais com R$ 70 mil para a realiza\u00e7\u00e3o de 14 exposi\u00e7\u00f5es de Artes Visuais de diversas linguagens, na Pinacoteca Municipal Di\u00f3genes Duarte Paes e na Galeria de Arte Fernanda Perracini Milani. A avalia\u00e7\u00e3o por banca examinadora tamb\u00e9m foi realizada na Funda\u00e7\u00e3o nas \u00faltimas semanas e os resultados ser\u00e3o publicados em breve.<\/p>\n\n\n\n<p><strong><em>(Fonte\/Imagens: Prefeitura de Jundia\u00ed)<\/em><\/strong><\/p>\n","protected":false},"excerpt":{"rendered":"<p>Para as 70 vagas abertas nos corpos de Teatro, Dan\u00e7a e M\u00fasica, a Cultura recebeu 259 inscritos<\/p>\n","protected":false},"author":30,"featured_media":91936,"comment_status":"closed","ping_status":"closed","sticky":false,"template":"","format":"standard","meta":{"footnotes":""},"categories":[2833,8356,1],"tags":[],"class_list":["post-91935","post","type-post","status-publish","format-standard","has-post-thumbnail","hentry","category-cultura","category-jundiai","category-noticias"],"_links":{"self":[{"href":"https:\/\/tvtecjundiai.com.br\/news\/wp-json\/wp\/v2\/posts\/91935","targetHints":{"allow":["GET"]}}],"collection":[{"href":"https:\/\/tvtecjundiai.com.br\/news\/wp-json\/wp\/v2\/posts"}],"about":[{"href":"https:\/\/tvtecjundiai.com.br\/news\/wp-json\/wp\/v2\/types\/post"}],"author":[{"embeddable":true,"href":"https:\/\/tvtecjundiai.com.br\/news\/wp-json\/wp\/v2\/users\/30"}],"replies":[{"embeddable":true,"href":"https:\/\/tvtecjundiai.com.br\/news\/wp-json\/wp\/v2\/comments?post=91935"}],"version-history":[{"count":1,"href":"https:\/\/tvtecjundiai.com.br\/news\/wp-json\/wp\/v2\/posts\/91935\/revisions"}],"predecessor-version":[{"id":91938,"href":"https:\/\/tvtecjundiai.com.br\/news\/wp-json\/wp\/v2\/posts\/91935\/revisions\/91938"}],"wp:featuredmedia":[{"embeddable":true,"href":"https:\/\/tvtecjundiai.com.br\/news\/wp-json\/wp\/v2\/media\/91936"}],"wp:attachment":[{"href":"https:\/\/tvtecjundiai.com.br\/news\/wp-json\/wp\/v2\/media?parent=91935"}],"wp:term":[{"taxonomy":"category","embeddable":true,"href":"https:\/\/tvtecjundiai.com.br\/news\/wp-json\/wp\/v2\/categories?post=91935"},{"taxonomy":"post_tag","embeddable":true,"href":"https:\/\/tvtecjundiai.com.br\/news\/wp-json\/wp\/v2\/tags?post=91935"}],"curies":[{"name":"wp","href":"https:\/\/api.w.org\/{rel}","templated":true}]}}