{"id":92014,"date":"2022-04-27T17:19:23","date_gmt":"2022-04-27T20:19:23","guid":{"rendered":"https:\/\/tvtecjundiai.com.br\/news\/?p=92014"},"modified":"2022-04-27T17:19:26","modified_gmt":"2022-04-27T20:19:26","slug":"teatro-polytheama-tem-atracoes-para-todos-os-gostos-na-programacao-do-mes-de-maio","status":"publish","type":"post","link":"https:\/\/tvtecjundiai.com.br\/news\/2022\/04\/27\/teatro-polytheama-tem-atracoes-para-todos-os-gostos-na-programacao-do-mes-de-maio\/","title":{"rendered":"Teatro Polytheama tem atra\u00e7\u00f5es para todos os gostos na programa\u00e7\u00e3o do m\u00eas de maio"},"content":{"rendered":"\n<p>Para o m\u00eas do maio, o Teatro Polytheama recebe em seu palco atra\u00e7\u00f5es diversificadas e para todos os gostos. Entre os espet\u00e1culos programados est\u00e3o infantis, musicais, stand-up, tragicom\u00e9dia, circo, m\u00fasica cl\u00e1ssica, MPB, al\u00e9m de tributos e shows covers de artistas famosos.<\/p>\n\n\n\n<p>Em maio a a\u00e7\u00e3o \u201cM\u00fasica &amp; Hist\u00f3rias\u201d, da Unidade de Gest\u00e3o de Cultura (UGC), chega \u00e0 sua nona edi\u00e7\u00e3o e ser\u00e1 realizada no dia 26 (quinta-feira), unindo no palco cantores, atores e bailarinos com uma a\u00e7\u00e3o tem\u00e1tica e que tem agradado os jundiaienses.<\/p>\n\n\n\n<p>A bilheteria on-line do Teatro \u00e9 pela plataforma Sympla. J\u00e1 a bilheteria f\u00edsica funciona de ter\u00e7a a sexta-feira, das 10h \u00e0s 20h. Aos s\u00e1bados, domingos e feriados, a bilheteria funciona somente se houver espet\u00e1culo programado. Das 10h \u00e0s 17h ficam dispon\u00edveis os ingressos da agenda cultural em geral. J\u00e1 a partir desse hor\u00e1rio, ficam dispon\u00edveis somente os ingressos do espet\u00e1culo programado para o dia.<\/p>\n\n\n\n<p>O Teatro Polytheama fica na Rua Bar\u00e3o de Jundia\u00ed, 176, Centro. Mais informa\u00e7\u00f5es podem ser obtidas pelo telefone (11) 4586-2472.<\/p>\n\n\n\n<figure class=\"wp-block-image\"><img decoding=\"async\" src=\"https:\/\/jundiai.sp.gov.br\/noticias\/wp-content\/uploads\/sites\/32\/2022\/04\/musica_e_historias_teatro_polytheama-31.jpg\" alt=\"\" class=\"wp-image-290856\" \/><figcaption>\u201cM\u00fasica &amp; Hist\u00f3rias\u201d de maio ser\u00e1 no dia 26<\/figcaption><\/figure>\n\n\n\n<p>Confira os detalhes da programa\u00e7\u00e3o:<\/p>\n\n\n\n<ul class=\"wp-block-list\"><li>Domingo (01) \u2013 16h30 e 19h<br><strong>\u201cModo efetivo com Thiago Ventura\u201d \u2013 GT Teatro<\/strong><br>Classifica\u00e7\u00e3o: 16 anos\/ Dura\u00e7\u00e3o: 70 minutos\/ G\u00eanero: Stand Up<br><a rel=\"noreferrer noopener\" href=\"https:\/\/bileto.sympla.com.br\/event\/72326\/d\/136092\" target=\"_blank\">Ingressos: Plateia, Frisa e Camarote R$100,00\/ Arquibancada R$80,00<\/a><br>Descontos: Clube GT: 50% de desconto na compra de at\u00e9 02 ingressos\/ Clientes OBA: Desconto de 50% para a compra de at\u00e9 02 ingressos mediante a apresenta\u00e7\u00e3o do CUPOM FISCAL (m\u00ednimo de R$30,00 reais).<br>Descontos previstos por lei;<\/li><li>Quarta-feira (04) \u2013 10h30 e 14h30<br><strong>\u201cQuem s\u00e3o elas?\u201d \u2013 Marina Branco<\/strong><br>Classifica\u00e7\u00e3o: Livre\/ Dura\u00e7\u00e3o: 60 minutos\/ G\u00eanero: Teatro Infantil<br>Ingressos: Entrada Franca;<\/li><li>Sexta-feira (06) \u2013 21h<br><strong>\u201cMe tornei quem eu mais temia\u201d, com Renato Albani \u2013 GT Teatro<\/strong><br>Classifica\u00e7\u00e3o: 16 anos\/ Dura\u00e7\u00e3o: 70 minutos\/ G\u00eanero: Stand Up<br><a href=\"https:\/\/bileto.sympla.com.br\/event\/72327\/d\/131961\" target=\"_blank\" rel=\"noreferrer noopener\">Ingressos: Todos os setores R$80,00<\/a><br>Descontos: Descontos: Clube GT: 50% de desconto na compra de at\u00e9 02 ingressos\/ Clientes OBA: Desconto de 50% para a compra de at\u00e9 02 ingressos mediante a apresenta\u00e7\u00e3o do CUPOM FISCAL (m\u00ednimo de R$30,00 reais).<br>Descontos previstos por lei;<\/li><li>S\u00e1bado (07) \u2013 19h30<br><strong>\u201cIOA GALA 2022\u201d \u2013 IOA Dan\u00e7a<\/strong><br>Classifica\u00e7\u00e3o: Livre\/ Dura\u00e7\u00e3o: 120 minutos\/ G\u00eanero: Dan\u00e7a<br>Ingressos: Plateia R$50,00\/ Frisa e Camarote R$70,00<br>Descontos: Descontos previstos por lei;<\/li><li>Ter\u00e7a-feira (10) \u2013 09h e 13h30<br><strong>\u201cAcabou a \u00e1gua do mundo, e agora?\u201d \u2013 Rekriarte<\/strong><br>Classifica\u00e7\u00e3o: Livre\/ Dura\u00e7\u00e3o: 45 minutos\/ G\u00eanero: Infantil<br>Ingressos: Entrada Franca;<\/li><li>Sexta-feira (13) \u2013 20h<br><strong>\u201cPaulinho Moska e Z\u00e9lia Duncan \u2013 Um par \u00edmpar\u201d \u2013 Live Co.<br><\/strong>Classifica\u00e7\u00e3o: Livre\/ Dura\u00e7\u00e3o: 110 minutos \/ G\u00eanero: MPB<br>Ingressos 1\u00ba Lote: Plateia e Frisa R$160,00\/ Camarote R$130,00\/ Arquibancada R$100,00<br>Ingressos 2\u00ba Lote ( virada do lote em 11\/05 ): Plateia e Frisa R$180,00\/ Camarote R$150,00\/ Arquibancada R$120,00<br>Descontos previstos por lei;<\/li><li>Domingo (15) \u2013 16h<br><strong>\u201cChapeuzinho Vermelho Ecol\u00f3gico\u201d \u2013 Cia. Teatral Rick Kelly<\/strong><br>Classifica\u00e7\u00e3o: Livre\/ Dura\u00e7\u00e3o: 60 minutos\/ G\u00eanero: Infantil<br><a rel=\"noreferrer noopener\" href=\"https:\/\/bileto.sympla.com.br\/event\/72966\/d\/136473\" target=\"_blank\">Ingressos: Plateia e Frisa R$40,00<\/a><br>Descontos: Para compras antecipadas at\u00e9 14\/05, o valor de cada ingresso \u00e9 de R$20,00.<br>Descontos previstos por lei;<\/li><li>Quarta-feira (18) \u2013 09h30 e 20h<br><strong>\u201cO Auto da Barca do Inferno\u201d \u2013 Glauber Silva<\/strong><br>Classifica\u00e7\u00e3o: 12 anos\/ Dura\u00e7\u00e3o: 110 minutos\/ G\u00eanero: Tragicom\u00e9dia<br>Ingressos: Todos os setores R$50,00<br>Descontos: Grupos escolares \/ Projeto escola pagam R$20,00 em cada ingresso. Descontos previstos por lei;<\/li><li>Sexta-feira (20) \u2013 20h<br><strong>\u201cTributo Show Elvis Presley\u201d<br><\/strong>Classifica\u00e7\u00e3o: Livre\/ Dura\u00e7\u00e3o: 100 minutos\/ G\u00eanero: M\u00fasica<br>Ingressos: Todos os setores R$100,00<br>Descontos: Em todos os setores, para ingressos antecipados adquiridos at\u00e9 o dia 19\/05\/2022, saem por R$90,00.<br>Descontos previstos por lei;<\/li><li>S\u00e1bado (21) \u2013 20h<br><strong>\u201cParede de Mem\u00f3rias\u201d \u2013 Eleve<\/strong><br>Classifica\u00e7\u00e3o: Livre\/ Dura\u00e7\u00e3o: 80 minutos\/ G\u00eanero: Circo<br><a rel=\"noreferrer noopener\" href=\"https:\/\/bileto.sympla.com.br\/event\/72964\/d\/136461\" target=\"_blank\">Ingressos: Plateia R$ 40,00\/ Frisa e Camarote R$50,00\/ Arquibancada R$20,00<\/a><br>Descontos previstos por lei;<\/li><li>Domingo (22) \u2013 19h<br><strong>\u201cColdplay Live Experience\u201d \u2013 GT Teatro<\/strong><br>Classifica\u00e7\u00e3o: Livre\/ Dura\u00e7\u00e3o: 90 minutos\/ G\u00eanero: Show<br><a rel=\"noreferrer noopener\" href=\"https:\/\/bileto.sympla.com.br\/event\/72328\/d\/131963\" target=\"_blank\">Ingressos: Plateia, Frisa e Camarote R$130,00\/ Arquibancada R$100,00<\/a><br>Descontos: Clube GT 50% de desconto na compra de at\u00e9 02 ingressos\/ Clientes Oba: Desconto de 50% para a compra de at\u00e9 02 ingressos mediante a apresenta\u00e7\u00e3o do cupom fiscal (m\u00ednimo de R$30,00 reais)\/ Clientes Paineiras: desconto de 50% para a compra de at\u00e9 02 ingressos mediante a apresenta\u00e7\u00e3o do cupom fiscal de qualquer valor ou folheto promocional (observa\u00e7\u00e3o: a emiss\u00e3o do cupom fiscal dever\u00e1 ser de no m\u00e1ximo 30 dias antes do espet\u00e1culo)<br>Descontos previstos por lei;<\/li><li>Ter\u00e7a-feira (24) \u2013 09h30 e 14h<br><strong>\u201cO Menino Maluquinho \u2013 Lisonjeio ao mestre\u201d<br><\/strong>Classifica\u00e7\u00e3o: Livre\/ Dura\u00e7\u00e3o: 60 minutos\/ G\u00eanero: Infantil<br>Ingressos: Plateia e Frisa R$50,00<br>Descontos: Grupos escolares \/ Projeto escola pagam R$20,00 em cada ingresso. Descontos previstos por lei;<\/li><li>Quinta-feira (26) \u2013 19h30<br><strong>\u201cM\u00fasica &amp; Hist\u00f3rias\u201d \u2013 Unidade de Gest\u00e3o de Cultura<\/strong><br>Classifica\u00e7\u00e3o: Livre\/ G\u00eanero: M\u00fasica, Dan\u00e7a e Teatro<br><a rel=\"noreferrer noopener\" href=\"https:\/\/www.sympla.com.br\/\" target=\"_blank\">Ingressos: Entrada Gratuita<\/a><br>A distribui\u00e7\u00e3o ter\u00e1 in\u00edcio \u00e0s 10h30 da ter\u00e7a-feira (24), tanto na bilheteria f\u00edsica quanto pela internet, na plataforma Sympla. Cada interessado ter\u00e1 direito a dois ingressos;<\/li><li>Sexta-feira (27) \u2013 19h30<br><strong>\u201cGala Dancers\u201d<\/strong><br>Classifica\u00e7\u00e3o: Livre\/ Dura\u00e7\u00e3o: 90 minutos\/ G\u00eanero: Dan\u00e7a<br>Ingressos: Plateia R$35,00\/ Frisa e Camarote R$55,00\/ Arquibancada R$25,00<br>Descontos previstos por lei;<\/li><li>S\u00e1bado (28) \u2013 20h<br><strong>\u201cConcertos Astra Finamax\u201d \u2013 Atique &amp; Atique<\/strong><br>Classifica\u00e7\u00e3o: Livre\/ Dura\u00e7\u00e3o: 90 minutos\/ G\u00eanero: Concerto de M\u00fasica Erudita<br>Ingressos: Todos os setores R$10,00<br>Descontos previstos por lei;<\/li><li>Domingo (29) \u2013 16h<br><strong>\u201cBeatles 4ever Cartoon\u201d<\/strong><br>Classifica\u00e7\u00e3o: Livre\/ Dura\u00e7\u00e3o: 75 minutos\/ G\u00eanero: Musical Infantil<br>Ingressos: Plateia R$60,00\/ Frisa R$70,00<br>Descontos: Compras antecipadas at\u00e9 o dia 28\/05.<br>Descontos previstos por lei;<\/li><li>Ter\u00e7a-feira (31) \u2013 10h e 14h30<br><strong>\u201cCinderela\u201d \u2013 Cia. Paulista de Artes<\/strong><br>Classifica\u00e7\u00e3o: Livre \/ Dura\u00e7\u00e3o: 50 minutos\/ G\u00eanero: Infantil<br>Ingressos: Plateia e Frisa R$40,00<br>Descontos: Grupos escolares, pelo projeto escola, pagam R$13,00 em cada ingresso (respons\u00e1vel pelo grupo escolar dever\u00e1 apresentar confirma\u00e7\u00e3o de agendamento pr\u00e9vio com a produtora Rosangela Torrezin)<br>Descontos previstos por lei.<\/li><\/ul>\n\n\n\n<figure class=\"wp-block-image\"><a href=\"https:\/\/cultura.jundiai.sp.gov.br\/enredanca\/\" target=\"_blank\" rel=\"noreferrer noopener\"><img decoding=\"async\" src=\"https:\/\/jundiai.sp.gov.br\/noticias\/wp-content\/uploads\/sites\/32\/2022\/04\/enredanca_noite-de-gala-17.jpg\" alt=\"\" class=\"wp-image-290857\" \/><\/a><figcaption>Ao longo de abril, Teatro foi palco da Mostra Competitiva do&nbsp;<a href=\"https:\/\/cultura.jundiai.sp.gov.br\/enredanca\/\" target=\"_blank\" rel=\"noreferrer noopener\">24\u00ba Festival Enredan\u00e7a<\/a><\/figcaption><\/figure>\n\n\n\n<p><strong><em>(Fonte\/Imagem: Prefeitura de Jundia\u00ed)<\/em><\/strong><\/p>\n","protected":false},"excerpt":{"rendered":"<p>Est\u00e3o programados espet\u00e1culos infantis, musicais, stand-up, tragicom\u00e9dia, circo, entre outros.<\/p>\n","protected":false},"author":27,"featured_media":92015,"comment_status":"closed","ping_status":"closed","sticky":false,"template":"","format":"standard","meta":{"footnotes":""},"categories":[2833,8356,8354],"tags":[],"class_list":["post-92014","post","type-post","status-publish","format-standard","has-post-thumbnail","hentry","category-cultura","category-jundiai","category-lazer"],"_links":{"self":[{"href":"https:\/\/tvtecjundiai.com.br\/news\/wp-json\/wp\/v2\/posts\/92014","targetHints":{"allow":["GET"]}}],"collection":[{"href":"https:\/\/tvtecjundiai.com.br\/news\/wp-json\/wp\/v2\/posts"}],"about":[{"href":"https:\/\/tvtecjundiai.com.br\/news\/wp-json\/wp\/v2\/types\/post"}],"author":[{"embeddable":true,"href":"https:\/\/tvtecjundiai.com.br\/news\/wp-json\/wp\/v2\/users\/27"}],"replies":[{"embeddable":true,"href":"https:\/\/tvtecjundiai.com.br\/news\/wp-json\/wp\/v2\/comments?post=92014"}],"version-history":[{"count":1,"href":"https:\/\/tvtecjundiai.com.br\/news\/wp-json\/wp\/v2\/posts\/92014\/revisions"}],"predecessor-version":[{"id":92016,"href":"https:\/\/tvtecjundiai.com.br\/news\/wp-json\/wp\/v2\/posts\/92014\/revisions\/92016"}],"wp:featuredmedia":[{"embeddable":true,"href":"https:\/\/tvtecjundiai.com.br\/news\/wp-json\/wp\/v2\/media\/92015"}],"wp:attachment":[{"href":"https:\/\/tvtecjundiai.com.br\/news\/wp-json\/wp\/v2\/media?parent=92014"}],"wp:term":[{"taxonomy":"category","embeddable":true,"href":"https:\/\/tvtecjundiai.com.br\/news\/wp-json\/wp\/v2\/categories?post=92014"},{"taxonomy":"post_tag","embeddable":true,"href":"https:\/\/tvtecjundiai.com.br\/news\/wp-json\/wp\/v2\/tags?post=92014"}],"curies":[{"name":"wp","href":"https:\/\/api.w.org\/{rel}","templated":true}]}}