{"id":9204,"date":"2018-04-23T10:51:22","date_gmt":"2018-04-23T13:51:22","guid":{"rendered":"https:\/\/tvtecjundiai.com.br\/news\/?p=9204"},"modified":"2018-04-23T15:20:36","modified_gmt":"2018-04-23T18:20:36","slug":"sintomas-da-gripe-trazem-alerta-para-a-doenca","status":"publish","type":"post","link":"https:\/\/tvtecjundiai.com.br\/news\/2018\/04\/23\/sintomas-da-gripe-trazem-alerta-para-a-doenca\/","title":{"rendered":"Sintomas da gripe trazem alerta para a doen\u00e7a"},"content":{"rendered":"<div id=\"attachment_9205\" style=\"width: 310px\" class=\"wp-caption alignright\"><a href=\"https:\/\/tvtecjundiai.com.br\/news\/wp-content\/uploads\/sites\/2\/2018\/04\/40c75299-7af8-4f35-baa8-0fa09bba5bcb_gripedoutorana.jpg\"><img loading=\"lazy\" decoding=\"async\" aria-describedby=\"caption-attachment-9205\" class=\"wp-image-9205\" src=\"https:\/\/tvtecjundiai.com.br\/news\/wp-content\/uploads\/sites\/2\/2018\/04\/40c75299-7af8-4f35-baa8-0fa09bba5bcb_gripedoutorana-300x242.jpg\" alt=\"\" width=\"300\" height=\"242\" srcset=\"https:\/\/tvtecjundiai.com.br\/news\/wp-content\/uploads\/sites\/2\/2018\/04\/40c75299-7af8-4f35-baa8-0fa09bba5bcb_gripedoutorana-300x242.jpg 300w, https:\/\/tvtecjundiai.com.br\/news\/wp-content\/uploads\/sites\/2\/2018\/04\/40c75299-7af8-4f35-baa8-0fa09bba5bcb_gripedoutorana-768x619.jpg 768w, https:\/\/tvtecjundiai.com.br\/news\/wp-content\/uploads\/sites\/2\/2018\/04\/40c75299-7af8-4f35-baa8-0fa09bba5bcb_gripedoutorana-1191x960.jpg 1191w, https:\/\/tvtecjundiai.com.br\/news\/wp-content\/uploads\/sites\/2\/2018\/04\/40c75299-7af8-4f35-baa8-0fa09bba5bcb_gripedoutorana.jpg 1280w\" sizes=\"auto, (max-width: 300px) 100vw, 300px\" \/><\/a><p id=\"caption-attachment-9205\" class=\"wp-caption-text\">Alguns medicamentos s\u00e3o contraindicados em casos de gripe e outras viroses <em>(Foto: Pixabay\/Flockine)<\/em><\/p><\/div>\n<p>A gripe \u00e9 causada pelo v\u00edrus H1N1 e crian\u00e7as, idosos, gestantes e pessoas com doen\u00e7as cr\u00f4nicas ou imunodefici\u00eancias s\u00e3o as mais vulner\u00e1veis, que fazem parte dos grupos de risco. A campanha de imuniza\u00e7\u00e3o contra gripe tem in\u00edcio nesta segunda-feira (23) em Jundia\u00ed para estes grupos. A vacina contra a doen\u00e7a deve ser tomada todos os anos.<\/p>\n<p><strong>MAIS SOBRE &#8216;SA\u00daDE&#8217;<\/strong><br \/>\n<a href=\"https:\/\/tvtecjundiai.com.br\/news\/2018\/04\/20\/imunizacao-contra-gripe-comeca-nesta-segunda-23-em-todas-as-ubss\/\">Imuniza\u00e7\u00e3o contra gripe come\u00e7a nesta segunda (23)<\/a><\/p>\n<p>A gripe pode se propagar por meio de\u00a0 got\u00edculas respirat\u00f3rias no ar,\u00a0contato com a pele, saliva ou toque em superf\u00edcie contaminada com o v\u00edrus e ataca os pulm\u00f5es, nariz e a garganta. Os principais\u00a0sintomas incluem febre, calafrios, dores musculares, tosse, congest\u00e3o, coriza, dores de cabe\u00e7a e fadiga. Ap\u00f3s o in\u00edcio dos sintomas, o tratamento deve ser iniciado em at\u00e9 48 horas e sempre com orienta\u00e7\u00e3o m\u00e9dica. Al\u00e9m da vacina\u00e7\u00e3o, \u00e9 importante lavar as m\u00e3os e evitar locais com aglomera\u00e7\u00e3o de pessoas.<\/p>\n<p>Quem est\u00e1 fora do grupo de risco tamb\u00e9m deve procurar atendimento m\u00e9dico, especialmente se souber que teve contato com algu\u00e9m com gripe pelo Influenza A ou B e\/ou se os sintomas forem moderados ou intensos.<\/p>\n<p>Alguns medicamentos s\u00e3o contraindicados em casos de gripe e de outras viroses, como \u00e9 o caso do \u00e1cido acetilsalic\u00edlico. Por isso, \u00e9 necess\u00e1ria a prescri\u00e7\u00e3o m\u00e9dica para iniciar os tratamentos.<\/p>\n<p><em>Fonte: Bem Estar<\/em><\/p>\n","protected":false},"excerpt":{"rendered":"<p>Vacina\u00e7\u00e3o para grupos de risco tem in\u00edcio nesta segunda (23)<\/p>\n","protected":false},"author":10,"featured_media":9206,"comment_status":"closed","ping_status":"closed","sticky":false,"template":"","format":"standard","meta":{"footnotes":""},"categories":[1,2839],"tags":[2745,5,6,15,104],"class_list":["post-9204","post","type-post","status-publish","format-standard","has-post-thumbnail","hentry","category-noticias","category-saude","tag-gripe","tag-jundiai","tag-saude","tag-tvtec","tag-vacina"],"_links":{"self":[{"href":"https:\/\/tvtecjundiai.com.br\/news\/wp-json\/wp\/v2\/posts\/9204","targetHints":{"allow":["GET"]}}],"collection":[{"href":"https:\/\/tvtecjundiai.com.br\/news\/wp-json\/wp\/v2\/posts"}],"about":[{"href":"https:\/\/tvtecjundiai.com.br\/news\/wp-json\/wp\/v2\/types\/post"}],"author":[{"embeddable":true,"href":"https:\/\/tvtecjundiai.com.br\/news\/wp-json\/wp\/v2\/users\/10"}],"replies":[{"embeddable":true,"href":"https:\/\/tvtecjundiai.com.br\/news\/wp-json\/wp\/v2\/comments?post=9204"}],"version-history":[{"count":9,"href":"https:\/\/tvtecjundiai.com.br\/news\/wp-json\/wp\/v2\/posts\/9204\/revisions"}],"predecessor-version":[{"id":9233,"href":"https:\/\/tvtecjundiai.com.br\/news\/wp-json\/wp\/v2\/posts\/9204\/revisions\/9233"}],"wp:featuredmedia":[{"embeddable":true,"href":"https:\/\/tvtecjundiai.com.br\/news\/wp-json\/wp\/v2\/media\/9206"}],"wp:attachment":[{"href":"https:\/\/tvtecjundiai.com.br\/news\/wp-json\/wp\/v2\/media?parent=9204"}],"wp:term":[{"taxonomy":"category","embeddable":true,"href":"https:\/\/tvtecjundiai.com.br\/news\/wp-json\/wp\/v2\/categories?post=9204"},{"taxonomy":"post_tag","embeddable":true,"href":"https:\/\/tvtecjundiai.com.br\/news\/wp-json\/wp\/v2\/tags?post=9204"}],"curies":[{"name":"wp","href":"https:\/\/api.w.org\/{rel}","templated":true}]}}