{"id":92040,"date":"2022-04-28T10:06:41","date_gmt":"2022-04-28T13:06:41","guid":{"rendered":"https:\/\/tvtecjundiai.com.br\/news\/?p=92040"},"modified":"2022-04-28T10:06:46","modified_gmt":"2022-04-28T13:06:46","slug":"contos-ciganos-sao-destaque-na-programacao-da-biblioteca-neste-sabado-30","status":"publish","type":"post","link":"https:\/\/tvtecjundiai.com.br\/news\/2022\/04\/28\/contos-ciganos-sao-destaque-na-programacao-da-biblioteca-neste-sabado-30\/","title":{"rendered":"Contos ciganos s\u00e3o destaque na programa\u00e7\u00e3o da Biblioteca neste s\u00e1bado (30)"},"content":{"rendered":"\n<p>Dentro da proposta de promover atividades para crian\u00e7as e adolescentes pelo programa Cidade das Crian\u00e7as aos s\u00e1bados na Biblioteca P\u00fablica Municipal Prof. Nelson Foot (BNF), a Unidade de Gest\u00e3o de Cultura (UGC) programou para este s\u00e1bado (30), a partir das 11h, uma roda de contos ciganos. A atra\u00e7\u00e3o tem entrada franca e ser\u00e1 conduzida pela arte-educadora Factima El Samra.<\/p>\n\n\n\n<p>Segundo Factima, al\u00e9m do p\u00fablico alvo, pais e cuidadores tamb\u00e9m poder\u00e3o participar da atividade. \u201c Por meio dos contos ciganos, vou tecendo com magia a apresenta\u00e7\u00e3o das tradi\u00e7\u00f5es, costumes, m\u00fasica e cultura do povo cigano\u201d.<\/p>\n\n\n\n<figure class=\"wp-block-image\"><img decoding=\"async\" src=\"https:\/\/jundiai.sp.gov.br\/noticias\/wp-content\/uploads\/sites\/32\/2022\/04\/factima_contos_ciganos-1.jpg\" alt=\"Foto em preto e banco de rosto de mulher com cabelos encaracolados escuros cobertos por v\u00e9u\" class=\"wp-image-290827\" \/><figcaption>Roda de contos ciganos com a arte-educadora Factima El Samra come\u00e7a \u00e0s 11h<\/figcaption><\/figure>\n\n\n\n<p><strong>Mais Biblioteca<\/strong><br>Inaugurada em dezembro de 1971, a Biblioteca encontra-se instalada atualmente no Complexo Argos, em estrutura com conceito de Biblioteca Viva, combinando o incentivo \u00e0 leitura com servi\u00e7os e a\u00e7\u00f5es culturais inclusivas. Seu acervo \u00e9 composto por mais de 48 mil materiais dispon\u00edveis para empr\u00e9stimo. Para ser s\u00f3cio, o interessado n\u00e3o precisa residir no Munic\u00edpio e basta comparecer ao balc\u00e3o de atendimento e apresentar o RG.<\/p>\n\n\n\n<p>Quem visitar a Biblioteca pode conferir as galerias de exposi\u00e7\u00f5es S\u00f4nia Cintra e Jundia\u00ed, que, respectivamente, apresentam&nbsp;<a href=\"https:\/\/cultura.jundiai.sp.gov.br\/exposicoes\/porque-ele-muito-amou\/\" target=\"_blank\" rel=\"noreferrer noopener\">\u201cPorque Ele muito amou\u201d, de Isabel Lopes<\/a>, e&nbsp;<a href=\"https:\/\/cultura.jundiai.sp.gov.br\/exposicoes\/olhos-sobre-oleo\/\" target=\"_blank\" rel=\"noreferrer noopener\">\u201cOlhos sobre \u00d3leo\u201d, de Valqu\u00edria Malagoli<\/a>.<\/p>\n\n\n\n<p>A Biblioteca fica na avenida Dr. Cavalcanti, 396, vila Arens. Seu hor\u00e1rio de funcionamento \u00e9 de segunda a sexta-feira, das 9h \u00e0s 21h, e aos s\u00e1bados e feriados, das 9h \u00e0s 13h. Aos domingos fica fechada para manuten\u00e7\u00e3o e limpeza.<\/p>\n\n\n\n<figure class=\"wp-block-image\"><img decoding=\"async\" src=\"https:\/\/jundiai.sp.gov.br\/noticias\/wp-content\/uploads\/sites\/32\/2022\/04\/roda-de-conversa-livro-infantil-bailarina-na-biblioteca_c_-16-1.jpg\" alt=\"Crian\u00e7as, jovens e adultos sentados em ambiente da Biblioteca assistindo a uma apresenta\u00e7\u00e3o de uma mulher vestida de bailarina\" class=\"wp-image-290825\" \/><figcaption>Biblioteca estendeu seus hor\u00e1rios de funcionamento para o s\u00e1bado, com atra\u00e7\u00f5es para o p\u00fablico infantojuvenil<\/figcaption><\/figure>\n\n\n\n<p><strong><em>(Fonte\/Imagem: Prefeitura de Jundia\u00ed)<\/em><\/strong><\/p>\n","protected":false},"excerpt":{"rendered":"<p>A atra\u00e7\u00e3o tem entrada franca e ser\u00e1 conduzida pela arte-educadora Factima El Samra.<\/p>\n","protected":false},"author":27,"featured_media":92042,"comment_status":"closed","ping_status":"closed","sticky":false,"template":"","format":"standard","meta":{"footnotes":""},"categories":[2833,8356,8354],"tags":[],"class_list":["post-92040","post","type-post","status-publish","format-standard","has-post-thumbnail","hentry","category-cultura","category-jundiai","category-lazer"],"_links":{"self":[{"href":"https:\/\/tvtecjundiai.com.br\/news\/wp-json\/wp\/v2\/posts\/92040","targetHints":{"allow":["GET"]}}],"collection":[{"href":"https:\/\/tvtecjundiai.com.br\/news\/wp-json\/wp\/v2\/posts"}],"about":[{"href":"https:\/\/tvtecjundiai.com.br\/news\/wp-json\/wp\/v2\/types\/post"}],"author":[{"embeddable":true,"href":"https:\/\/tvtecjundiai.com.br\/news\/wp-json\/wp\/v2\/users\/27"}],"replies":[{"embeddable":true,"href":"https:\/\/tvtecjundiai.com.br\/news\/wp-json\/wp\/v2\/comments?post=92040"}],"version-history":[{"count":1,"href":"https:\/\/tvtecjundiai.com.br\/news\/wp-json\/wp\/v2\/posts\/92040\/revisions"}],"predecessor-version":[{"id":92043,"href":"https:\/\/tvtecjundiai.com.br\/news\/wp-json\/wp\/v2\/posts\/92040\/revisions\/92043"}],"wp:featuredmedia":[{"embeddable":true,"href":"https:\/\/tvtecjundiai.com.br\/news\/wp-json\/wp\/v2\/media\/92042"}],"wp:attachment":[{"href":"https:\/\/tvtecjundiai.com.br\/news\/wp-json\/wp\/v2\/media?parent=92040"}],"wp:term":[{"taxonomy":"category","embeddable":true,"href":"https:\/\/tvtecjundiai.com.br\/news\/wp-json\/wp\/v2\/categories?post=92040"},{"taxonomy":"post_tag","embeddable":true,"href":"https:\/\/tvtecjundiai.com.br\/news\/wp-json\/wp\/v2\/tags?post=92040"}],"curies":[{"name":"wp","href":"https:\/\/api.w.org\/{rel}","templated":true}]}}