{"id":92229,"date":"2022-05-02T14:56:52","date_gmt":"2022-05-02T17:56:52","guid":{"rendered":"https:\/\/tvtecjundiai.com.br\/news\/?p=92229"},"modified":"2022-05-02T14:56:57","modified_gmt":"2022-05-02T17:56:57","slug":"complexo-fepasa-recebe-espetaculo-amar-verbo-intransitivo-neste-sabado-7","status":"publish","type":"post","link":"https:\/\/tvtecjundiai.com.br\/news\/2022\/05\/02\/complexo-fepasa-recebe-espetaculo-amar-verbo-intransitivo-neste-sabado-7\/","title":{"rendered":"Complexo Fepasa recebe espet\u00e1culo \u2018Amar, Verbo Intransitivo\u2019 neste s\u00e1bado (7)"},"content":{"rendered":"\n<p>Escrito em 1927, e considerado o primeiro romance do escritor modernista M\u00e1rio de<br>Andrade (1893-1945), \u201cAmar, Verbo Intransitivo\u201d, a adapta\u00e7\u00e3o teatral com dramaturgia de<br>Luciana Carnieli e dire\u00e7\u00e3o de Dagoberto Feliz, volta aos palcos nesta s\u00e1bado (7), em Jundia\u00ed.<\/p>\n\n\n\n<p><br>A pe\u00e7a, que teve sua estreia em maio de 2019, na Oficina Cultural Oswald de Andrade,<br>conta a hist\u00f3ria de uma fam\u00edlia tradicional de S\u00e3o Paulo, que contrata a alem\u00e3 Fr\u00e4ulein<br>Elza, (Luciana Carnieli), como governanta. Mas, a real inten\u00e7\u00e3o do pai da fam\u00edlia \u00e9 que Elza<br>seja respons\u00e1vel por fazer a inicia\u00e7\u00e3o amorosa de Carlos (Pedro Daher), o filho mais velho. A partir desse encontro, os personagens vivem uma rela\u00e7\u00e3o amorosa, revelando cr\u00edticas sociais e comportamentais. <\/p>\n\n\n\n<p><br><strong>Servi\u00e7o<br><\/strong>Amar, Verbo Intransitivo<br>Data: 07\/05\/2022<br>Hor\u00e1rio: 19 horas<br>Valor: <strong>Gratuito<\/strong> &#8211; aconselh\u00e1vel chegar 1h antes do evento para retirada do ingresso na<br>bilheteria<br>Local: Av. Uni\u00e3o dos Ferrovi\u00e1rios, 1760 &#8211; Pte. de Campinas, Jundia\u00ed &#8211; SP, 13201-160<br>Dura\u00e7\u00e3o: 75 minutos<\/p>\n","protected":false},"excerpt":{"rendered":"<p>O espet\u00e1culo \u00e9 gratuito, \u00e9 aconselh\u00e1vel chegar 1h antes do evento para retirada do ingresso na bilheteria.<\/p>\n","protected":false},"author":27,"featured_media":78488,"comment_status":"closed","ping_status":"closed","sticky":false,"template":"","format":"standard","meta":{"footnotes":""},"categories":[2833,8356,8354],"tags":[],"class_list":["post-92229","post","type-post","status-publish","format-standard","has-post-thumbnail","hentry","category-cultura","category-jundiai","category-lazer"],"_links":{"self":[{"href":"https:\/\/tvtecjundiai.com.br\/news\/wp-json\/wp\/v2\/posts\/92229","targetHints":{"allow":["GET"]}}],"collection":[{"href":"https:\/\/tvtecjundiai.com.br\/news\/wp-json\/wp\/v2\/posts"}],"about":[{"href":"https:\/\/tvtecjundiai.com.br\/news\/wp-json\/wp\/v2\/types\/post"}],"author":[{"embeddable":true,"href":"https:\/\/tvtecjundiai.com.br\/news\/wp-json\/wp\/v2\/users\/27"}],"replies":[{"embeddable":true,"href":"https:\/\/tvtecjundiai.com.br\/news\/wp-json\/wp\/v2\/comments?post=92229"}],"version-history":[{"count":1,"href":"https:\/\/tvtecjundiai.com.br\/news\/wp-json\/wp\/v2\/posts\/92229\/revisions"}],"predecessor-version":[{"id":92230,"href":"https:\/\/tvtecjundiai.com.br\/news\/wp-json\/wp\/v2\/posts\/92229\/revisions\/92230"}],"wp:featuredmedia":[{"embeddable":true,"href":"https:\/\/tvtecjundiai.com.br\/news\/wp-json\/wp\/v2\/media\/78488"}],"wp:attachment":[{"href":"https:\/\/tvtecjundiai.com.br\/news\/wp-json\/wp\/v2\/media?parent=92229"}],"wp:term":[{"taxonomy":"category","embeddable":true,"href":"https:\/\/tvtecjundiai.com.br\/news\/wp-json\/wp\/v2\/categories?post=92229"},{"taxonomy":"post_tag","embeddable":true,"href":"https:\/\/tvtecjundiai.com.br\/news\/wp-json\/wp\/v2\/tags?post=92229"}],"curies":[{"name":"wp","href":"https:\/\/api.w.org\/{rel}","templated":true}]}}