{"id":92309,"date":"2022-05-04T09:15:13","date_gmt":"2022-05-04T12:15:13","guid":{"rendered":"https:\/\/tvtecjundiai.com.br\/news\/?p=92309"},"modified":"2022-05-04T09:15:17","modified_gmt":"2022-05-04T12:15:17","slug":"3a-edicao-do-festival-de-curtas-metragens-comeca-na-proxima-quarta-feira-11","status":"publish","type":"post","link":"https:\/\/tvtecjundiai.com.br\/news\/2022\/05\/04\/3a-edicao-do-festival-de-curtas-metragens-comeca-na-proxima-quarta-feira-11\/","title":{"rendered":"3\u00aa edi\u00e7\u00e3o do Festival de Curtas-Metragens come\u00e7a na pr\u00f3xima quarta-feira (11)"},"content":{"rendered":"\n<p>Ap\u00f3s dois anos sem realiza\u00e7\u00e3o por conta da pandemia, o&nbsp;<a href=\"https:\/\/cultura.jundiai.sp.gov.br\/festivaldecurtas\/\" target=\"_blank\" rel=\"noreferrer noopener\">Festival de Curtas-Metragens de Jundia\u00ed est\u00e1 de volta a partir da pr\u00f3xima quarta-feira (11), em sua terceira edi\u00e7\u00e3o<\/a>. Com Mostras Paralela e Competitiva, al\u00e9m de workshops gratuitos, o festival \u00e9 uma iniciativa da Unidade de Gest\u00e3o de Cultura (UGC), em parceria com o Conselho Municipal de Pol\u00edtica Cultural e C\u00e2mara Setorial do Audiovisual e Cultura Digital, e segue com sua programa\u00e7\u00e3o at\u00e9 o dia 18 de maio.<\/p>\n\n\n\n<p>Para esta edi\u00e7\u00e3o de retomada, o Festival recebeu as inscri\u00e7\u00f5es de 129 obras, vindas de 40 Munic\u00edpios brasileiros, de nove Estados: Amazonas, Alagoas, Bahia, Mato Grosso do Sul, Minas Gerais, Paran\u00e1, Rio de Janeiro, Rio Grande do Sul, al\u00e9m de S\u00e3o Paulo.<\/p>\n\n\n\n<p>Para o gestor de Cultura, Marcelo Peroni, o Festival tem como objetivo incentivar a produ\u00e7\u00e3o audiovisual na regi\u00e3o de Jundia\u00ed e divulgar o cinema nacional de curta-metragem, desenvolvendo essa linguagem e ampliando o calend\u00e1rio cultural da cidade. \u201cQuando se pensa em pol\u00edtica p\u00fablica de cultura, al\u00e9m da exibi\u00e7\u00e3o dos filmes, tamb\u00e9m precisamos apostar na forma\u00e7\u00e3o t\u00e9cnica dessas pessoas. Trabalhamos cada vez mais com a certeza da economia criativa, e gerar discuss\u00f5es sobre profiss\u00f5es do futuro, como as do audiovisual que vem crescendo em nossa cidade \u00e9 nosso papel fomentar a\u00e7\u00f5es como o festival.<\/p>\n\n\n\n<figure class=\"wp-block-image size-large\"><img loading=\"lazy\" decoding=\"async\" width=\"1200\" height=\"800\" src=\"https:\/\/tvtecjundiai.com.br\/news\/wp-content\/uploads\/sites\/2\/2022\/05\/festival_de_curtas-10-1200x800.jpg\" alt=\"\" class=\"wp-image-92310\" srcset=\"https:\/\/tvtecjundiai.com.br\/news\/wp-content\/uploads\/sites\/2\/2022\/05\/festival_de_curtas-10-1200x800.jpg 1200w, https:\/\/tvtecjundiai.com.br\/news\/wp-content\/uploads\/sites\/2\/2022\/05\/festival_de_curtas-10-300x200.jpg 300w, https:\/\/tvtecjundiai.com.br\/news\/wp-content\/uploads\/sites\/2\/2022\/05\/festival_de_curtas-10-768x512.jpg 768w, https:\/\/tvtecjundiai.com.br\/news\/wp-content\/uploads\/sites\/2\/2022\/05\/festival_de_curtas-10.jpg 1280w\" sizes=\"auto, (max-width: 1200px) 100vw, 1200px\" \/><figcaption>Programa\u00e7\u00e3o vai de 11 a 18 de maio, com exibi\u00e7\u00f5es e workshops gratuitos<\/figcaption><\/figure>\n\n\n\n<p>A abertura da programa\u00e7\u00e3o desta edi\u00e7\u00e3o ficar\u00e1 com o workshop \u201cCinema para Iniciantes\u201d, com L\u00edgia Ballas, que ser\u00e1 realizado j\u00e1 na quarta-feira (11), a partir das 19h30, no Centro Comunit\u00e1rio da vila Hortol\u00e2ndia (rua Professora Geralda Berthola Facca, 38). Tamb\u00e9m ser\u00e3o realizados workshops com Alexandre Tondella, Eduardo Hentschel e Paloma Amorim, tamb\u00e9m na Biblioteca Municipal Professor Nelson Foot (avenida Dr. Cavalcanti, 396, Complexo Argos), para interessados inscritos pela internet.<\/p>\n\n\n\n<p>J\u00e1 pela Mostra Competitiva, foram selecionados 24 trabalhos, nas categorias Document\u00e1rio, Experimental e Fic\u00e7\u00e3o. A avalia\u00e7\u00e3o t\u00e9cnica foi realizada por Alexandre Ingrevallo (roteirista, diretor e radialista), Vitor Carvalho (professor de artes visuais, fot\u00f3grafo e artista pl\u00e1stico) e Wellington Vieira Pinson (diretor, produtor e editor). Os curtas selecionados ser\u00e3o exibidos com entrada gratuita no audit\u00f3rio da Biblioteca, de 13 a 15 de maio, das 10h \u00e0s 22h; e no Centro Comunit\u00e1rio da Vila Hortol\u00e2ndia no dia 18, \u00e0s 19h30.<\/p>\n\n\n\n<p>Al\u00e9m das premia\u00e7\u00f5es em dinheiro para as propostas com maiores notas, a terceira edi\u00e7\u00e3o do Festival de Curtas-Metragens conta tamb\u00e9m com a premia\u00e7\u00e3o especial \u2018Curta Jundia\u00ed\u2019, no valor de R$ 4 mil, exclusiva para proponentes residentes e domiciliados no Munic\u00edpio.<\/p>\n\n\n\n<p>J\u00e1 pela Mostra Paralela, os trabalhos ser\u00e3o exibidos nos canais oficiais da Cultura no\u00a0<a rel=\"noreferrer noopener\" href=\"https:\/\/www.facebook.com\/culturajundiai\" target=\"_blank\">Facebook<\/a>\u00a0e\u00a0<a rel=\"noreferrer noopener\" href=\"https:\/\/www.youtube.com\/c\/CulturaJundia%C3%AD\/featured\" target=\"_blank\">YouTube<\/a>.<\/p>\n\n\n\n<p><em><strong>(Fonte\/Imagem: Prefeitura de Jundia\u00ed)<\/strong><\/em><\/p>\n","protected":false},"excerpt":{"rendered":"<p>Programa\u00e7\u00e3o vai at\u00e9 18 de maio, com exibi\u00e7\u00f5es de curtas e workshops gratuitos<\/p>\n","protected":false},"author":30,"featured_media":92310,"comment_status":"closed","ping_status":"closed","sticky":false,"template":"","format":"standard","meta":{"footnotes":""},"categories":[2833,8356,1],"tags":[],"class_list":["post-92309","post","type-post","status-publish","format-standard","has-post-thumbnail","hentry","category-cultura","category-jundiai","category-noticias"],"_links":{"self":[{"href":"https:\/\/tvtecjundiai.com.br\/news\/wp-json\/wp\/v2\/posts\/92309","targetHints":{"allow":["GET"]}}],"collection":[{"href":"https:\/\/tvtecjundiai.com.br\/news\/wp-json\/wp\/v2\/posts"}],"about":[{"href":"https:\/\/tvtecjundiai.com.br\/news\/wp-json\/wp\/v2\/types\/post"}],"author":[{"embeddable":true,"href":"https:\/\/tvtecjundiai.com.br\/news\/wp-json\/wp\/v2\/users\/30"}],"replies":[{"embeddable":true,"href":"https:\/\/tvtecjundiai.com.br\/news\/wp-json\/wp\/v2\/comments?post=92309"}],"version-history":[{"count":1,"href":"https:\/\/tvtecjundiai.com.br\/news\/wp-json\/wp\/v2\/posts\/92309\/revisions"}],"predecessor-version":[{"id":92311,"href":"https:\/\/tvtecjundiai.com.br\/news\/wp-json\/wp\/v2\/posts\/92309\/revisions\/92311"}],"wp:featuredmedia":[{"embeddable":true,"href":"https:\/\/tvtecjundiai.com.br\/news\/wp-json\/wp\/v2\/media\/92310"}],"wp:attachment":[{"href":"https:\/\/tvtecjundiai.com.br\/news\/wp-json\/wp\/v2\/media?parent=92309"}],"wp:term":[{"taxonomy":"category","embeddable":true,"href":"https:\/\/tvtecjundiai.com.br\/news\/wp-json\/wp\/v2\/categories?post=92309"},{"taxonomy":"post_tag","embeddable":true,"href":"https:\/\/tvtecjundiai.com.br\/news\/wp-json\/wp\/v2\/tags?post=92309"}],"curies":[{"name":"wp","href":"https:\/\/api.w.org\/{rel}","templated":true}]}}