{"id":92329,"date":"2022-05-04T12:28:54","date_gmt":"2022-05-04T15:28:54","guid":{"rendered":"https:\/\/tvtecjundiai.com.br\/news\/?p=92329"},"modified":"2022-05-04T12:29:00","modified_gmt":"2022-05-04T15:29:00","slug":"emeb-joaquim-candelario-recebe-teatro-interativo-contra-o-bullying","status":"publish","type":"post","link":"https:\/\/tvtecjundiai.com.br\/news\/2022\/05\/04\/emeb-joaquim-candelario-recebe-teatro-interativo-contra-o-bullying\/","title":{"rendered":"EMEB Joaquim Candel\u00e1rio recebe teatro interativo contra o bullying"},"content":{"rendered":"\n<p>A EMEB Joaquim Candel\u00e1rio de Freitas, localizada na Vl. Hortol\u00e2ndia, recebeu nesta ter\u00e7a-feira (3) o espet\u00e1culo \u201cComit\u00ea de S\u00e1bios \u2013 Todos Merecem Respeito\u201d, apresentado pela empresa Ci\u00eancia Divertida, que tem como objetivo levar aos alunos li\u00e7\u00f5es sobre respeito, igualdade e combate ao bullying. &nbsp;<\/p>\n\n\n\n<p>O teatro foi realizado no novo espa\u00e7o destinado ao audit\u00f3rio da escola.<\/p>\n\n\n\n<figure class=\"wp-block-image\"><img decoding=\"async\" src=\"https:\/\/jundiai.sp.gov.br\/noticias\/wp-content\/uploads\/sites\/32\/2022\/05\/ebem-1.jpg\" alt=\"Alunos assistem ao teatro sentados e alguns participam da encena\u00e7\u00e3o no audit\u00f3rio da escola\" class=\"wp-image-291286\" \/><figcaption>Ci\u00eancia Divertida realiza apresenta\u00e7\u00e3o para alunos da EMEB Joaquim Candel\u00e1rio de Freitas<\/figcaption><\/figure>\n\n\n\n<p>Com o lema \u201crespeitando as diferen\u00e7as\u201d, os artistas est\u00e3o na turn\u00ea \u201cDiverte: Teatro Viajante\u201d que passar\u00e1 por 12 cidades paulistas, incluindo Jundia\u00ed. A apresenta\u00e7\u00e3o foi voltada aos alunos do 5\u00ba ano, com muita intera\u00e7\u00e3o e participa\u00e7\u00e3o das crian\u00e7as, que reagiram de forma bastante positiva.<\/p>\n\n\n\n<p>\u201cGostei muito da pe\u00e7a porque ela fala bastante sobre o bullying de uma maneira diferente. Os artistas s\u00e3o bem engra\u00e7ados, chama o pessoal para participar e n\u00f3s amamos, pois a apresenta\u00e7\u00e3o nos faz pensar sobre as outras pessoas e o que elas est\u00e3o sentido\u201d, comenta a aluna Let\u00edcia Fernando Rodrigues, de 10 anos.<\/p>\n\n\n\n<p>O Projeto consiste em levar o teatro para espa\u00e7os alternativos como escolas, pra\u00e7as p\u00fablicas, locais privados de acesso p\u00fablico, entre outros, tornando-os culturalmente aproveit\u00e1veis, desenvolvendo programas integrados que permitam o contato, a intera\u00e7\u00e3o e a participa\u00e7\u00e3o das crian\u00e7as com representa\u00e7\u00f5es ativas atrav\u00e9s do teatro infantil.<\/p>\n\n\n\n<p>\u201cCom a volta das aulas presenciais, as escolas t\u00eam trabalhado bastante as quest\u00f5es relacionadas a conte\u00fados socioemocionais e \u00e0 necessidade de pensar no bem-estar de todos\u201d, destaca a gestora da Unidade de Gest\u00e3o de Educa\u00e7\u00e3o, professora Vasti Ferrari Marques.<\/p>\n\n\n\n<figure class=\"wp-block-image\"><img decoding=\"async\" src=\"https:\/\/jundiai.sp.gov.br\/noticias\/wp-content\/uploads\/sites\/32\/2022\/05\/emeb-2.jpg\" alt=\"Artista vestido de cientista ensina aluno a colocar os componentes de uma mistura qu\u00edmica dentro de um frasco para gerar uma rea\u00e7\u00e3o.\" class=\"wp-image-291287\" \/><figcaption>Alunos aprendem a produzir uma rea\u00e7\u00e3o qu\u00edmica no final da apresenta\u00e7\u00e3o<\/figcaption><\/figure>\n\n\n\n<p>\u201cAbordamos temas como a import\u00e2ncia de respeitarmos as diferen\u00e7as, afinal ningu\u00e9m \u00e9 igual a ningu\u00e9m. Por sermos cientistas, ainda trazemos uma surpresa no final com uma experi\u00eancia que os alunos sempre adoram\u201d, relata o ator e professor Rodrigo Siqueira.<\/p>\n\n\n\n<p>O projeto visa complementar o conte\u00fado apresentado pelas escolas fazendo com que os participantes o absorvam de forma l\u00fadica, uma vez que o assunto \u00e9 apresentado em forma teatral.<\/p>\n\n\n\n<p>\u201cO tema \u00e9 fundamental para a nossa realidade. Escolhemos os alunos de 5\u00ba ano porque nessa idade j\u00e1 come\u00e7am a acontecer algumas brincadeiras que precisam ser evitadas. E da forma como as quest\u00f5es s\u00e3o apresentadas no teatro, com muito interatividade e participa\u00e7\u00e3o deles, o aprendizado \u00e9 muito maior\u201d, comenta a diretora da EMEB, Luciana Cristina da Silva.<\/p>\n\n\n\n<figure class=\"wp-block-image\"><img decoding=\"async\" src=\"https:\/\/jundiai.sp.gov.br\/noticias\/wp-content\/uploads\/sites\/32\/2022\/05\/emeb-3.jpg\" alt=\"Diretora Luciana \u00e9 vendada com uma venda amarela e abra\u00e7a uma aluna enquanto participa do teatro.\" class=\"wp-image-291288\" \/><figcaption>Diretora Luciana \u00e9 vendada para participar da apresenta\u00e7\u00e3o com os alunos da EMEB<\/figcaption><\/figure>\n\n\n\n<p><strong><em>(Fonte\/Imagem: Prefeitura de Jundia\u00ed)<\/em><\/strong><\/p>\n","protected":false},"excerpt":{"rendered":"<p>O projeto visa complementar o conte\u00fado apresentado pelas escolas de forma l\u00fadica.<\/p>\n","protected":false},"author":27,"featured_media":92330,"comment_status":"closed","ping_status":"closed","sticky":false,"template":"","format":"standard","meta":{"footnotes":""},"categories":[2833,2828,8356],"tags":[],"class_list":["post-92329","post","type-post","status-publish","format-standard","has-post-thumbnail","hentry","category-cultura","category-educacao","category-jundiai"],"_links":{"self":[{"href":"https:\/\/tvtecjundiai.com.br\/news\/wp-json\/wp\/v2\/posts\/92329","targetHints":{"allow":["GET"]}}],"collection":[{"href":"https:\/\/tvtecjundiai.com.br\/news\/wp-json\/wp\/v2\/posts"}],"about":[{"href":"https:\/\/tvtecjundiai.com.br\/news\/wp-json\/wp\/v2\/types\/post"}],"author":[{"embeddable":true,"href":"https:\/\/tvtecjundiai.com.br\/news\/wp-json\/wp\/v2\/users\/27"}],"replies":[{"embeddable":true,"href":"https:\/\/tvtecjundiai.com.br\/news\/wp-json\/wp\/v2\/comments?post=92329"}],"version-history":[{"count":1,"href":"https:\/\/tvtecjundiai.com.br\/news\/wp-json\/wp\/v2\/posts\/92329\/revisions"}],"predecessor-version":[{"id":92331,"href":"https:\/\/tvtecjundiai.com.br\/news\/wp-json\/wp\/v2\/posts\/92329\/revisions\/92331"}],"wp:featuredmedia":[{"embeddable":true,"href":"https:\/\/tvtecjundiai.com.br\/news\/wp-json\/wp\/v2\/media\/92330"}],"wp:attachment":[{"href":"https:\/\/tvtecjundiai.com.br\/news\/wp-json\/wp\/v2\/media?parent=92329"}],"wp:term":[{"taxonomy":"category","embeddable":true,"href":"https:\/\/tvtecjundiai.com.br\/news\/wp-json\/wp\/v2\/categories?post=92329"},{"taxonomy":"post_tag","embeddable":true,"href":"https:\/\/tvtecjundiai.com.br\/news\/wp-json\/wp\/v2\/tags?post=92329"}],"curies":[{"name":"wp","href":"https:\/\/api.w.org\/{rel}","templated":true}]}}