{"id":92429,"date":"2022-05-06T08:54:53","date_gmt":"2022-05-06T11:54:53","guid":{"rendered":"https:\/\/tvtecjundiai.com.br\/news\/?p=92429"},"modified":"2022-05-06T10:00:04","modified_gmt":"2022-05-06T13:00:04","slug":"biblioteca-e-fabrica-das-infancias-japy-tem-oficina-contacao-de-historias-e-teatro-infantil-no-fim-de-semana1","status":"publish","type":"post","link":"https:\/\/tvtecjundiai.com.br\/news\/2022\/05\/06\/biblioteca-e-fabrica-das-infancias-japy-tem-oficina-contacao-de-historias-e-teatro-infantil-no-fim-de-semana1\/","title":{"rendered":"Biblioteca e F\u00e1brica das Inf\u00e2ncias Japy t\u00eam programa\u00e7\u00e3o para o p\u00fablico intantojuvenil no fim de semana"},"content":{"rendered":"\n<p>Como iniciativa do programa Cidade das Crian\u00e7as, a Unidade de Gest\u00e3o de Cultura (UGC) preparou para este s\u00e1bado (07) e domingo (08) mais atra\u00e7\u00f5es voltadas para o p\u00fablico intantojuvenil, com oficinas, conta\u00e7\u00e3o de hist\u00f3ria e apresenta\u00e7\u00e3o teatral na Biblioteca Municipal Professor Nelson Foot e F\u00e1brica das Inf\u00e2ncias Japy.<\/p>\n\n\n\n<p><strong>Biblioteca<\/strong><br>A programa\u00e7\u00e3o do s\u00e1bado (07) na Biblioteca come\u00e7a \u00e0s 9h30, no audit\u00f3rio, com a&nbsp;primeira oficina para inscritos da oficina de Escrita Liter\u00e1ria do projeto Escrita \u00e9 Vida, com a professora e escritora Tuka Vilhena. Com dura\u00e7\u00e3o de sete encontros, a forma\u00e7\u00e3o \u00e9 voltada para jovens e \u00e9&nbsp;<a rel=\"noreferrer noopener\" href=\"https:\/\/docs.google.com\/forms\/d\/1NyXjvo2n7K2j9A_Eur-ZK678qd8l0y8Ej3m6bE-IGUk\/edit\" target=\"_blank\">aberta somente para inscritos<\/a>.<\/p>\n\n\n\n<p>Ainda no s\u00e1bado (07), \u00e0s 11h, tem ainda conta\u00e7\u00e3o de hist\u00f3ria com a escritora Julia Heimann e Rita Pedro, do Ateli\u00ea Borboletas Arteiras. Com ajuda de bonecas, a atividade traz a hist\u00f3ria de oito amigas especiais, que apesar de terem personalidades diferentes s\u00e3o iguais na forma de brincar e sonhar. Uma hist\u00f3ria de amizade e sonhos para crian\u00e7as a partir de quatro anos, seus pais e cuidadores.<\/p>\n\n\n\n<figure class=\"wp-block-image size-large\"><img loading=\"lazy\" decoding=\"async\" width=\"1200\" height=\"800\" src=\"https:\/\/tvtecjundiai.com.br\/news\/wp-content\/uploads\/sites\/2\/2022\/05\/contacao-de-historias-na-biblioteca_c_-16-1200x800.jpg\" alt=\"\" class=\"wp-image-92430\" srcset=\"https:\/\/tvtecjundiai.com.br\/news\/wp-content\/uploads\/sites\/2\/2022\/05\/contacao-de-historias-na-biblioteca_c_-16-1200x800.jpg 1200w, https:\/\/tvtecjundiai.com.br\/news\/wp-content\/uploads\/sites\/2\/2022\/05\/contacao-de-historias-na-biblioteca_c_-16-300x200.jpg 300w, https:\/\/tvtecjundiai.com.br\/news\/wp-content\/uploads\/sites\/2\/2022\/05\/contacao-de-historias-na-biblioteca_c_-16-768x512.jpg 768w, https:\/\/tvtecjundiai.com.br\/news\/wp-content\/uploads\/sites\/2\/2022\/05\/contacao-de-historias-na-biblioteca_c_-16.jpg 1280w\" sizes=\"auto, (max-width: 1200px) 100vw, 1200px\" \/><figcaption>Biblioteca traz atra\u00e7\u00f5es culturais gratuitas para o p\u00fablico infantojuvenil aos s\u00e1bados (Foto: Prefeitura de Jundia\u00ed)<\/figcaption><\/figure>\n\n\n\n<p>A Biblioteca fica na avenida Dr. Cavalcanti, 396, Complexo Argos, e funciona de segunda a sexta-feira, das 9h \u00e0s 21h e aos s\u00e1bados, das 9h \u00e0s 13h. Mais informa\u00e7\u00f5es pelo telefone 4527-2110.<\/p>\n\n\n\n<p><strong>F\u00e1brica das Inf\u00e2ncias Japy<br><\/strong>J\u00e1 na Japy, novo equipamento cultural da cidade voltado para as brincadeiras e inf\u00e2ncias, a programa\u00e7\u00e3o do s\u00e1bado (07), come\u00e7a \u00e0s 10h30, com a apresenta\u00e7\u00e3o do espet\u00e1culo \u201cQuando acordei, o circo j\u00e1 tinha ido embora\u201d, da Trupe Trapaceros. Voltado para o p\u00fablico de cinco a 11 anos, a obra circense, c\u00f4mica e musical trata das mem\u00f3rias de inf\u00e2ncia vividas nos circos de lona itinerantes. A hist\u00f3ria \u00e9 contada por duas personagens, que mergulham no universo do circo e, a partir das suas lembran\u00e7as, transmutam-se nos mais diversos artistas.&nbsp;<\/p>\n\n\n\n<p>J\u00e1 no domingo (08), tamb\u00e9m \u00e0s 10h30, \u00e9 a vez do espet\u00e1culo teatral \u201cEnrolado\u201d, com Grupo Gatos Gordos, voltada para o p\u00fablico de quatro a 11 anos. \u201cRolo\u201d \u00e9 um diretor de cinema, que chega antes do elenco ao local onde ser\u00e1 gravado o filme, \u201cMargarina e o sumi\u00e7o de Manteiga\u201d. Como o elenco demora para chegar, ele conversa com a plateia e aproveita para montar o cen\u00e1rio. De repente, Rolo recebe a liga\u00e7\u00e3o de seu diretor geral, bravo homem, perguntando se est\u00e1 tudo certo para a grava\u00e7\u00e3o, pois, nesse dia o maior astro do cinema ir\u00e1 assistir.<\/p>\n\n\n\n<p>Rolo recebe outras liga\u00e7\u00f5es do elenco, contando de seus contratempos e atrasos para a grava\u00e7\u00e3o. Desesperado, \u201cRolo\u201d se depara com a responsabilidade de fazer o filme e explica divertidamente conceitos do teatro como interpreta\u00e7\u00e3o, voz, entona\u00e7\u00e3o, escolhe o elenco na hora, ensaia, coloca adere\u00e7os e, junto com a plateia, realizam o filme.<\/p>\n\n\n\n<figure class=\"wp-block-image size-full\"><img loading=\"lazy\" decoding=\"async\" width=\"1053\" height=\"705\" src=\"https:\/\/tvtecjundiai.com.br\/news\/wp-content\/uploads\/sites\/2\/2022\/05\/quando-acordei-o-circo-ja-tinha-ido-embora.png\" alt=\"\" class=\"wp-image-92431\" srcset=\"https:\/\/tvtecjundiai.com.br\/news\/wp-content\/uploads\/sites\/2\/2022\/05\/quando-acordei-o-circo-ja-tinha-ido-embora.png 1053w, https:\/\/tvtecjundiai.com.br\/news\/wp-content\/uploads\/sites\/2\/2022\/05\/quando-acordei-o-circo-ja-tinha-ido-embora-300x201.png 300w, https:\/\/tvtecjundiai.com.br\/news\/wp-content\/uploads\/sites\/2\/2022\/05\/quando-acordei-o-circo-ja-tinha-ido-embora-768x514.png 768w\" sizes=\"auto, (max-width: 1053px) 100vw, 1053px\" \/><figcaption>Japy traz os espet\u00e1culos \u201cQuando acordei, o circo j\u00e1 tinha ido embora\u201d no s\u00e1bado (07) e \u201cEnrolado\u201d no domingo (08) (Foto: Divulga\u00e7\u00e3o)<\/figcaption><\/figure>\n\n\n\n<p>A F\u00e1brica das Inf\u00e2ncias Japy fica na rua Lacerda Franco, 175, Vila Arens, e abre de ter\u00e7a a sexta-feira, das 9h \u00e0s 17h; e aos s\u00e1bados, domingos e feriados, das 9h \u00e0s 13h. A entrada de visitantes ser\u00e1 permitida somente at\u00e9 30 minutos antes do hor\u00e1rio de fechamento. Mais informa\u00e7\u00f5es pelo n\u00famero 4521-0971.<\/p>\n\n\n\n<p><em><strong>(Fonte: Prefeitura de Jundia\u00ed\/Imagem: Prefeitura de Jundia\u00ed e Divulga\u00e7\u00e3o)<\/strong><\/em><\/p>\n","protected":false},"excerpt":{"rendered":"<p>S\u00e1bado (07) e domingo (08) est\u00e3o com diversas atra\u00e7\u00f5es voltadas ao p\u00fablico infantojuvenil<\/p>\n","protected":false},"author":30,"featured_media":92431,"comment_status":"closed","ping_status":"closed","sticky":false,"template":"","format":"standard","meta":{"footnotes":""},"categories":[2833,8356,8354,1],"tags":[],"class_list":["post-92429","post","type-post","status-publish","format-standard","has-post-thumbnail","hentry","category-cultura","category-jundiai","category-lazer","category-noticias"],"_links":{"self":[{"href":"https:\/\/tvtecjundiai.com.br\/news\/wp-json\/wp\/v2\/posts\/92429","targetHints":{"allow":["GET"]}}],"collection":[{"href":"https:\/\/tvtecjundiai.com.br\/news\/wp-json\/wp\/v2\/posts"}],"about":[{"href":"https:\/\/tvtecjundiai.com.br\/news\/wp-json\/wp\/v2\/types\/post"}],"author":[{"embeddable":true,"href":"https:\/\/tvtecjundiai.com.br\/news\/wp-json\/wp\/v2\/users\/30"}],"replies":[{"embeddable":true,"href":"https:\/\/tvtecjundiai.com.br\/news\/wp-json\/wp\/v2\/comments?post=92429"}],"version-history":[{"count":2,"href":"https:\/\/tvtecjundiai.com.br\/news\/wp-json\/wp\/v2\/posts\/92429\/revisions"}],"predecessor-version":[{"id":92446,"href":"https:\/\/tvtecjundiai.com.br\/news\/wp-json\/wp\/v2\/posts\/92429\/revisions\/92446"}],"wp:featuredmedia":[{"embeddable":true,"href":"https:\/\/tvtecjundiai.com.br\/news\/wp-json\/wp\/v2\/media\/92431"}],"wp:attachment":[{"href":"https:\/\/tvtecjundiai.com.br\/news\/wp-json\/wp\/v2\/media?parent=92429"}],"wp:term":[{"taxonomy":"category","embeddable":true,"href":"https:\/\/tvtecjundiai.com.br\/news\/wp-json\/wp\/v2\/categories?post=92429"},{"taxonomy":"post_tag","embeddable":true,"href":"https:\/\/tvtecjundiai.com.br\/news\/wp-json\/wp\/v2\/tags?post=92429"}],"curies":[{"name":"wp","href":"https:\/\/api.w.org\/{rel}","templated":true}]}}