{"id":92460,"date":"2022-05-06T13:43:11","date_gmt":"2022-05-06T16:43:11","guid":{"rendered":"https:\/\/tvtecjundiai.com.br\/news\/?p=92460"},"modified":"2022-05-06T13:43:17","modified_gmt":"2022-05-06T16:43:17","slug":"agenda-do-fim-de-semana-traz-sexta-no-centro-batalha-de-rimas-poesia-e-atracoes-gratuitas","status":"publish","type":"post","link":"https:\/\/tvtecjundiai.com.br\/news\/2022\/05\/06\/agenda-do-fim-de-semana-traz-sexta-no-centro-batalha-de-rimas-poesia-e-atracoes-gratuitas\/","title":{"rendered":"Agenda do fim de semana traz \u2018Sexta no Centro\u2019, Batalha de Rimas &amp; Poesia e atra\u00e7\u00f5es gratuitas\u00a0"},"content":{"rendered":"\n<p>A programa\u00e7\u00e3o cultural gratuita deste fim de semana come\u00e7a j\u00e1 nesta sexta-feira (06), com a Sexta no Centro do m\u00eas de junho, que abre a programa\u00e7\u00e3o da Luta Antimanicomial 2022, na Pra\u00e7a Marechal Floriano Peixoto (Pra\u00e7a do Coreto), atr\u00e1s da Catedral.<\/p>\n\n\n\n<p>A programa\u00e7\u00e3o come\u00e7a \u00e0s 13h30, com diversas atividades alusivas ao tema. J\u00e1 a programa\u00e7\u00e3o cultural traz: \u00e0s 16h, o show \u201cSom das Ruas \u2013 \u201cTocando com eles, por eles e para eles!\u201d; \u00e0s 18h o show \u201cMelancolia Acorda\u201d, com Igor Pupo; \u00e0s 19h30, o show \u201cSobre o Sil\u00eancio \u2013 10 anos\u201d, com de Rog\u00e9rio Botter Maio Trio; e \u00e0s 21h, encerrando a programa\u00e7\u00e3o, o show \u201cVinte Anos de Estrada\u201d, com o quinteto Projeto B.<\/p>\n\n\n\n<p>Quem visitar a Sexta no Centro poder\u00e1 conferir e prestigiar as barracas de gastronomia do varej\u00e3o noturno e de artesanato do programa Jundia\u00ed feito \u00e0 m\u00e3o.<\/p>\n\n\n\n<figure class=\"wp-block-image size-large\"><img loading=\"lazy\" decoding=\"async\" width=\"1200\" height=\"800\" src=\"https:\/\/tvtecjundiai.com.br\/news\/wp-content\/uploads\/sites\/2\/2022\/05\/sexta_no_centro-50-1200x800.jpg\" alt=\"\" class=\"wp-image-92461\" srcset=\"https:\/\/tvtecjundiai.com.br\/news\/wp-content\/uploads\/sites\/2\/2022\/05\/sexta_no_centro-50-1200x800.jpg 1200w, https:\/\/tvtecjundiai.com.br\/news\/wp-content\/uploads\/sites\/2\/2022\/05\/sexta_no_centro-50-300x200.jpg 300w, https:\/\/tvtecjundiai.com.br\/news\/wp-content\/uploads\/sites\/2\/2022\/05\/sexta_no_centro-50-768x512.jpg 768w, https:\/\/tvtecjundiai.com.br\/news\/wp-content\/uploads\/sites\/2\/2022\/05\/sexta_no_centro-50.jpg 1280w\" sizes=\"auto, (max-width: 1200px) 100vw, 1200px\" \/><figcaption>Quem prestigiar a Sexta no Centro, al\u00e9m das atra\u00e7\u00f5es musicais, poder\u00e1 tamb\u00e9m se deliciar com os produtos das barracas de alimenta\u00e7\u00e3o<\/figcaption><\/figure>\n\n\n\n<p>Confira a programa\u00e7\u00e3o completa:<\/p>\n\n\n\n<p><strong>Biblioteca Municipal Professor Nelson Foot<\/strong><\/p>\n\n\n\n<p>A programa\u00e7\u00e3o do s\u00e1bado (07) come\u00e7a \u00e0s 9h30, no audit\u00f3rio, com a primeira oficina para inscritos da oficina de Escrita Liter\u00e1ria do projeto Escrita \u00e9 Vida, com a professora e escritora Tuka Vilhena. Com dura\u00e7\u00e3o de sete encontros, a\u00a0forma\u00e7\u00e3o \u00e9 voltada para jovens e \u00e9 aberta somente para inscritos.<\/p>\n\n\n\n<p>Ainda no s\u00e1bado (07), \u00e0s 11h, tem ainda conta\u00e7\u00e3o de hist\u00f3ria com a escritora Julia Heimann e Rita Pedro, do Ateli\u00ea Borboletas Arteiras. Com ajuda de bonecas, a atividade traz a hist\u00f3ria de oito amigas especiais, que apesar de terem personalidades diferentes s\u00e3o iguais na forma de brincar e sonhar. Uma hist\u00f3ria de amizade e sonhos para crian\u00e7as a partir de quatro anos, seus pais e cuidadores.<\/p>\n\n\n\n<p>Quem visitar a Biblioteca poder\u00e1 conferir ainda, na Galeria Jundia\u00ed,&nbsp;<a href=\"https:\/\/cultura.jundiai.sp.gov.br\/exposicoes\/olhos-sobre-oleo\/\" target=\"_blank\" rel=\"noreferrer noopener\">a exposi\u00e7\u00e3o \u201cOlhos sobre \u00d3leo\u201d, da artista pl\u00e1stica Valquiria Malagoli<\/a>, que fica aberta at\u00e9 o dia 28 de maio e traz uma viagem a hist\u00f3ria da t\u00e9cnica a \u00f3leo, considerada a mais tradicional na pintura.<\/p>\n\n\n\n<p>A Biblioteca fica na avenida Dr. Cavalcanti, 396, Complexo Argos, e funciona de segunda a sexta-feira, das 9h \u00e0s 21h e aos s\u00e1bados, das 9h \u00e0s 13h. Mais informa\u00e7\u00f5es pelo telefone 4527-2110.<\/p>\n\n\n\n<figure class=\"wp-block-image size-large\"><img loading=\"lazy\" decoding=\"async\" width=\"1200\" height=\"800\" src=\"https:\/\/tvtecjundiai.com.br\/news\/wp-content\/uploads\/sites\/2\/2022\/05\/roda-de-conversa-livro-infantil-bailarina-na-biblioteca_c_-10-1200x800.jpg\" alt=\"\" class=\"wp-image-92462\" srcset=\"https:\/\/tvtecjundiai.com.br\/news\/wp-content\/uploads\/sites\/2\/2022\/05\/roda-de-conversa-livro-infantil-bailarina-na-biblioteca_c_-10-1200x800.jpg 1200w, https:\/\/tvtecjundiai.com.br\/news\/wp-content\/uploads\/sites\/2\/2022\/05\/roda-de-conversa-livro-infantil-bailarina-na-biblioteca_c_-10-300x200.jpg 300w, https:\/\/tvtecjundiai.com.br\/news\/wp-content\/uploads\/sites\/2\/2022\/05\/roda-de-conversa-livro-infantil-bailarina-na-biblioteca_c_-10-768x512.jpg 768w, https:\/\/tvtecjundiai.com.br\/news\/wp-content\/uploads\/sites\/2\/2022\/05\/roda-de-conversa-livro-infantil-bailarina-na-biblioteca_c_-10.jpg 1280w\" sizes=\"auto, (max-width: 1200px) 100vw, 1200px\" \/><figcaption>Biblioteca agora abre aos s\u00e1bados com programa\u00e7\u00e3o gratuita para o p\u00fablico infantojuvenil<\/figcaption><\/figure>\n\n\n\n<p><strong>Complexo Fepasa<\/strong><\/p>\n\n\n\n<p>A Sala Jundia\u00ed do Complexo Fepasa recebe neste s\u00e1bado (07), \u00e0s 19h, a apresenta\u00e7\u00e3o da pe\u00e7a teatral \u201cAmar, Verbo Intransitivo\u201d, adapta\u00e7\u00e3o premiada do romance de 1927 do escritor modernista M\u00e1rio de Andrade. O espet\u00e1culo chega ao Munic\u00edpio por meio do Programa de A\u00e7\u00e3o Cultural (ProAC), da secretaria estadual de Cultura e Economia Criativa, e para apresenta\u00e7\u00e3o gratuita ser\u00e3o disponibilizados 170 ingressos gratuitos, por ordem de chegada ao local.<\/p>\n\n\n\n<p>O espet\u00e1culo tem dura\u00e7\u00e3o de 75 minutos e classifica\u00e7\u00e3o indicativa de 12 anos e narra a hist\u00f3ria de Elza, contratada por uma fam\u00edlia tradicional paulista nos anos de 1920 para fazer a inicia\u00e7\u00e3o amorosa e sexual de Carlos, o primog\u00eanito herdeiro. A partir desse encontro, os personagens vivem uma rela\u00e7\u00e3o amorosa, revelando cr\u00edticas sociais e comportamentais.<\/p>\n\n\n\n<p>O Complexo Fepasa fica na avenida Uni\u00e3o dos Ferrovi\u00e1rios, 1.760. Mais informa\u00e7\u00f5es pelo telefone 4589-6800.<\/p>\n\n\n\n<figure class=\"wp-block-image size-large\"><img loading=\"lazy\" decoding=\"async\" width=\"1200\" height=\"800\" src=\"https:\/\/tvtecjundiai.com.br\/news\/wp-content\/uploads\/sites\/2\/2022\/05\/foto-joao-caldas-fo_00966press-1200x800.jpg\" alt=\"\" class=\"wp-image-92463\" srcset=\"https:\/\/tvtecjundiai.com.br\/news\/wp-content\/uploads\/sites\/2\/2022\/05\/foto-joao-caldas-fo_00966press-1200x800.jpg 1200w, https:\/\/tvtecjundiai.com.br\/news\/wp-content\/uploads\/sites\/2\/2022\/05\/foto-joao-caldas-fo_00966press-300x200.jpg 300w, https:\/\/tvtecjundiai.com.br\/news\/wp-content\/uploads\/sites\/2\/2022\/05\/foto-joao-caldas-fo_00966press-768x512.jpg 768w, https:\/\/tvtecjundiai.com.br\/news\/wp-content\/uploads\/sites\/2\/2022\/05\/foto-joao-caldas-fo_00966press.jpg 1280w\" sizes=\"auto, (max-width: 1200px) 100vw, 1200px\" \/><figcaption>Pe\u00e7a traz em seu elenco Luciana Carnieli no papel da governanta Fr\u00e4ulein Elza e Pedro Daher como Carlos (Foto: Jo\u00e3o Caldas)<\/figcaption><\/figure>\n\n\n\n<p><strong>F\u00e1brica das Inf\u00e2ncias Japy<\/strong><\/p>\n\n\n\n<p>J\u00e1 na Japy, novo equipamento cultural da cidade voltado para as brincadeiras e inf\u00e2ncias, a programa\u00e7\u00e3o do s\u00e1bado (07), come\u00e7a \u00e0s 10h30, com a apresenta\u00e7\u00e3o do espet\u00e1culo \u201cQuando acordei, o circo j\u00e1 tinha ido embora\u201d, da Trupe Trapaceros. Voltado para o p\u00fablico de cinco a 11 anos, a obra circense, c\u00f4mica e musical trata das mem\u00f3rias de inf\u00e2ncia vividas nos circos de lona itinerantes. A hist\u00f3ria \u00e9 contada por duas personagens, que mergulham no universo do circo e, a partir das suas lembran\u00e7as, transmutam-se nos mais diversos artistas.<\/p>\n\n\n\n<p>J\u00e1 no domingo (08), tamb\u00e9m \u00e0s 10h30, \u00e9 a vez do espet\u00e1culo teatral \u201cEnrolado\u201d, com Grupo Gatos Gordos, voltada para o p\u00fablico de quatro a 11 anos. \u201cRolo\u201d \u00e9 um diretor de cinema, que chega antes do elenco ao local onde ser\u00e1 gravado o filme, \u201cMargarina e o sumi\u00e7o de Manteiga\u201d. Como o elenco demora para chegar, ele conversa com a plateia e aproveita para montar o cen\u00e1rio. De repente, Rolo recebe a liga\u00e7\u00e3o de seu diretor geral, bravo homem, perguntando se est\u00e1 tudo certo para a grava\u00e7\u00e3o, pois, nesse dia o maior astro do cinema ir\u00e1 assistir.<\/p>\n\n\n\n<p>Rolo recebe outras liga\u00e7\u00f5es do elenco, contando de seus contratempos e atrasos para a grava\u00e7\u00e3o. Desesperado, \u201cRolo\u201d se depara com a responsabilidade de fazer o filme e explica divertidamente conceitos do teatro como interpreta\u00e7\u00e3o, voz, entona\u00e7\u00e3o, escolhe o elenco na hora, ensaia, coloca adere\u00e7os e, junto com a plateia, realizam o filme.<\/p>\n\n\n\n<p>A F\u00e1brica das Inf\u00e2ncias Japy fica na rua Lacerda Franco, 175, Vila Arens, e abre de ter\u00e7a a sexta-feira, das 9h \u00e0s 17h; e aos s\u00e1bados, domingos e feriados, das 9h \u00e0s 13h. A entrada de visitantes ser\u00e1 permitida somente at\u00e9 30 minutos antes do hor\u00e1rio de fechamento. Mais informa\u00e7\u00f5es pelo n\u00famero 4521-0971.<\/p>\n\n\n\n<figure class=\"wp-block-image size-full\"><img loading=\"lazy\" decoding=\"async\" width=\"976\" height=\"359\" src=\"https:\/\/tvtecjundiai.com.br\/news\/wp-content\/uploads\/sites\/2\/2022\/05\/cultura.png\" alt=\"\" class=\"wp-image-92464\" srcset=\"https:\/\/tvtecjundiai.com.br\/news\/wp-content\/uploads\/sites\/2\/2022\/05\/cultura.png 976w, https:\/\/tvtecjundiai.com.br\/news\/wp-content\/uploads\/sites\/2\/2022\/05\/cultura-300x110.png 300w, https:\/\/tvtecjundiai.com.br\/news\/wp-content\/uploads\/sites\/2\/2022\/05\/cultura-768x282.png 768w\" sizes=\"auto, (max-width: 976px) 100vw, 976px\" \/><figcaption>S\u00e1bado (07) tem o espet\u00e1culo \u201cQuando acordei, o circo j\u00e1 tinha ido embora\u201d e no domingo (08) \u201cEnrolado\u201d, a partir das 10h30, na Japy<\/figcaption><\/figure>\n\n\n\n<p><strong>Pracinha da Cultura do Vista Alegre<\/strong><\/p>\n\n\n\n<p>Neste s\u00e1bado (07), al\u00e9m da oficina de capoeira, a partir das 9h, e de maracatu, a partir das 14h, para inscritos no\u00a0programa de oficinas culturais gratuitas para inscritos, a Pracinha da Cultura do Vista Alegre (antigo CEU das Artes) recebe\u00a0neste s\u00e1bado (07), das 16h \u00e0s 19h, a primeira \u2018Batalha de Rimas &amp; Poesia\u2019.<\/p>\n\n\n\n<p>Aberta para o p\u00fablico em geral, a programa\u00e7\u00e3o gratuita traz a participa\u00e7\u00e3o dos DJ Joker e Tom, na condu\u00e7\u00e3o do duelo de hip hop, al\u00e9m da interven\u00e7\u00e3o de grafitagem com o artista \u00d3pio, que foi convidado a desenvolver, durante aatividade, um trabalho em cima do tema \u201cconhecimento\u201d na parede da biblioteca instalada no local, que faz parte da Biblioteca Municipal Professor Nelson Foot.<\/p>\n\n\n\n<p>A Pracinha da Cultura fica na Rua Cabo Edvaldo Quirino Santana 46-110, no Vista Alegre. Mais informa\u00e7\u00f5es pelo telefone 4521-6193.<\/p>\n\n\n\n<figure class=\"wp-block-image size-large\"><img loading=\"lazy\" decoding=\"async\" width=\"1200\" height=\"800\" src=\"https:\/\/tvtecjundiai.com.br\/news\/wp-content\/uploads\/sites\/2\/2022\/05\/hip-hop_ceu-das-artes-33-1-1200x800.jpg\" alt=\"\" class=\"wp-image-92465\" srcset=\"https:\/\/tvtecjundiai.com.br\/news\/wp-content\/uploads\/sites\/2\/2022\/05\/hip-hop_ceu-das-artes-33-1-1200x800.jpg 1200w, https:\/\/tvtecjundiai.com.br\/news\/wp-content\/uploads\/sites\/2\/2022\/05\/hip-hop_ceu-das-artes-33-1-300x200.jpg 300w, https:\/\/tvtecjundiai.com.br\/news\/wp-content\/uploads\/sites\/2\/2022\/05\/hip-hop_ceu-das-artes-33-1-768x512.jpg 768w, https:\/\/tvtecjundiai.com.br\/news\/wp-content\/uploads\/sites\/2\/2022\/05\/hip-hop_ceu-das-artes-33-1.jpg 1280w\" sizes=\"auto, (max-width: 1200px) 100vw, 1200px\" \/><figcaption>Ainda este semestre est\u00e3o programadas outras duas edi\u00e7\u00f5es da \u201cBatalha\u201d no Vista Alegre<\/figcaption><\/figure>\n\n\n\n<p><strong>Museu Hist\u00f3rico e Cultural de Jundia\u00ed \u2013 Solar do Bar\u00e3o<\/strong><\/p>\n\n\n\n<p>No pr\u00e9dio do Solar do Bar\u00e3o, o p\u00fablico tem mais um final de semana para visitar, tanto no s\u00e1bado (07) como no domingo (08), das 10h \u00e0s 17h,\u00a0<a rel=\"noreferrer noopener\" href=\"https:\/\/cultura.jundiai.sp.gov.br\/exposicoes\/legados-de-gloria-memorias-da-danca-em-jundiai\/\" target=\"_blank\">a exposi\u00e7\u00e3o \u201cLegados de Gl\u00f3ria \u2013 Mem\u00f3rias da Dan\u00e7a em Jundia\u00ed\u201d, em homenagem \u00e0 artista Gl\u00f3ria Rocha<\/a>. A mostra segue com entrada franca at\u00e9 o dia 26 de junho.<\/p>\n\n\n\n<p>Tamb\u00e9m \u00e9 poss\u00edvel visitar parte do acervo permanente do Museu e os jardins com as instala\u00e7\u00f5es do programa municipal Cidade das Crian\u00e7as e da campanha \u201cJundia\u00ed P\u00e9 de Inf\u00e2ncia\u201d, com os conceitos da Rede Urban95.<\/p>\n\n\n\n<p>O Museu Hist\u00f3rico e Cultural \u2013 Solar do Bar\u00e3o est\u00e1 localizado na rua Bar\u00e3o de Jundia\u00ed, 762, Centro. Mais informa\u00e7\u00f5es pelo telefone 4521-6259.<\/p>\n\n\n\n<figure class=\"wp-block-image size-large\"><img loading=\"lazy\" decoding=\"async\" width=\"1200\" height=\"800\" src=\"https:\/\/tvtecjundiai.com.br\/news\/wp-content\/uploads\/sites\/2\/2022\/05\/exposicao-legados-de-gloria-no-solar-do-barao_c_-38-1200x800.jpg\" alt=\"\" class=\"wp-image-92466\" srcset=\"https:\/\/tvtecjundiai.com.br\/news\/wp-content\/uploads\/sites\/2\/2022\/05\/exposicao-legados-de-gloria-no-solar-do-barao_c_-38-1200x800.jpg 1200w, https:\/\/tvtecjundiai.com.br\/news\/wp-content\/uploads\/sites\/2\/2022\/05\/exposicao-legados-de-gloria-no-solar-do-barao_c_-38-300x200.jpg 300w, https:\/\/tvtecjundiai.com.br\/news\/wp-content\/uploads\/sites\/2\/2022\/05\/exposicao-legados-de-gloria-no-solar-do-barao_c_-38-768x512.jpg 768w, https:\/\/tvtecjundiai.com.br\/news\/wp-content\/uploads\/sites\/2\/2022\/05\/exposicao-legados-de-gloria-no-solar-do-barao_c_-38.jpg 1280w\" sizes=\"auto, (max-width: 1200px) 100vw, 1200px\" \/><figcaption>Exposi\u00e7\u00e3o em homenagem a Gl\u00f3ria Rocha fica at\u00e9 junho no Solar<\/figcaption><\/figure>\n\n\n\n<p><strong>Pinacoteca Municipal Di\u00f3genes Duarte Paes<\/strong><br>Neste s\u00e1bado (07) e domingo (08), a Pinacoteca estar\u00e1 fechada para a visita\u00e7\u00e3o do p\u00fablico, para a montagem das duas novas exposi\u00e7\u00f5es \u201cNonni di S\u00e3o Paulo\u201d e \u201cPaesani\u201d, cujos vernissages est\u00e3o programados para a quinta-feira (19), \u00e0s 19h, tamb\u00e9m com entrada franca.<\/p>\n\n\n\n<p>A Pinacoteca faz parte do Centro Jundiaiense de Cultura Josefina Rodrigues da Silva (Jorosil), que fica na rua Bar\u00e3o de Jundia\u00ed, 109, Centro. O hor\u00e1rio de funcionamento \u00e9 de ter\u00e7a a domingo, das 10h \u00e0s 17h. Mais informa\u00e7\u00f5es pelo telefone 4586-2326.<\/p>\n\n\n\n<p><strong>Teatro Polytheama<\/strong><\/p>\n\n\n\n<p>Nesta sexta-feira (06), a partir das 21h, o Teatro recebe a apresenta\u00e7\u00e3o do stand up \u201cMe tornei quem eu mais temia\u201d, com Renato Albani. A atra\u00e7\u00e3o tem classifica\u00e7\u00e3o indicativa de 16 anos e dura\u00e7\u00e3o de 70 minutos. Os ingressos podem ser adquiridos na bilheteria do Teatro ou\u00a0pela internet, <a rel=\"noreferrer noopener\" href=\"https:\/\/cultura.jundiai.sp.gov.br\/evento\/me-tornei-quem-eu-mais-temia-com-renato-albani-gt-teatro\/\" target=\"_blank\">na plataforma Sympla<\/a>.<\/p>\n\n\n\n<p>J\u00e1 neste s\u00e1bado (07), \u00e0s 19h30, ser\u00e1 realizado o festival de dan\u00e7a \u201cIOA Gala 2022\u201d, com dura\u00e7\u00e3o de 120 minutos e classifica\u00e7\u00e3o livre. Os ingressos para esse espet\u00e1culo tamb\u00e9m podem ser adquiridos na bilheteria do Teatro ou\u00a0pela internet, na<a rel=\"noreferrer noopener\" href=\"https:\/\/cultura.jundiai.sp.gov.br\/evento\/ioa-gala-2022\/\" target=\"_blank\"> plataforma Sympla<\/a>.<\/p>\n\n\n\n<p>O Teatro Polytheama fica na rua Bar\u00e3o de Jundia\u00ed, 176, Centro. Mais informa\u00e7\u00f5es pelo telefone 4586-2472.<\/p>\n\n\n\n<figure class=\"wp-block-image size-large\"><img loading=\"lazy\" decoding=\"async\" width=\"1200\" height=\"800\" src=\"https:\/\/tvtecjundiai.com.br\/news\/wp-content\/uploads\/sites\/2\/2022\/05\/festival_de_curtas-11-1200x800.jpg\" alt=\"\" class=\"wp-image-92467\" srcset=\"https:\/\/tvtecjundiai.com.br\/news\/wp-content\/uploads\/sites\/2\/2022\/05\/festival_de_curtas-11-1200x800.jpg 1200w, https:\/\/tvtecjundiai.com.br\/news\/wp-content\/uploads\/sites\/2\/2022\/05\/festival_de_curtas-11-300x200.jpg 300w, https:\/\/tvtecjundiai.com.br\/news\/wp-content\/uploads\/sites\/2\/2022\/05\/festival_de_curtas-11-768x512.jpg 768w, https:\/\/tvtecjundiai.com.br\/news\/wp-content\/uploads\/sites\/2\/2022\/05\/festival_de_curtas-11.jpg 1280w\" sizes=\"auto, (max-width: 1200px) 100vw, 1200px\" \/><figcaption>Na pr\u00f3xima semana come\u00e7a a 3\u00aa edi\u00e7\u00e3o do Festival de Curtas-Metragens<\/figcaption><\/figure>\n\n\n\n<p><strong>Mais programa\u00e7\u00e3o<\/strong><\/p>\n\n\n\n<p>Entre os dias 11 e 18 de maio, a UGC promove a terceira edi\u00e7\u00e3o do\u00a0<a rel=\"noreferrer noopener\" href=\"https:\/\/cultura.jundiai.sp.gov.br\/festivaldecurtas\/\" target=\"_blank\">Festival de Curtas-Metragens,<\/a>\u00a0que volta a ser realizado presencialmente e com algumas transmiss\u00f5es pelas redes sociais.<\/p>\n\n\n\n<p>A programa\u00e7\u00e3o deste ano contar\u00e1 com 129 obras inscritas, de 40 Munic\u00edpios brasileiros, de nove Estados. Pela Mostra Competitiva e Workshops, as atividades e exibi\u00e7\u00f5es ser\u00e3o desenvolvidos no audit\u00f3rio da Biblioteca Municipal Professor Nelson Foot e no Centro Comunit\u00e1rio da Vila Hortol\u00e2ndia. J\u00e1 pela Mostra Paralela, as exibi\u00e7\u00f5es ser\u00e3o feitas nos canais da Cultura do\u00a0<a rel=\"noreferrer noopener\" href=\"https:\/\/www.facebook.com\/culturajundiai\" target=\"_blank\">Facebook<\/a>\u00a0e\u00a0<a rel=\"noreferrer noopener\" href=\"https:\/\/www.youtube.com\/channel\/UCiciqCg3GXG2Ue3c_GI1THA\" target=\"_blank\">YouTube<\/a>.<\/p>\n\n\n\n<p>A programa\u00e7\u00e3o completa pode ser conferida no\u00a0<a rel=\"noreferrer noopener\" href=\"https:\/\/cultura.jundiai.sp.gov.br\/festivaldecurtas\/\" target=\"_blank\">hotsite do festival<\/a>.<\/p>\n\n\n\n<p><em><strong>(Fonte: Prefeitura de Jundia\u00ed\/Imagens: Prefeitura de Jundia\u00ed e Divulga\u00e7\u00e3o)<\/strong><\/em><\/p>\n","protected":false},"excerpt":{"rendered":"<p>Programa\u00e7\u00e3o cultural tem atra\u00e7\u00f5es em diversos pontos da cidade para toda a fam\u00edlia<\/p>\n","protected":false},"author":30,"featured_media":92461,"comment_status":"closed","ping_status":"closed","sticky":false,"template":"","format":"standard","meta":{"footnotes":""},"categories":[2833,8356,8354,1],"tags":[],"class_list":["post-92460","post","type-post","status-publish","format-standard","has-post-thumbnail","hentry","category-cultura","category-jundiai","category-lazer","category-noticias"],"_links":{"self":[{"href":"https:\/\/tvtecjundiai.com.br\/news\/wp-json\/wp\/v2\/posts\/92460","targetHints":{"allow":["GET"]}}],"collection":[{"href":"https:\/\/tvtecjundiai.com.br\/news\/wp-json\/wp\/v2\/posts"}],"about":[{"href":"https:\/\/tvtecjundiai.com.br\/news\/wp-json\/wp\/v2\/types\/post"}],"author":[{"embeddable":true,"href":"https:\/\/tvtecjundiai.com.br\/news\/wp-json\/wp\/v2\/users\/30"}],"replies":[{"embeddable":true,"href":"https:\/\/tvtecjundiai.com.br\/news\/wp-json\/wp\/v2\/comments?post=92460"}],"version-history":[{"count":1,"href":"https:\/\/tvtecjundiai.com.br\/news\/wp-json\/wp\/v2\/posts\/92460\/revisions"}],"predecessor-version":[{"id":92468,"href":"https:\/\/tvtecjundiai.com.br\/news\/wp-json\/wp\/v2\/posts\/92460\/revisions\/92468"}],"wp:featuredmedia":[{"embeddable":true,"href":"https:\/\/tvtecjundiai.com.br\/news\/wp-json\/wp\/v2\/media\/92461"}],"wp:attachment":[{"href":"https:\/\/tvtecjundiai.com.br\/news\/wp-json\/wp\/v2\/media?parent=92460"}],"wp:term":[{"taxonomy":"category","embeddable":true,"href":"https:\/\/tvtecjundiai.com.br\/news\/wp-json\/wp\/v2\/categories?post=92460"},{"taxonomy":"post_tag","embeddable":true,"href":"https:\/\/tvtecjundiai.com.br\/news\/wp-json\/wp\/v2\/tags?post=92460"}],"curies":[{"name":"wp","href":"https:\/\/api.w.org\/{rel}","templated":true}]}}