{"id":92493,"date":"2022-05-07T09:09:48","date_gmt":"2022-05-07T12:09:48","guid":{"rendered":"https:\/\/tvtecjundiai.com.br\/news\/?p=92493"},"modified":"2022-05-07T09:09:52","modified_gmt":"2022-05-07T12:09:52","slug":"sexta-no-centro-reune-musica-gastronomia-artesanato","status":"publish","type":"post","link":"https:\/\/tvtecjundiai.com.br\/news\/2022\/05\/07\/sexta-no-centro-reune-musica-gastronomia-artesanato\/","title":{"rendered":"Sexta no Centro re\u00fane m\u00fasica, gastronomia, artesanato\u00a0"},"content":{"rendered":"\n<p>Al\u00e9m das atra\u00e7\u00f5es musicais gratuitas, gastronomia e artesanato, a segunda edi\u00e7\u00e3o do ano da Sexta no Centro, realizado nesta sexta-feira (06), na Pra\u00e7a Marechal Floriano Peixoto (Pra\u00e7a do Coreto), incluiu tamb\u00e9m a abertura oficial da programa\u00e7\u00e3o no Munic\u00edpio da Luta Antimanicomial. A atra\u00e7\u00e3o \u00e9 uma realiza\u00e7\u00e3o das Unidades de Gest\u00e3o de Cultura (UGC) e de Agroneg\u00f3cio, Abastecimento e Turismo (UGAAT), com apoio, nesta edi\u00e7\u00e3o, da Unidade de Promo\u00e7\u00e3o da Sa\u00fade (UGPS).<\/p>\n\n\n\n<p>\u201cCom esta segunda edi\u00e7\u00e3o da Sexta no Centro temos mais uma oportunidade de celebrar o seu retorno. E voltou como uma atra\u00e7\u00e3o consolidada, algo identificado j\u00e1 na edi\u00e7\u00e3o passada, em que nem a chuva afastou o p\u00fablico\u201d, comentou o diretor de Cultura da UGC, Jo\u00e3o Carlos De Luca. \u201cTamb\u00e9m comemoramos a continuidade das contrata\u00e7\u00f5es da UGC via editais, no caso o CulturaMais e o Cultura Negra, como mecanismo transparente de sele\u00e7\u00e3o para a composi\u00e7\u00e3o de nossas atra\u00e7\u00f5es\u201d.<\/p>\n\n\n\n<figure class=\"wp-block-image\"><img decoding=\"async\" src=\"https:\/\/jundiai.sp.gov.br\/noticias\/wp-content\/uploads\/sites\/32\/2022\/05\/sexta-no-centro_luta-antimanicomial-127.jpg\" alt=\"Pra\u00e7a do Coreto, com diversas pessoas em p\u00e9 assistindo a uma atra\u00e7\u00e3o no palco do coreto ao fundo da catedral, e sentadas em cadeiras de pl\u00e1stico ao redor de mesas, com c\u00e9u com nuvens e \u00e1rvores ao fundo\" class=\"wp-image-291604\" \/><figcaption>Sexta no Centro chegou \u00e0 sua segunda edi\u00e7\u00e3o deste ano, na retomada das atividades p\u00f3s-pandemia<\/figcaption><\/figure>\n\n\n\n<p>Da programa\u00e7\u00e3o da Luta Antimanicomial, a Pra\u00e7a do Coreto recebeu oficina de lambe-lambe, Lian Gong, apresenta\u00e7\u00f5es de hip hop, maracatu e capoeira, al\u00e9m de uma caminhada que percorreu o Centro.<\/p>\n\n\n\n<p>O coordenador de Sa\u00fade Mental da UGPS, Alexandre Sandri, contextualizou a proposta destacando a import\u00e2ncia do envolvimento de toda a sociedade. \u201cEsta luta celebra a mudan\u00e7a no cuidado com estas pessoas. Trazer este debate para o espa\u00e7o p\u00fablico visa sensibilizar a sociedade para que este cuidado se d\u00ea com liberdade e respeito, atrav\u00e9s da garantia de direitos como o acesso \u00e0 sa\u00fade, educa\u00e7\u00e3o e cultura. Para que esta reforma se concretize \u00e9 preciso que toda a sociedade esteja envolvida\u201d.<\/p>\n\n\n\n<figure class=\"wp-block-image\"><a href=\"https:\/\/jundiai.sp.gov.br\/noticias\/wp-content\/uploads\/sites\/32\/2022\/05\/sexta-no-centro_luta-antimanicomial-199.jpg\"><img decoding=\"async\" src=\"https:\/\/jundiai.sp.gov.br\/noticias\/wp-content\/uploads\/sites\/32\/2022\/05\/sexta-no-centro_luta-antimanicomial-199.jpg\" alt=\"Diversas pessoas em p\u00e9 e sentadas, em frente a um painel apoiado em grades, onde s\u00e3o afixados cartazes\" class=\"wp-image-291595\" \/><\/a><figcaption>Pra\u00e7a recebeu ao longo da tarde interven\u00e7\u00f5es como lambe-lambe, hip hop e maracatu<\/figcaption><\/figure>\n\n\n\n<p>J\u00e1 as atra\u00e7\u00f5es musicais ficaram por conta, na abertura, da apresenta\u00e7\u00e3o do \u201cSom das Ruas \u2013 Tocando com eles, por eles e para eles!\u201d, projeto de musicaliza\u00e7\u00e3o desenvolvido pela Unidade de Gest\u00e3o de Assist\u00eancia e Desenvolvimento Social (UGADS) junto com a rede socioassistencial para a popula\u00e7\u00e3o em situa\u00e7\u00e3o de rua<\/p>\n\n\n\n<p>A programa\u00e7\u00e3o musical segue com o show autoral \u201cMelancolia Acorda\u201d, com os m\u00fasicos Igor Pupo e Eduardo Pessine; o show \u201cSobre o Sil\u00eancio \u2013 10 anos\u201d, um repert\u00f3rio que re\u00fane sucesso do frevo, bai\u00e3o, choro, samba e ijex\u00e1, com Rog\u00e9rio Botter Maio Trio; e, no encerramento, o show \u201cVinte Anos de Estrada\u201d, com repert\u00f3rio de m\u00fasica instrumental e adapta\u00e7\u00f5es de obras de mestres da m\u00fasica erudita, com o quinteto Projeto B, atra\u00e7\u00e3o viabilizada via Programa de A\u00e7\u00e3o Cultural (ProAC).<\/p>\n\n\n\n<p>Entre os participantes, a psic\u00f3loga B\u00e1rbara Guimar\u00e3es, moradora do Bosque do Pinheirinho, decidiu participar para prestigiar a iniciativa. \u201cVoltei este m\u00eas de S\u00e3o Paulo capital onde estava estudando e quis conferir o que a Cultura tem realizado por aqui, quais os projetos contemplados em editais, e tamb\u00e9m para prestigiar a luta e o movimento\u201d, comentou.<\/p>\n\n\n\n<p>B\u00e1rbara foi acompanhada do amigo Gabriel Ara\u00fajo, que \u00e9 pedagogo e mora no bairro do Eloy Chaves. \u201cAchei interessante que uma atividade com todos estes movimentos fosse realizada no Centro, mostrando que este espa\u00e7o \u00e9 de todos e que todos merecem dignidade\u201d.<\/p>\n\n\n\n<figure class=\"wp-block-image\"><img decoding=\"async\" src=\"https:\/\/jundiai.sp.gov.br\/noticias\/wp-content\/uploads\/sites\/32\/2022\/05\/sexta-no-centro_luta-antimanicomial-178.jpg\" alt=\"Mulher cabelo curto e preto com mechas, usando blusa preta, sentada em frente a uma mesa com toalha quadriculada branca e amarela onde h\u00e1 um porta guardanapos vermelho, ao lado de homem de cabelo castanho encaracolado, usando \u00f3culos e camiseta branca, abrindo a tampa de uma garrafa pl\u00e1stica\" class=\"wp-image-291599\" \/><figcaption>B\u00e1rbara e Gabriel participaram na Pra\u00e7a, prestigiando as atra\u00e7\u00f5es da tarde<\/figcaption><\/figure>\n\n\n\n<p>Quem participou da Sexta no Centro p\u00f4de tamb\u00e9m prestigiar as barracas de alimenta\u00e7\u00e3o do varej\u00e3o noturno e do artesanato do programa Jundia\u00ed feito \u00e0 M\u00e3o, da Unidade de Gest\u00e3o de Agroneg\u00f3cio, Abastecimento e Turismo (UGAAT).<\/p>\n\n\n\n<p>A atra\u00e7\u00e3o contou tamb\u00e9m com a presen\u00e7a da barraca de venda dos produtos desenvolvidos pelos grupos de gera\u00e7\u00e3o de renda do servi\u00e7o de Sa\u00fade Mental municipal, como cadernos, brincos, enfeites, p\u00e3es de mel e bolachas. O dinheiro das vendas \u00e9 voltado para a compra de novos materiais e como renda para os usu\u00e1rios do servi\u00e7o envolvidos.<\/p>\n\n\n\n<figure class=\"wp-block-image\"><img decoding=\"async\" src=\"https:\/\/jundiai.sp.gov.br\/noticias\/wp-content\/uploads\/sites\/32\/2022\/05\/sexta-no-centro_luta-antimanicomial-119.jpg\" alt=\"Foto de costas de banda cobre palco, com pra\u00e7a com p\u00fablico e \u00e1rvores ao fundo\" class=\"wp-image-291606\" \/><figcaption>Grupo Som das Ruas abriu a programa\u00e7\u00e3o musical da tarde<\/figcaption><\/figure>\n\n\n\n<p><strong>Mais M\u00eas da Luta Antimanicomial<\/strong><br>Durante todo o m\u00eas de maio,\u00a0<a href=\"https:\/\/jundiai.sp.gov.br\/noticias\/2022\/05\/02\/jundiai-celebra-em-maio-o-mes-da-luta-antimanicomial-com-diversas-atividades\/\">Jundia\u00ed mobilizar\u00e1 todos os equipamentos da Rede de Aten\u00e7\u00e3o Psicossocial (RAPS) para a realiza\u00e7\u00e3o de atividades alusivas ao per\u00edodo<\/a>\u00a0em que \u00e9 celebrada a reorganiza\u00e7\u00e3o do modelo assistencial a pessoas com transtornos mentais. Em todo o pa\u00eds, o m\u00eas de maio \u00e9 representativo para a luta antimanicomial, que celebra a nova proposta de cuidado a essas pessoas.\u00a0<\/p>\n\n\n\n<p><strong><em>(Fonte\/Imagem: Prefeitura de Jundia\u00ed)<\/em><\/strong><\/p>\n","protected":false},"excerpt":{"rendered":"<p>Sexta no Centro chegou \u00e0 sua segunda edi\u00e7\u00e3o deste ano, na retomada das atividades p\u00f3s-pandemia.<\/p>\n","protected":false},"author":27,"featured_media":92494,"comment_status":"closed","ping_status":"closed","sticky":false,"template":"","format":"standard","meta":{"footnotes":""},"categories":[2833,8356,8354],"tags":[],"class_list":["post-92493","post","type-post","status-publish","format-standard","has-post-thumbnail","hentry","category-cultura","category-jundiai","category-lazer"],"_links":{"self":[{"href":"https:\/\/tvtecjundiai.com.br\/news\/wp-json\/wp\/v2\/posts\/92493","targetHints":{"allow":["GET"]}}],"collection":[{"href":"https:\/\/tvtecjundiai.com.br\/news\/wp-json\/wp\/v2\/posts"}],"about":[{"href":"https:\/\/tvtecjundiai.com.br\/news\/wp-json\/wp\/v2\/types\/post"}],"author":[{"embeddable":true,"href":"https:\/\/tvtecjundiai.com.br\/news\/wp-json\/wp\/v2\/users\/27"}],"replies":[{"embeddable":true,"href":"https:\/\/tvtecjundiai.com.br\/news\/wp-json\/wp\/v2\/comments?post=92493"}],"version-history":[{"count":1,"href":"https:\/\/tvtecjundiai.com.br\/news\/wp-json\/wp\/v2\/posts\/92493\/revisions"}],"predecessor-version":[{"id":92495,"href":"https:\/\/tvtecjundiai.com.br\/news\/wp-json\/wp\/v2\/posts\/92493\/revisions\/92495"}],"wp:featuredmedia":[{"embeddable":true,"href":"https:\/\/tvtecjundiai.com.br\/news\/wp-json\/wp\/v2\/media\/92494"}],"wp:attachment":[{"href":"https:\/\/tvtecjundiai.com.br\/news\/wp-json\/wp\/v2\/media?parent=92493"}],"wp:term":[{"taxonomy":"category","embeddable":true,"href":"https:\/\/tvtecjundiai.com.br\/news\/wp-json\/wp\/v2\/categories?post=92493"},{"taxonomy":"post_tag","embeddable":true,"href":"https:\/\/tvtecjundiai.com.br\/news\/wp-json\/wp\/v2\/tags?post=92493"}],"curies":[{"name":"wp","href":"https:\/\/api.w.org\/{rel}","templated":true}]}}