{"id":92515,"date":"2022-05-08T13:03:54","date_gmt":"2022-05-08T16:03:54","guid":{"rendered":"https:\/\/tvtecjundiai.com.br\/news\/?p=92515"},"modified":"2022-05-08T13:03:59","modified_gmt":"2022-05-08T16:03:59","slug":"pracinha-da-cultura-recebe-batalha-de-rimas-poesia-em-programacao-voltada-ao-hip-hop","status":"publish","type":"post","link":"https:\/\/tvtecjundiai.com.br\/news\/2022\/05\/08\/pracinha-da-cultura-recebe-batalha-de-rimas-poesia-em-programacao-voltada-ao-hip-hop\/","title":{"rendered":"Pracinha da Cultura recebe \u2018Batalha de Rimas &amp; Poesia\u2019 em programa\u00e7\u00e3o voltada ao hip hop"},"content":{"rendered":"\n<p>A Unidade de Gest\u00e3o de Cultura realizou na tarde de s\u00e1bado (7), a primeira \u2018Batalha de Rimas &amp; Poesia\u2019 na Pracinha da Cultura do Vista Alegre, antigo CEU das Artes. A programa\u00e7\u00e3o tamb\u00e9m contou com artistas de grafite e um DJ.<\/p>\n\n\n\n<p>Para esta edi\u00e7\u00e3o da Batalha, os convidados especiais foram DJ Joker e MC Tom, que conduziram o duelo de hip hop, al\u00e9m da participa\u00e7\u00e3o e intera\u00e7\u00e3o do p\u00fablico. Ao todo, mais de 10 MCs participaram da atividade, que tamb\u00e9m atraiu a crian\u00e7ada.<\/p>\n\n\n\n<figure class=\"wp-block-image\"><img decoding=\"async\" src=\"https:\/\/jundiai.sp.gov.br\/noticias\/wp-content\/uploads\/sites\/32\/2022\/05\/batalha-de-rimas-e-poesia-no-ceu-das-artes_c_-7.jpg\" alt=\"JD Joker fazendo mixagens na mesa dos equipamentos, enquanto o p\u00fablica j\u00e1 se re\u00fane ao fundo da imagem para uma roda de rimas\" class=\"wp-image-291656\" \/><figcaption>O DJ Joker foi o respons\u00e1vel pela m\u00fasica e pelas mixagens da batalha de rimas<\/figcaption><\/figure>\n\n\n\n<p>\u201cEstamos aqui hoje, a convite da Cultura, para divulgar mais a cultura hip hop, que ainda sofre muito preconceito, por vir da periferia, mas ao mesmo tempo faz parte da vida de tantos jovens\u201d, diz MC Tom. \u201cHoje faremos as rimas voltadas para as crian\u00e7as, com frases mais educativas e sem o uso de palavr\u00f5es, ofensas ou express\u00f5es de baixo cal\u00e3o, justamente porque o intuito do evento \u00e9 a uni\u00e3o, a intera\u00e7\u00e3o entre todos\u201d, completou.<\/p>\n\n\n\n<p>A programa\u00e7\u00e3o contou com uma interven\u00e7\u00e3o de grafitagem na parede da biblioteca instalada no local, que faz parte da Biblioteca Municipal Professor Nelson Foot. A nova decora\u00e7\u00e3o interna, que foi sugerida pela pr\u00f3pria popula\u00e7\u00e3o, ficou por conta do artista \u00d3cio, convidado a desenvolver o trabalho de concep\u00e7\u00e3o com o tema \u201cconhecimento\u201d.<\/p>\n\n\n\n<p>\u201cEstou muito feliz por ter sido convidado e s\u00f3 tenho a agradecer a todos que vieram prestigiar o nosso trabalho\u201d, comentou o artista.<\/p>\n\n\n\n<figure class=\"wp-block-image\"><img decoding=\"async\" src=\"https:\/\/jundiai.sp.gov.br\/noticias\/wp-content\/uploads\/sites\/32\/2022\/05\/batalha-de-rimas-e-poesia-no-ceu-das-artes_c_-9.jpg\" alt=\"Gestor Marcelo Peroni discursa ao lado de crian\u00e7as e da mesa do DJ na Pracinha da Cutura. Ele est\u00e1 usando cal\u00e7a jeans e uma jaqueta preta\" class=\"wp-image-291658\" \/><figcaption>Gestor Marcelo Peroni discursa sobre a import\u00e2ncia da Cultura na vida dos jovens<\/figcaption><\/figure>\n\n\n\n<p>\u201cA programa\u00e7\u00e3o foi realizada baseada nos pedidos que recebemos da pr\u00f3pria popula\u00e7\u00e3o. Nosso intuito \u00e9 exatamente esse: saber o que as pessoas que frequentam o espa\u00e7o querem ver, e a batalha de rimas \u00e9 um pedido frequente h\u00e1 algum tempo\u201d, comentou o gestor da Unidade de Gest\u00e3o de Cultura, Marcelo Peroni.<\/p>\n\n\n\n<p>\u201cEstamos sempre buscando nos adequar \u00e0s sugest\u00f5es, pois temos um \u00f3timo espa\u00e7o dispon\u00edvel e agora devemos focar em atrair a popula\u00e7\u00e3o. A decora\u00e7\u00e3o com grafite tamb\u00e9m foi algo que j\u00e1 vinha sendo pedido e temos atendido\u201d, completou.<\/p>\n\n\n\n<figure class=\"wp-block-image\"><img decoding=\"async\" src=\"https:\/\/jundiai.sp.gov.br\/noticias\/wp-content\/uploads\/sites\/32\/2022\/05\/batalha-de-rimas-e-poesia-no-ceu-das-artes_c_-20.jpg\" alt=\"\" class=\"wp-image-291659\" \/><figcaption>MC Tom comando as batalhas de rimas na Pracinha da Cultura<\/figcaption><\/figure>\n\n\n\n<p>O evento contou com a participa\u00e7\u00e3o do vereador Edicarlos Vieira e da deputada federal Tabata Amaral. Ela, inclusive, j\u00e1 fez destina\u00e7\u00f5es de verbas para Jundia\u00ed.<\/p>\n\n\n\n<p><strong><em>(Fonte\/Imagem: Prefeitura de Jundia\u00ed)<\/em><\/strong><\/p>\n","protected":false},"excerpt":{"rendered":"<p> A programa\u00e7\u00e3o tamb\u00e9m contou com artistas de grafite e um DJ.<\/p>\n","protected":false},"author":27,"featured_media":92516,"comment_status":"closed","ping_status":"closed","sticky":false,"template":"","format":"standard","meta":{"footnotes":""},"categories":[2833,8356,8354],"tags":[],"class_list":["post-92515","post","type-post","status-publish","format-standard","has-post-thumbnail","hentry","category-cultura","category-jundiai","category-lazer"],"_links":{"self":[{"href":"https:\/\/tvtecjundiai.com.br\/news\/wp-json\/wp\/v2\/posts\/92515","targetHints":{"allow":["GET"]}}],"collection":[{"href":"https:\/\/tvtecjundiai.com.br\/news\/wp-json\/wp\/v2\/posts"}],"about":[{"href":"https:\/\/tvtecjundiai.com.br\/news\/wp-json\/wp\/v2\/types\/post"}],"author":[{"embeddable":true,"href":"https:\/\/tvtecjundiai.com.br\/news\/wp-json\/wp\/v2\/users\/27"}],"replies":[{"embeddable":true,"href":"https:\/\/tvtecjundiai.com.br\/news\/wp-json\/wp\/v2\/comments?post=92515"}],"version-history":[{"count":1,"href":"https:\/\/tvtecjundiai.com.br\/news\/wp-json\/wp\/v2\/posts\/92515\/revisions"}],"predecessor-version":[{"id":92517,"href":"https:\/\/tvtecjundiai.com.br\/news\/wp-json\/wp\/v2\/posts\/92515\/revisions\/92517"}],"wp:featuredmedia":[{"embeddable":true,"href":"https:\/\/tvtecjundiai.com.br\/news\/wp-json\/wp\/v2\/media\/92516"}],"wp:attachment":[{"href":"https:\/\/tvtecjundiai.com.br\/news\/wp-json\/wp\/v2\/media?parent=92515"}],"wp:term":[{"taxonomy":"category","embeddable":true,"href":"https:\/\/tvtecjundiai.com.br\/news\/wp-json\/wp\/v2\/categories?post=92515"},{"taxonomy":"post_tag","embeddable":true,"href":"https:\/\/tvtecjundiai.com.br\/news\/wp-json\/wp\/v2\/tags?post=92515"}],"curies":[{"name":"wp","href":"https:\/\/api.w.org\/{rel}","templated":true}]}}