{"id":92554,"date":"2022-05-09T12:00:09","date_gmt":"2022-05-09T15:00:09","guid":{"rendered":"https:\/\/tvtecjundiai.com.br\/news\/?p=92554"},"modified":"2022-05-09T12:00:41","modified_gmt":"2022-05-09T15:00:41","slug":"cultura-abre-80-vagas-para-workshops-tematicos-gratuitos-da-programacao-do-festival-de-curtas-metragens","status":"publish","type":"post","link":"https:\/\/tvtecjundiai.com.br\/news\/2022\/05\/09\/cultura-abre-80-vagas-para-workshops-tematicos-gratuitos-da-programacao-do-festival-de-curtas-metragens\/","title":{"rendered":"Cultura abre 80 vagas para workshops gratuitos da programa\u00e7\u00e3o do Festival de Curtas-Metragens"},"content":{"rendered":"\n<p>A Unidade de Gest\u00e3o de Cultura abre nesta segunda-feira (09) as&nbsp;<a rel=\"noreferrer noopener\" href=\"https:\/\/cultura.jundiai.sp.gov.br\/festivaldecurtas\/workshops\/\" target=\"_blank\">inscri\u00e7\u00f5es on-line e gratuita para os workshops da programa\u00e7\u00e3o do 3\u00ba Festival de Curtas-Metragens<\/a>. No total, ser\u00e3o disponibilizadas 80 vagas gratuitas para tr\u00eas workshops tem\u00e1ticos, realizados presencialmente na Biblioteca Municipal Professor Nelson Foot e no Centro Comunit\u00e1rio da Vila Hortol\u00e2ndia, com p\u00fablico-alvo a partir dos 15 anos.<\/p>\n\n\n\n<p><a href=\"https:\/\/docs.google.com\/forms\/d\/e\/1FAIpQLSe-PMJOXxS_ctalQnAbEvVTJeCbL9iYwX9NkhQqrwhPjvqemQ\/closedform\" target=\"_blank\" rel=\"noreferrer noopener\">FA\u00c7A SUA INSCRI\u00c7\u00c3O<\/a><\/p>\n\n\n\n<p>\u201cAssim como em todos os festivais promovidos pela UGC, o Festival de Curtas-Metragens tamb\u00e9m combina, junto com as atra\u00e7\u00f5es art\u00edsticas, uma parte formativa em sua programa\u00e7\u00e3o. Sempre tamb\u00e9m com a preocupa\u00e7\u00e3o de levar as atra\u00e7\u00f5es para os bairros, visando \u00e0 descentraliza\u00e7\u00e3o da agenda cultural\u201d, comentou o diretor de Cultura da UGC, Jo\u00e3o Carlos De Luca.<\/p>\n\n\n\n<p>O primeiro workshop, que abre, inclusive, a programa\u00e7\u00e3o do Festival, \u00e9 o de \u201cCinema para Iniciantes\u201d, j\u00e1 nesta quarta-feira (11), \u00e0s 19h30. Voltado para interessados a partir de 15 anos, o encontro ter\u00e1 media\u00e7\u00e3o de L\u00edgia Ballas, que ir\u00e1 apresentar os conceitos b\u00e1sicos sobre cinema comercial e independente, incentivando produ\u00e7\u00f5es audiovisuais e novos profissionais. Para este workshop ser\u00e3o disponibilizadas 20 vagas.<\/p>\n\n\n\n<figure class=\"wp-block-image size-large\"><img loading=\"lazy\" decoding=\"async\" width=\"1200\" height=\"800\" src=\"https:\/\/tvtecjundiai.com.br\/news\/wp-content\/uploads\/sites\/2\/2022\/05\/edicao-de-video_festival-de-curtas-4-1200x800.jpg\" alt=\"\" class=\"wp-image-92555\" srcset=\"https:\/\/tvtecjundiai.com.br\/news\/wp-content\/uploads\/sites\/2\/2022\/05\/edicao-de-video_festival-de-curtas-4-1200x800.jpg 1200w, https:\/\/tvtecjundiai.com.br\/news\/wp-content\/uploads\/sites\/2\/2022\/05\/edicao-de-video_festival-de-curtas-4-300x200.jpg 300w, https:\/\/tvtecjundiai.com.br\/news\/wp-content\/uploads\/sites\/2\/2022\/05\/edicao-de-video_festival-de-curtas-4-768x512.jpg 768w, https:\/\/tvtecjundiai.com.br\/news\/wp-content\/uploads\/sites\/2\/2022\/05\/edicao-de-video_festival-de-curtas-4.jpg 1280w\" sizes=\"auto, (max-width: 1200px) 100vw, 1200px\" \/><figcaption>Confira a programa\u00e7\u00e3o completa do&nbsp;<a rel=\"noreferrer noopener\" href=\"https:\/\/cultura.jundiai.sp.gov.br\/festivaldecurtas\/\" target=\"_blank\">Festival no site<\/a><\/figcaption><\/figure>\n\n\n\n<p>J\u00e1 no s\u00e1bado (14), \u00e0s 10h, \u00e9 a vez do workshop sobre Produ\u00e7\u00e3o Cinematogr\u00e1fica e o mercado de trabalho, com Eduardo Hentschel. Com 30 vagas dispon\u00edveis para interessados a partir de 18 anos, o encontro ser\u00e1 a partir das 10h, no audit\u00f3rio da Biblioteca Municipal e ir\u00e1 tratar das incumb\u00eancias e responsabilidades do produtor de cinema, como o controle financeiro, de fornecedores, hor\u00e1rios, datas e documentos, al\u00e9m dos termos e mecanismos que os produtores de cinema usam para produzir com qualidade, efici\u00eancia e dentro dos prazos.<\/p>\n\n\n\n<p>Ainda no s\u00e1bado (14), \u00e0s 16h, o workshop proposto \u00e9 sobre Percep\u00e7\u00e3o sonora: os sons do cotidiano e as trilhas do Cinema, do R\u00e1dio e da TV, com a media\u00e7\u00e3o de Alexandre Tondella. Para o encontro, tamb\u00e9m na Biblioteca, estar\u00e3o dispon\u00edveis 30 vagas, para interessados a partir dos 15 anos. O workshop ir\u00e1 sensibilizar o espectador a perceber e pensar sobre o som nas mais diversas situa\u00e7\u00f5es: desde os sons do dia-a-dia at\u00e9 as aplica\u00e7\u00f5es em programas, filmes e na publicidade.<\/p>\n\n\n\n<p><a href=\"https:\/\/cultura.jundiai.sp.gov.br\/festivaldecurtas\/\" target=\"_blank\" rel=\"noreferrer noopener\">CONFIRA A PROGRAMA\u00c7\u00c3O DO 3\u00ba FESTIVAL DE CURTAS-METRAGENS<\/a><\/p>\n\n\n\n<p>Al\u00e9m das vagas definidas, a UGC ir\u00e1 tamb\u00e9m aceitar, por meio do mesmo formul\u00e1rio, os inscritos para uma fila de espera. Os contemplados ser\u00e3o comunicados por meio do e-mail indicado na inscri\u00e7\u00e3o.<\/p>\n\n\n\n<p>A Biblioteca fica na avenida dr. Cavalcanti, 396, Complexo Argos. J\u00e1 o Centro Comunit\u00e1rio da Vila Hortol\u00e2ndia est\u00e1 localizado na rua Professora Geralda Berthola Facca, 385. Mais informa\u00e7\u00f5es pelo telefone 4589-6800.<\/p>\n\n\n\n<p><em><strong>(Fonte\/Imagem: Prefeitura de Jundia\u00ed)<\/strong><\/em><\/p>\n","protected":false},"excerpt":{"rendered":"<p>Ser\u00e3o disponibilizadas 80 vagas gratuitas para tr\u00eas workshops tem\u00e1ticos presenciais<\/p>\n","protected":false},"author":30,"featured_media":92555,"comment_status":"closed","ping_status":"closed","sticky":false,"template":"","format":"standard","meta":{"footnotes":""},"categories":[2833,8356,1],"tags":[],"class_list":["post-92554","post","type-post","status-publish","format-standard","has-post-thumbnail","hentry","category-cultura","category-jundiai","category-noticias"],"_links":{"self":[{"href":"https:\/\/tvtecjundiai.com.br\/news\/wp-json\/wp\/v2\/posts\/92554","targetHints":{"allow":["GET"]}}],"collection":[{"href":"https:\/\/tvtecjundiai.com.br\/news\/wp-json\/wp\/v2\/posts"}],"about":[{"href":"https:\/\/tvtecjundiai.com.br\/news\/wp-json\/wp\/v2\/types\/post"}],"author":[{"embeddable":true,"href":"https:\/\/tvtecjundiai.com.br\/news\/wp-json\/wp\/v2\/users\/30"}],"replies":[{"embeddable":true,"href":"https:\/\/tvtecjundiai.com.br\/news\/wp-json\/wp\/v2\/comments?post=92554"}],"version-history":[{"count":2,"href":"https:\/\/tvtecjundiai.com.br\/news\/wp-json\/wp\/v2\/posts\/92554\/revisions"}],"predecessor-version":[{"id":92557,"href":"https:\/\/tvtecjundiai.com.br\/news\/wp-json\/wp\/v2\/posts\/92554\/revisions\/92557"}],"wp:featuredmedia":[{"embeddable":true,"href":"https:\/\/tvtecjundiai.com.br\/news\/wp-json\/wp\/v2\/media\/92555"}],"wp:attachment":[{"href":"https:\/\/tvtecjundiai.com.br\/news\/wp-json\/wp\/v2\/media?parent=92554"}],"wp:term":[{"taxonomy":"category","embeddable":true,"href":"https:\/\/tvtecjundiai.com.br\/news\/wp-json\/wp\/v2\/categories?post=92554"},{"taxonomy":"post_tag","embeddable":true,"href":"https:\/\/tvtecjundiai.com.br\/news\/wp-json\/wp\/v2\/tags?post=92554"}],"curies":[{"name":"wp","href":"https:\/\/api.w.org\/{rel}","templated":true}]}}