{"id":92601,"date":"2022-05-10T09:03:19","date_gmt":"2022-05-10T12:03:19","guid":{"rendered":"https:\/\/tvtecjundiai.com.br\/news\/?p=92601"},"modified":"2022-05-10T09:09:32","modified_gmt":"2022-05-10T12:09:32","slug":"estao-abertas-as-inscricoes-para-o-1-festival-de-musica-de-jundiai","status":"publish","type":"post","link":"https:\/\/tvtecjundiai.com.br\/news\/2022\/05\/10\/estao-abertas-as-inscricoes-para-o-1-festival-de-musica-de-jundiai\/","title":{"rendered":"Est\u00e3o abertas as inscri\u00e7\u00f5es para o 1\u00b0 Festival de M\u00fasica de Jundia\u00ed"},"content":{"rendered":"\n<p>A Unidade de Gest\u00e3o de Cultura (UGC) recebe at\u00e9 o dia 22 de junho as inscri\u00e7\u00f5es dos interessados em participar do 1\u00ba Festival de M\u00fasica de Jundia\u00ed 2022, uma a\u00e7\u00e3o aberta n\u00e3o s\u00f3 para compositores, cantores, grupos, bandas e instrumentistas de Jundia\u00ed e regi\u00e3o, mas para artistas de todo pa\u00eds.<\/p>\n\n\n\n<p>De acordo com o diretor de Cultura da UGC, Jo\u00e3o Carlos De Luca, a proposta do festival \u00e9 fomentar e fortalecer as rela\u00e7\u00f5es entre a comunidade art\u00edstica local e ao mesmo tempo proporcionar o interc\u00e2mbio com artistas de outros Estados brasileiros, de diferentes sonoridades, g\u00eaneros, estilos e gera\u00e7\u00f5es, retratando assim a cena da m\u00fasica autoral na atualidade.<\/p>\n\n\n\n<p>\u201cJundia\u00ed tem mem\u00f3rias afetiva e cultural muito fortes com Festivais de M\u00fasica. Realizados em escolas, clubes, bairros da cidade e pela Prefeitura, eles sempre tiveram grandes plateias acompanhando e torcendo por seus concorrentes preferidos. Promover este festival, neste contexto de retomada, \u00e9 para n\u00f3s um momento muito importante e significativo, pois estamos cumprindo com o programa de incentivo \u00e0 cultura\u201d, finalizou.<\/p>\n\n\n\n<figure class=\"wp-block-image size-large\"><img loading=\"lazy\" decoding=\"async\" width=\"1200\" height=\"800\" src=\"https:\/\/tvtecjundiai.com.br\/news\/wp-content\/uploads\/sites\/2\/2022\/05\/musica_e_historias_polytheama_criancas-52-1200x800.jpg\" alt=\"\" class=\"wp-image-92602\" srcset=\"https:\/\/tvtecjundiai.com.br\/news\/wp-content\/uploads\/sites\/2\/2022\/05\/musica_e_historias_polytheama_criancas-52-1200x800.jpg 1200w, https:\/\/tvtecjundiai.com.br\/news\/wp-content\/uploads\/sites\/2\/2022\/05\/musica_e_historias_polytheama_criancas-52-300x200.jpg 300w, https:\/\/tvtecjundiai.com.br\/news\/wp-content\/uploads\/sites\/2\/2022\/05\/musica_e_historias_polytheama_criancas-52-768x512.jpg 768w, https:\/\/tvtecjundiai.com.br\/news\/wp-content\/uploads\/sites\/2\/2022\/05\/musica_e_historias_polytheama_criancas-52.jpg 1280w\" sizes=\"auto, (max-width: 1200px) 100vw, 1200px\" \/><\/figure>\n\n\n\n<p>Pelo formato definido pela UGC para a retomada, n\u00e3o h\u00e1 restri\u00e7\u00e3o de g\u00eanero musical e ser\u00e3o destinados R$ 26 mil em premia\u00e7\u00f5es, com apresenta\u00e7\u00f5es presenciais entre os dias 27 a 31 de julho, no Complexo Fepasa, e workshops ministrados por grandes nomes do cen\u00e1rio musical.<\/p>\n\n\n\n<p><strong>Inscri\u00e7\u00f5es<\/strong><\/p>\n\n\n\n<p>Os interessados em participar do Festival de M\u00fasica de Jundia\u00ed 2022 poder\u00e3o se inscrever com at\u00e9 duas composi\u00e7\u00f5es in\u00e9ditas e originais (mas somente uma poder\u00e1 ser classificada\/premiada). Entendendo-se por in\u00e9dita a m\u00fasica n\u00e3o lan\u00e7ada por gravadora ou distribu\u00edda comercialmente em larga escala. J\u00e1 por original, a composi\u00e7\u00e3o que n\u00e3o contiver pl\u00e1gio, adapta\u00e7\u00e3o ou cita\u00e7\u00e3o po\u00e9tica e musical de outro autor ou compositor.<\/p>\n\n\n\n<p>As inscri\u00e7\u00f5es devem ser feitas&nbsp;<a href=\"https:\/\/docs.google.com\/forms\/d\/e\/1FAIpQLSfGEYaaoPcFnTot_pofBmrlKyBhnVR-hQhU1i_tRXPyTFa5Ew\/viewform\" target=\"_blank\" rel=\"noreferrer noopener\">pela internet, por meio do formul\u00e1rio<\/a>. Poder\u00e3o se inscrever compositores (as), solo ou grupo de todo o territ\u00f3rio nacional, pessoas f\u00edsicas ou jur\u00eddicas, a partir de 18 anos.<\/p>\n\n\n\n<p>O Festival ser\u00e1 dividido em quatro fases: Sele\u00e7\u00e3o \u2013 Do total de m\u00fasicas inscritas, 30 ser\u00e3o selecionadas por meio dos v\u00eddeos encaminhados pelos concorrentes. Eliminat\u00f3ria \u2013 Apresenta\u00e7\u00e3o ao vivo das m\u00fasicas selecionadas, nos dias 27, 28 e 29 de julho. Semifinal \u2013 Apresenta\u00e7\u00e3o ao vivo das 15 classificadas na fase eliminat\u00f3ria no dia 30 de julho. Fase Final- dia 31 de julho, com apresenta\u00e7\u00e3o das 10 m\u00fasicas classificadas na semifinal, quando ser\u00e3o conhecidas as quatro melhores m\u00fasicas do festival.<\/p>\n\n\n\n<p>Nas tr\u00eas fases de apresenta\u00e7\u00f5es ao vivo no Complexo Fepasa, de 27 a 31 de julho, o p\u00fablico poder\u00e1 comparecer, torcer, e votar, pois, o festival vai premiar a \u201cMelhor M\u00fasica pelo voto popular\u201d. J\u00e1 o j\u00fari t\u00e9cnico vai escolher as quatro melhores m\u00fasicas do festival (sem ordena\u00e7\u00e3o classificat\u00f3ria), as quatro selecionadas ser\u00e3o consideradas vencedoras. Tamb\u00e9m ser\u00e3o premiados o melhor int\u00e9rprete e melhor m\u00fasica de Jundia\u00ed, que ser\u00e1 definida levando-se em conta todas as fases do festival e que um compositor resida em Jundia\u00ed.<\/p>\n\n\n\n<p>Mais informa\u00e7\u00f5es podem ser obtidas no&nbsp;<a rel=\"noreferrer noopener\" href=\"https:\/\/cultura.jundiai.sp.gov.br\/wp-content\/uploads\/2022\/05\/edital_09_2022_-concurso_festival_de_musica_de_jundiai.pdf\" target=\"_blank\">edital n\u00ba 09\/22 de concurso n\u00ba 04\/2022<\/a>, no&nbsp;<a rel=\"noreferrer noopener\" href=\"https:\/\/cultura.jundiai.sp.gov.br\/editais-e-regulamentos\/\" target=\"_blank\">site da Cultura<\/a>, pelo e-mail&nbsp;musica@jundiai.sp.gov.br&nbsp;ou pelo telefone (11) 4589-6800.<\/p>\n\n\n\n<p><em><strong>(Fonte\/Imagem: Prefeitura de Jundia\u00ed)<\/strong><\/em><\/p>\n","protected":false},"excerpt":{"rendered":"<p>A\u00e7\u00e3o \u00e9 aberta para m\u00fasicos, cantores, compositores, grupos e bandas do Brasil<\/p>\n","protected":false},"author":30,"featured_media":92602,"comment_status":"closed","ping_status":"closed","sticky":false,"template":"","format":"standard","meta":{"footnotes":""},"categories":[2833,29,8356,1],"tags":[],"class_list":["post-92601","post","type-post","status-publish","format-standard","has-post-thumbnail","hentry","category-cultura","category-destaque","category-jundiai","category-noticias"],"_links":{"self":[{"href":"https:\/\/tvtecjundiai.com.br\/news\/wp-json\/wp\/v2\/posts\/92601","targetHints":{"allow":["GET"]}}],"collection":[{"href":"https:\/\/tvtecjundiai.com.br\/news\/wp-json\/wp\/v2\/posts"}],"about":[{"href":"https:\/\/tvtecjundiai.com.br\/news\/wp-json\/wp\/v2\/types\/post"}],"author":[{"embeddable":true,"href":"https:\/\/tvtecjundiai.com.br\/news\/wp-json\/wp\/v2\/users\/30"}],"replies":[{"embeddable":true,"href":"https:\/\/tvtecjundiai.com.br\/news\/wp-json\/wp\/v2\/comments?post=92601"}],"version-history":[{"count":3,"href":"https:\/\/tvtecjundiai.com.br\/news\/wp-json\/wp\/v2\/posts\/92601\/revisions"}],"predecessor-version":[{"id":92609,"href":"https:\/\/tvtecjundiai.com.br\/news\/wp-json\/wp\/v2\/posts\/92601\/revisions\/92609"}],"wp:featuredmedia":[{"embeddable":true,"href":"https:\/\/tvtecjundiai.com.br\/news\/wp-json\/wp\/v2\/media\/92602"}],"wp:attachment":[{"href":"https:\/\/tvtecjundiai.com.br\/news\/wp-json\/wp\/v2\/media?parent=92601"}],"wp:term":[{"taxonomy":"category","embeddable":true,"href":"https:\/\/tvtecjundiai.com.br\/news\/wp-json\/wp\/v2\/categories?post=92601"},{"taxonomy":"post_tag","embeddable":true,"href":"https:\/\/tvtecjundiai.com.br\/news\/wp-json\/wp\/v2\/tags?post=92601"}],"curies":[{"name":"wp","href":"https:\/\/api.w.org\/{rel}","templated":true}]}}