{"id":92649,"date":"2022-05-10T14:30:02","date_gmt":"2022-05-10T17:30:02","guid":{"rendered":"https:\/\/tvtecjundiai.com.br\/news\/?p=92649"},"modified":"2022-05-10T14:30:03","modified_gmt":"2022-05-10T17:30:03","slug":"cultura-abre-inscricoes-para-workshop-com-o-fotografo-premiado-emidio-luisi","status":"publish","type":"post","link":"https:\/\/tvtecjundiai.com.br\/news\/2022\/05\/10\/cultura-abre-inscricoes-para-workshop-com-o-fotografo-premiado-emidio-luisi\/","title":{"rendered":"Cultura abre inscri\u00e7\u00f5es para workshop com o fot\u00f3grafo premiado Emidio Luisi"},"content":{"rendered":"\n<p>A Unidade de Gest\u00e3o de Cultura (UGC) promove, no s\u00e1bado (28) e domingo (29), o workshop \u201cA fotografia com mem\u00f3ria do instante transit\u00f3rio\u201d, sob a coordena\u00e7\u00e3o do fot\u00f3grafo Emidio Luisi.\u00a0Os interessados nas 15 vagas dispon\u00edveis devem se <a rel=\"noreferrer noopener\" href=\"https:\/\/docs.google.com\/forms\/d\/e\/1FAIpQLSfnAZqioLiNVYXmEUcWgm12UggJSwLmDtBX8ISgEdjiuOOVDw\/viewform\" target=\"_blank\">inscrever gratuitamente pela internet<\/a>, com sele\u00e7\u00e3o por ordem de inscri\u00e7\u00e3o.<\/p>\n\n\n\n<p>O workshop \u00e9 aberto a fot\u00f3grafos, artistas, estudantes e interessados em fotografia e ser\u00e1 realizado no Centro Jundiaiense de Cultura Josefina Rodrigues da Silva (Jorosil), pr\u00e9dio que abriga a Pinacoteca Municipal Di\u00f3genes Duarte Paes.<\/p>\n\n\n\n<p>O workshop ter\u00e1 dura\u00e7\u00e3o de 15 horas \u2013 das 10h \u00e0s 17h nos dois dias, com intervalo para almo\u00e7o. Para participar, os contemplados dever\u00e3o levar c\u00e2mera digital simples ou celular e, se poss\u00edvel, notebook ou tablet.<\/p>\n\n\n\n<div class=\"wp-block-image\"><figure class=\"aligncenter size-full\"><img loading=\"lazy\" decoding=\"async\" width=\"983\" height=\"486\" src=\"https:\/\/tvtecjundiai.com.br\/news\/wp-content\/uploads\/sites\/2\/2022\/05\/workshop.png\" alt=\"\" class=\"wp-image-92651\" srcset=\"https:\/\/tvtecjundiai.com.br\/news\/wp-content\/uploads\/sites\/2\/2022\/05\/workshop.png 983w, https:\/\/tvtecjundiai.com.br\/news\/wp-content\/uploads\/sites\/2\/2022\/05\/workshop-300x148.png 300w, https:\/\/tvtecjundiai.com.br\/news\/wp-content\/uploads\/sites\/2\/2022\/05\/workshop-768x380.png 768w\" sizes=\"auto, (max-width: 983px) 100vw, 983px\" \/><\/figure><\/div>\n\n\n\n<p>O workshop integra a programa\u00e7\u00e3o de maio na Pinacoteca, que recebe, a partir da quinta-feira (19), a exposi\u00e7\u00e3o \u201cPaesani\u201d, que traz obras de Emidio Luisi, al\u00e9m de mem\u00f3rias da imigra\u00e7\u00e3o em Jundia\u00ed. Tamb\u00e9m no dia 19 estreia a exposi\u00e7\u00e3o \u201cNonni di S\u00e3o Paulo\u201d, de Oliviero Pluviano. O vernissage est\u00e1 marcado para as 19h30.<\/p>\n\n\n\n<p>Nascido na It\u00e1lia, Em\u00eddio come\u00e7ou a fotografar na d\u00e9cada de 1970 e traz em sua carreira atua\u00e7\u00e3o como fotojornalista em ve\u00edculos como a revista Veja SP e para o Di\u00e1rio do Grande ABC. Com experi\u00eancias no Brasil e no exterior, atuou tamb\u00e9m em espet\u00e1culos de teatro, dan\u00e7a, etnofotografia e ensaios pessoais. Foi professor na Universidade Estadual de Londrina (UEL). J\u00e1 recebeu pr\u00eamios como Jabuti, Abril de Fotojornalismo, Aberje e APCA, e j\u00e1 participou de cole\u00e7\u00f5es do Instituto Cultural Ita\u00fa, do MASP \u2013 Acervo Cole\u00e7\u00e3o Pirelli, Museu da Fotografia Cidade de Curitiba, Museu da Fotografia de Fortaleza, Caixa &amp; Mem\u00f3rias, Sesc Consola\u00e7\u00e3o, entre outros. Atualmente fotografa, coordena projetos na \u00e1rea de fotografia e dirige a&nbsp;&nbsp; Fotograma Imagens.<\/p>\n\n\n\n<p>O Jorosil fica na rua Bar\u00e3o de Jundia\u00ed, 109, Centro. Mais informa\u00e7\u00f5es pelo telefone (11) 4586-2326 ou pelo e-mail\u00a0centrodecultura@jundiai.sp.gov.br.<\/p>\n\n\n\n<p><em><strong>(Fonte: Prefeitura de Jundia\u00ed\/Imagem: Benchmark)<\/strong><\/em><\/p>\n","protected":false},"excerpt":{"rendered":"<p>As 15 vagas s\u00e3o abertas para fot\u00f3grafos, artistas, estudantes e interessados em fotografia<\/p>\n","protected":false},"author":30,"featured_media":55855,"comment_status":"closed","ping_status":"closed","sticky":false,"template":"","format":"standard","meta":{"footnotes":""},"categories":[2833,8356,1],"tags":[],"class_list":["post-92649","post","type-post","status-publish","format-standard","has-post-thumbnail","hentry","category-cultura","category-jundiai","category-noticias"],"_links":{"self":[{"href":"https:\/\/tvtecjundiai.com.br\/news\/wp-json\/wp\/v2\/posts\/92649","targetHints":{"allow":["GET"]}}],"collection":[{"href":"https:\/\/tvtecjundiai.com.br\/news\/wp-json\/wp\/v2\/posts"}],"about":[{"href":"https:\/\/tvtecjundiai.com.br\/news\/wp-json\/wp\/v2\/types\/post"}],"author":[{"embeddable":true,"href":"https:\/\/tvtecjundiai.com.br\/news\/wp-json\/wp\/v2\/users\/30"}],"replies":[{"embeddable":true,"href":"https:\/\/tvtecjundiai.com.br\/news\/wp-json\/wp\/v2\/comments?post=92649"}],"version-history":[{"count":2,"href":"https:\/\/tvtecjundiai.com.br\/news\/wp-json\/wp\/v2\/posts\/92649\/revisions"}],"predecessor-version":[{"id":92652,"href":"https:\/\/tvtecjundiai.com.br\/news\/wp-json\/wp\/v2\/posts\/92649\/revisions\/92652"}],"wp:featuredmedia":[{"embeddable":true,"href":"https:\/\/tvtecjundiai.com.br\/news\/wp-json\/wp\/v2\/media\/55855"}],"wp:attachment":[{"href":"https:\/\/tvtecjundiai.com.br\/news\/wp-json\/wp\/v2\/media?parent=92649"}],"wp:term":[{"taxonomy":"category","embeddable":true,"href":"https:\/\/tvtecjundiai.com.br\/news\/wp-json\/wp\/v2\/categories?post=92649"},{"taxonomy":"post_tag","embeddable":true,"href":"https:\/\/tvtecjundiai.com.br\/news\/wp-json\/wp\/v2\/tags?post=92649"}],"curies":[{"name":"wp","href":"https:\/\/api.w.org\/{rel}","templated":true}]}}