{"id":92700,"date":"2022-05-11T13:12:54","date_gmt":"2022-05-11T16:12:54","guid":{"rendered":"https:\/\/tvtecjundiai.com.br\/news\/?p=92700"},"modified":"2022-05-11T13:13:00","modified_gmt":"2022-05-11T16:13:00","slug":"fim-de-semana-na-fabrica-das-infancias-japy-tem-contacao-de-historias-e-teatro","status":"publish","type":"post","link":"https:\/\/tvtecjundiai.com.br\/news\/2022\/05\/11\/fim-de-semana-na-fabrica-das-infancias-japy-tem-contacao-de-historias-e-teatro\/","title":{"rendered":"Fim de semana na F\u00e1brica das Inf\u00e2ncias Japy tem conta\u00e7\u00e3o de hist\u00f3rias e teatro"},"content":{"rendered":"\n<p>A F\u00e1brica das Inf\u00e2ncias Japy recebe neste final de semana mais duas programa\u00e7\u00f5es culturais gratuitas voltadas para o p\u00fablico infantojuvenil, promovida pela Unidade de Gest\u00e3o de Cultura (UGC) pelo programa municipal Cidade das Crian\u00e7as. As atra\u00e7\u00f5es t\u00eam entrada gratuita e s\u00e3o voltadas para crian\u00e7as de quatro a dez anos.<\/p>\n\n\n\n<p>Neste s\u00e1bado (14), a partir das 10h30, a programa\u00e7\u00e3o fica por conta da conta\u00e7\u00e3o de hist\u00f3rias com a Cia. Contando com Encanto, pelo projeto \u00c1guas. Na ocasi\u00e3o, grupo ir\u00e1 contar \u201cO Sumi\u00e7o das \u00e1guas claras do reino do Rei Roy\u201d, hist\u00f3ria de um reino t\u00e3o, t\u00e3o distante, onde vive o Rei Roy, e que tem um grande segredo, e \u201c O homem que foi dormir sem beber \u00e1gua\u201d, que se passa num lugar n\u00e3o muito distante daqui e muito gostoso de se morar, onde vivia uma av\u00f3, excelente contadora, e que todas as noites contava para sua netinha Eliane, e que, nesta em especial, ir\u00e1 contar a de um homem que foi dormir sem beber \u00e1gua e que por causa disso enfrentou muitos problemas.<\/p>\n\n\n\n<figure class=\"wp-block-image size-full\"><img loading=\"lazy\" decoding=\"async\" width=\"987\" height=\"369\" src=\"https:\/\/tvtecjundiai.com.br\/news\/wp-content\/uploads\/sites\/2\/2022\/05\/cultura-jundiai.jpg\" alt=\"\" class=\"wp-image-92701\" srcset=\"https:\/\/tvtecjundiai.com.br\/news\/wp-content\/uploads\/sites\/2\/2022\/05\/cultura-jundiai.jpg 987w, https:\/\/tvtecjundiai.com.br\/news\/wp-content\/uploads\/sites\/2\/2022\/05\/cultura-jundiai-300x112.jpg 300w, https:\/\/tvtecjundiai.com.br\/news\/wp-content\/uploads\/sites\/2\/2022\/05\/cultura-jundiai-768x287.jpg 768w\" sizes=\"auto, (max-width: 987px) 100vw, 987px\" \/><figcaption>No s\u00e1bado (14) tem conta\u00e7\u00e3o de hist\u00f3rias com a Cia. Contando com Encanto e no domingo (15) a pe\u00e7a \u201cA Refei\u00e7\u00e3o\u201d, da Cia. Tramp de Palha\u00e7os<\/figcaption><\/figure>\n\n\n\n<p>J\u00e1 no domingo (15), tamb\u00e9m a partir das 10h30, a programa\u00e7\u00e3o traz a pe\u00e7a de teatro infantil \u201cA Refei\u00e7\u00e3o\u201d, com a Cia. Tramp de Palha\u00e7os. O espet\u00e1culo gira em torno Filomeno, um tradicional vendedor de pipocas, destes que vendem nos teatros e pra\u00e7as pelo Brasil a fora, e por conta de sua rotina de trabalho, suas refei\u00e7\u00f5es s\u00e3o sempre feitas de forma adaptada e desastrosa.<\/p>\n\n\n\n<p>A F\u00e1brica das Inf\u00e2ncias Japy \u00e9 ligada \u00e0 UGC e, al\u00e9m de sede oficial do Comit\u00ea das Crian\u00e7as, \u00e9 um novo espa\u00e7o voltado para a experimenta\u00e7\u00e3o art\u00edstica, formativa, criativa e reflexiva sobre as brincadeiras e as inf\u00e2ncias.<\/p>\n\n\n\n<p>O equipamento cultural fica na rua Lacerda Franco, 175, Vila Arens, e funciona de ter\u00e7a a sexta-feira, das 9h \u00e0s 17h; e aos s\u00e1bados, domingos e feriados, das 9h \u00e0s 13h. A entrada de visitantes \u00e9 gratuita e permitida somente at\u00e9 30 minutos antes do hor\u00e1rio de fechamento. Mais informa\u00e7\u00f5es pelo telefone 4521-0971.<\/p>\n\n\n\n<figure class=\"wp-block-image size-large\"><img loading=\"lazy\" decoding=\"async\" width=\"1200\" height=\"800\" src=\"https:\/\/tvtecjundiai.com.br\/news\/wp-content\/uploads\/sites\/2\/2022\/05\/oficina_de_musicalizacao_fabrica_japy-18-1200x800.jpg\" alt=\"\" class=\"wp-image-92702\" srcset=\"https:\/\/tvtecjundiai.com.br\/news\/wp-content\/uploads\/sites\/2\/2022\/05\/oficina_de_musicalizacao_fabrica_japy-18-1200x800.jpg 1200w, https:\/\/tvtecjundiai.com.br\/news\/wp-content\/uploads\/sites\/2\/2022\/05\/oficina_de_musicalizacao_fabrica_japy-18-300x200.jpg 300w, https:\/\/tvtecjundiai.com.br\/news\/wp-content\/uploads\/sites\/2\/2022\/05\/oficina_de_musicalizacao_fabrica_japy-18-768x512.jpg 768w, https:\/\/tvtecjundiai.com.br\/news\/wp-content\/uploads\/sites\/2\/2022\/05\/oficina_de_musicalizacao_fabrica_japy-18.jpg 1280w\" sizes=\"auto, (max-width: 1200px) 100vw, 1200px\" \/><\/figure>\n\n\n\n<p><em><strong>(Fonte\/Imagens: Prefeitura de Jundia\u00ed e Divulga\u00e7\u00e3o)<\/strong><\/em><\/p>\n","protected":false},"excerpt":{"rendered":"<p>Atra\u00e7\u00f5es t\u00eam entrada gratuita e s\u00e3o voltadas para crian\u00e7as de quatro a dez anos<\/p>\n","protected":false},"author":30,"featured_media":92702,"comment_status":"closed","ping_status":"closed","sticky":false,"template":"","format":"standard","meta":{"footnotes":""},"categories":[2833,8356,8354,1],"tags":[],"class_list":["post-92700","post","type-post","status-publish","format-standard","has-post-thumbnail","hentry","category-cultura","category-jundiai","category-lazer","category-noticias"],"_links":{"self":[{"href":"https:\/\/tvtecjundiai.com.br\/news\/wp-json\/wp\/v2\/posts\/92700","targetHints":{"allow":["GET"]}}],"collection":[{"href":"https:\/\/tvtecjundiai.com.br\/news\/wp-json\/wp\/v2\/posts"}],"about":[{"href":"https:\/\/tvtecjundiai.com.br\/news\/wp-json\/wp\/v2\/types\/post"}],"author":[{"embeddable":true,"href":"https:\/\/tvtecjundiai.com.br\/news\/wp-json\/wp\/v2\/users\/30"}],"replies":[{"embeddable":true,"href":"https:\/\/tvtecjundiai.com.br\/news\/wp-json\/wp\/v2\/comments?post=92700"}],"version-history":[{"count":1,"href":"https:\/\/tvtecjundiai.com.br\/news\/wp-json\/wp\/v2\/posts\/92700\/revisions"}],"predecessor-version":[{"id":92703,"href":"https:\/\/tvtecjundiai.com.br\/news\/wp-json\/wp\/v2\/posts\/92700\/revisions\/92703"}],"wp:featuredmedia":[{"embeddable":true,"href":"https:\/\/tvtecjundiai.com.br\/news\/wp-json\/wp\/v2\/media\/92702"}],"wp:attachment":[{"href":"https:\/\/tvtecjundiai.com.br\/news\/wp-json\/wp\/v2\/media?parent=92700"}],"wp:term":[{"taxonomy":"category","embeddable":true,"href":"https:\/\/tvtecjundiai.com.br\/news\/wp-json\/wp\/v2\/categories?post=92700"},{"taxonomy":"post_tag","embeddable":true,"href":"https:\/\/tvtecjundiai.com.br\/news\/wp-json\/wp\/v2\/tags?post=92700"}],"curies":[{"name":"wp","href":"https:\/\/api.w.org\/{rel}","templated":true}]}}