{"id":92728,"date":"2022-05-12T09:42:39","date_gmt":"2022-05-12T12:42:39","guid":{"rendered":"https:\/\/tvtecjundiai.com.br\/news\/?p=92728"},"modified":"2022-05-12T09:43:27","modified_gmt":"2022-05-12T12:43:27","slug":"com-chegada-de-frente-fria-jundiai-deve-atingir-os-7c-na-proxima-semana","status":"publish","type":"post","link":"https:\/\/tvtecjundiai.com.br\/news\/2022\/05\/12\/com-chegada-de-frente-fria-jundiai-deve-atingir-os-7c-na-proxima-semana\/","title":{"rendered":"Com chegada de frente fria, Jundia\u00ed deve atingir 7\u00b0C na pr\u00f3xima semana"},"content":{"rendered":"\n<p>A chegada de uma frente fria no fim de semana deve fazer com que as temperaturas despenquem em Jundia\u00ed a partir da pr\u00f3xima semana. Segundo o Climatempo, a m\u00ednima pode chegar aos 7\u00b0C, com possibilidade de geada ao amanhecer.<\/p>\n\n\n\n<p>Nesta quinta-feira (12) n\u00e3o h\u00e1 previs\u00e3o de chuva, e os term\u00f4metros devem ficar entre 14\u00b0C e 24\u00b0C. Na sexta-feira (13) tamb\u00e9m n\u00e3o chove, com os term\u00f4metros entre 13\u00b0C e 25\u00b0C.<\/p>\n\n\n\n<div class=\"wp-block-image\"><figure class=\"aligncenter size-large is-resized\"><img loading=\"lazy\" decoding=\"async\" src=\"https:\/\/tvtecjundiai.com.br\/news\/wp-content\/uploads\/sites\/2\/2022\/05\/chuva_D1g-1200x805.jpg\" alt=\"\" class=\"wp-image-92729\" width=\"699\" height=\"468\" srcset=\"https:\/\/tvtecjundiai.com.br\/news\/wp-content\/uploads\/sites\/2\/2022\/05\/chuva_D1g-1200x805.jpg 1200w, https:\/\/tvtecjundiai.com.br\/news\/wp-content\/uploads\/sites\/2\/2022\/05\/chuva_D1g-300x201.jpg 300w, https:\/\/tvtecjundiai.com.br\/news\/wp-content\/uploads\/sites\/2\/2022\/05\/chuva_D1g-768x515.jpg 768w, https:\/\/tvtecjundiai.com.br\/news\/wp-content\/uploads\/sites\/2\/2022\/05\/chuva_D1g.jpg 1240w\" sizes=\"auto, (max-width: 699px) 100vw, 699px\" \/><\/figure><\/div>\n\n\n\n<p>No fim de semana, as mudan\u00e7as bruscas de temperatura acontecem. No s\u00e1bado (14), os term\u00f4metros ficam entre 14\u00b0C e 26\u00b0C, com muitas nuvens no c\u00e9u e previs\u00e3o de algumas pancadas de chuva \u00e0 noite. J\u00e1 no domingo (15), a temperatura cai mais ainda, ficando entre 15\u00b0C e 21\u00b0C, com per\u00edodos de c\u00e9u nublado. Deve chover mais, cerca de 20mm.<\/p>\n\n\n\n<p>Na semana seguinte, os dias mais frios devem ser quinta (19) e sexta-feira (20), com os term\u00f4metros marcando apenas entre 7\u00b0C e 19\u00b0C. H\u00e1 possibilidade de geada ao amanhecer.<\/p>\n\n\n\n<p><em><strong>(Fonte: TVTEC Jundia\u00ed\/Imagem: Prefeitura de Jundia\u00ed)<\/strong><\/em><\/p>\n","protected":false},"excerpt":{"rendered":"<p>Temperaturas devem despencar na cidade e h\u00e1 possibilidade de geada ao amanhecer<\/p>\n","protected":false},"author":30,"featured_media":92729,"comment_status":"closed","ping_status":"closed","sticky":false,"template":"","format":"standard","meta":{"footnotes":""},"categories":[3185,29,8356,1],"tags":[],"class_list":["post-92728","post","type-post","status-publish","format-standard","has-post-thumbnail","hentry","category-clima","category-destaque","category-jundiai","category-noticias"],"_links":{"self":[{"href":"https:\/\/tvtecjundiai.com.br\/news\/wp-json\/wp\/v2\/posts\/92728","targetHints":{"allow":["GET"]}}],"collection":[{"href":"https:\/\/tvtecjundiai.com.br\/news\/wp-json\/wp\/v2\/posts"}],"about":[{"href":"https:\/\/tvtecjundiai.com.br\/news\/wp-json\/wp\/v2\/types\/post"}],"author":[{"embeddable":true,"href":"https:\/\/tvtecjundiai.com.br\/news\/wp-json\/wp\/v2\/users\/30"}],"replies":[{"embeddable":true,"href":"https:\/\/tvtecjundiai.com.br\/news\/wp-json\/wp\/v2\/comments?post=92728"}],"version-history":[{"count":2,"href":"https:\/\/tvtecjundiai.com.br\/news\/wp-json\/wp\/v2\/posts\/92728\/revisions"}],"predecessor-version":[{"id":92731,"href":"https:\/\/tvtecjundiai.com.br\/news\/wp-json\/wp\/v2\/posts\/92728\/revisions\/92731"}],"wp:featuredmedia":[{"embeddable":true,"href":"https:\/\/tvtecjundiai.com.br\/news\/wp-json\/wp\/v2\/media\/92729"}],"wp:attachment":[{"href":"https:\/\/tvtecjundiai.com.br\/news\/wp-json\/wp\/v2\/media?parent=92728"}],"wp:term":[{"taxonomy":"category","embeddable":true,"href":"https:\/\/tvtecjundiai.com.br\/news\/wp-json\/wp\/v2\/categories?post=92728"},{"taxonomy":"post_tag","embeddable":true,"href":"https:\/\/tvtecjundiai.com.br\/news\/wp-json\/wp\/v2\/tags?post=92728"}],"curies":[{"name":"wp","href":"https:\/\/api.w.org\/{rel}","templated":true}]}}