{"id":92732,"date":"2022-05-12T09:46:26","date_gmt":"2022-05-12T12:46:26","guid":{"rendered":"https:\/\/tvtecjundiai.com.br\/news\/?p=92732"},"modified":"2022-05-12T09:46:32","modified_gmt":"2022-05-12T12:46:32","slug":"jundiai-realiza-evento-em-prol-da-consciencia-negra-neste-sabado-14","status":"publish","type":"post","link":"https:\/\/tvtecjundiai.com.br\/news\/2022\/05\/12\/jundiai-realiza-evento-em-prol-da-consciencia-negra-neste-sabado-14\/","title":{"rendered":"Jundia\u00ed realiza evento em prol da Consci\u00eancia Negra neste s\u00e1bado (14)"},"content":{"rendered":"\n<p>Neste s\u00e1bado (14), na Pracinha da Cultura do Vista Alegre, ser\u00e1 realizado o evento \u201cConsci\u00eancia negra \u00e9 todo dia\u201d com organiza\u00e7\u00e3o do Evento do Conselho da Participa\u00e7\u00e3o e Desenvolvimento da Comunidade Negra, em parceria com a Unidade de Gest\u00e3o da Casa Civil (UGCC), atrav\u00e9s da Assessoria da Igualdade Racial, e a Unidade de Gest\u00e3o da Cultura (UGC).<\/p>\n\n\n\n<p>A iniciativa tem como objetivo incentivar o p\u00fablico a combater o racismo. \u201cPara as quest\u00f5es raciais, as a\u00e7\u00f5es afirmativas como a do evento s\u00e3o sempre necess\u00e1rias\u201d, comenta o Assessor de Igualdade Racial, Jensen Silva.<\/p>\n\n\n\n<p>A ideia do evento \u00e9 levar crian\u00e7as, jovens e os pais para participar das oficinas. \u201cA atividade que ser\u00e1 desenvolvida deixar\u00e1 explicito que n\u00f3s da comunidade negra n\u00e3o somos negros somente no dia 20 de novembro e sim, todos os dias do ano\u201d, comenta Maria Elisabete da Silva, Presidente do Conselho Municipal de Participa\u00e7\u00e3o e Desenvolvimento da Comunidade Negra.<\/p>\n\n\n\n<p>\u201cJundia\u00ed \u00e9 uma cidade que sempre trabalha e apoia as a\u00e7\u00f5es afirmativas do combate ao racismo, pois acredita ser importante\u201d, completa o gestor da UGCC, dr Gustavo Leopoldo Caserta Maryssael de Campos.<\/p>\n\n\n\n<figure class=\"wp-block-image\"><img decoding=\"async\" src=\"https:\/\/jundiai.sp.gov.br\/noticias\/wp-content\/uploads\/sites\/32\/2022\/05\/batalha-de-rimas-e-poesia-no-ceu-das-artes_c_-15.jpg\" alt=\"Jovens e crian\u00e7as dan\u00e7ando e interagindo em um sal\u00e3o com DJ tocando ao fundo\" class=\"wp-image-291971\" \/><figcaption>Entre as atra\u00e7\u00f5es programadas est\u00e1 a apresenta\u00e7\u00e3o do DJ Joker<\/figcaption><\/figure>\n\n\n\n<p>O evento ser\u00e1 realizado na Pracinha da Cultura do Vista Alegre, antigo CEU das Artes (Rua Cabo Edvaldo Quirino Santana, 46-110), no s\u00e1bado (14), das 13h \u00e0s 18h e j\u00e1 conta com oito atra\u00e7\u00f5es confirmadas.<\/p>\n\n\n\n<p>Confira a programa\u00e7\u00e3o.<\/p>\n\n\n\n<p><strong>PROGRAMA\u00c7\u00c3O<\/strong><\/p>\n\n\n\n<p>\u25ba 13:00 | abertura<\/p>\n\n\n\n<p>\u25ba 13:10 l DJ Joker (tocando a tarde toda)<\/p>\n\n\n\n<p>\u25ba 13:10 l Grafite \u2013 8 grafiteiros pintando a tarde toda<\/p>\n\n\n\n<p>\u25ba 14:00 l aula de break dance para todas as idades<\/p>\n\n\n\n<p>\u25ba 14:30 Oficina de tran\u00e7a<\/p>\n\n\n\n<p>\u25ba 15:00 l oficina de grafite para crian\u00e7a<\/p>\n\n\n\n<p>\u25ba 15:30 l Show de Rap com o grupo 2\u00b0 Templo<\/p>\n\n\n\n<p>\u25ba 16:30 l Zumba com a professora Pri Sorria.<\/p>\n\n\n\n<p>Meia quadra livre durante todo o evento para basquete 3\u00d73<\/p>\n\n\n\n<p><strong><em>(Fonte\/Imagem: Prefeitura de Jundia\u00ed)<\/em><\/strong><\/p>\n","protected":false},"excerpt":{"rendered":"<p>O evento ser\u00e1 realizado na Pracinha da Cultura do Vista Alegre, antigo CEU das Artes.<\/p>\n","protected":false},"author":27,"featured_media":92734,"comment_status":"closed","ping_status":"closed","sticky":false,"template":"","format":"standard","meta":{"footnotes":""},"categories":[2833,8356,8354],"tags":[],"class_list":["post-92732","post","type-post","status-publish","format-standard","has-post-thumbnail","hentry","category-cultura","category-jundiai","category-lazer"],"_links":{"self":[{"href":"https:\/\/tvtecjundiai.com.br\/news\/wp-json\/wp\/v2\/posts\/92732","targetHints":{"allow":["GET"]}}],"collection":[{"href":"https:\/\/tvtecjundiai.com.br\/news\/wp-json\/wp\/v2\/posts"}],"about":[{"href":"https:\/\/tvtecjundiai.com.br\/news\/wp-json\/wp\/v2\/types\/post"}],"author":[{"embeddable":true,"href":"https:\/\/tvtecjundiai.com.br\/news\/wp-json\/wp\/v2\/users\/27"}],"replies":[{"embeddable":true,"href":"https:\/\/tvtecjundiai.com.br\/news\/wp-json\/wp\/v2\/comments?post=92732"}],"version-history":[{"count":1,"href":"https:\/\/tvtecjundiai.com.br\/news\/wp-json\/wp\/v2\/posts\/92732\/revisions"}],"predecessor-version":[{"id":92735,"href":"https:\/\/tvtecjundiai.com.br\/news\/wp-json\/wp\/v2\/posts\/92732\/revisions\/92735"}],"wp:featuredmedia":[{"embeddable":true,"href":"https:\/\/tvtecjundiai.com.br\/news\/wp-json\/wp\/v2\/media\/92734"}],"wp:attachment":[{"href":"https:\/\/tvtecjundiai.com.br\/news\/wp-json\/wp\/v2\/media?parent=92732"}],"wp:term":[{"taxonomy":"category","embeddable":true,"href":"https:\/\/tvtecjundiai.com.br\/news\/wp-json\/wp\/v2\/categories?post=92732"},{"taxonomy":"post_tag","embeddable":true,"href":"https:\/\/tvtecjundiai.com.br\/news\/wp-json\/wp\/v2\/tags?post=92732"}],"curies":[{"name":"wp","href":"https:\/\/api.w.org\/{rel}","templated":true}]}}