{"id":92959,"date":"2022-05-16T14:54:14","date_gmt":"2022-05-16T17:54:14","guid":{"rendered":"https:\/\/tvtecjundiai.com.br\/news\/?p=92959"},"modified":"2022-05-16T14:54:14","modified_gmt":"2022-05-16T17:54:14","slug":"programa-cultivo-protegido-recebe-19-inscricoes","status":"publish","type":"post","link":"https:\/\/tvtecjundiai.com.br\/news\/2022\/05\/16\/programa-cultivo-protegido-recebe-19-inscricoes\/","title":{"rendered":"Programa Cultivo Protegido recebe 19 inscri\u00e7\u00f5es"},"content":{"rendered":"\n<p>Com as inscri\u00e7\u00f5es encerradas na sexta-feira (13), a Unidade de Gest\u00e3o de Agricultura, Agroneg\u00f3cio e Turismo (UGAAT) contabiliza 19 propriedades inscritas para a recep\u00e7\u00e3o de subs\u00eddio de R$ 3 mil cada, para o custeio de aquisi\u00e7\u00e3o de telas antigranizo, anti p\u00e1ssaro e filme agr\u00edcola (pl\u00e1sticos para estufas) usado na prote\u00e7\u00e3o das culturas. A a\u00e7\u00e3o tem como objetivo auxiliar os produtores que, no ano passado, sofreram com chuvas de granizo e geadas, al\u00e9m de promover a redu\u00e7\u00e3o no custo do seguro agr\u00edcola, j\u00e1 que o cultivo protegido tem durabilidade de cinco anos.<\/p>\n\n\n\n<p>O benef\u00edcio \u00e9 oferecido pela Lei Municipal n\u00ba 9.650, de 13 de outubro de 2021. O cultivo em ambiente protegido reduz os riscos de perdas na produ\u00e7\u00e3o, evita o impacto de epis\u00f3dios clim\u00e1ticos como excesso de chuva, granizo, geada, baixas temperaturas e ainda protege do ataque de p\u00e1ssaros em \u00e9pocas de colheita, algo que n\u00e3o tem cobertura de seguro. \u201cEssa prote\u00e7\u00e3o garante melhoria na qualidade final do produto ofertado ao consumidor. A a\u00e7\u00e3o temo foco em incentivar os produtores a utilizar desses dispositivos, que s\u00e3o dur\u00e1veis \u2013 5 anos \u2013 e com isso, reduzir os custos com seguro rural, possibilitando investimentos diversos na propriedade e produ\u00e7\u00e3o\u201d, comenta a diretora de Agroneg\u00f3cio, Isabel Harder.<\/p>\n\n\n\n<div class=\"wp-block-image\"><figure class=\"aligncenter size-large is-resized\"><img loading=\"lazy\" decoding=\"async\" src=\"https:\/\/tvtecjundiai.com.br\/news\/wp-content\/uploads\/sites\/2\/2022\/05\/colheita-do-pessego-10-1-1200x800.jpg\" alt=\"\" class=\"wp-image-92962\" width=\"785\" height=\"523\" srcset=\"https:\/\/tvtecjundiai.com.br\/news\/wp-content\/uploads\/sites\/2\/2022\/05\/colheita-do-pessego-10-1-1200x800.jpg 1200w, https:\/\/tvtecjundiai.com.br\/news\/wp-content\/uploads\/sites\/2\/2022\/05\/colheita-do-pessego-10-1-300x200.jpg 300w, https:\/\/tvtecjundiai.com.br\/news\/wp-content\/uploads\/sites\/2\/2022\/05\/colheita-do-pessego-10-1-768x512.jpg 768w, https:\/\/tvtecjundiai.com.br\/news\/wp-content\/uploads\/sites\/2\/2022\/05\/colheita-do-pessego-10-1.jpg 1280w\" sizes=\"auto, (max-width: 785px) 100vw, 785px\" \/><figcaption>Cultivo protegido evita perdas relacionadas aos ataques de p\u00e1ssaros, geada ou granizo<\/figcaption><\/figure><\/div>\n\n\n\n<p>Al\u00e9m das produ\u00e7\u00f5es de frutas, o programa tamb\u00e9m atende os agricultores que t\u00eam horta e cultivam hortali\u00e7as. O valor ser\u00e1 creditado para as propriedades inscritas e que comprovadamente sejam produtoras de frutas e hortali\u00e7as, com \u00e1rea produtiva estabelecida em Jundia\u00ed, desde que apresentada a nota fiscal da compra do revestimento.<\/p>\n\n\n\n<p><em><strong>(Fonte\/Imagem: Prefeitura de Jundia\u00ed)<\/strong><\/em><\/p>\n","protected":false},"excerpt":{"rendered":"<p>Benef\u00edcio reduz os riscos de perdas das produ\u00e7\u00f5es de frutas e hortali\u00e7as<\/p>\n","protected":false},"author":30,"featured_media":92961,"comment_status":"closed","ping_status":"closed","sticky":false,"template":"","format":"standard","meta":{"footnotes":""},"categories":[8358,6272,8356,1],"tags":[],"class_list":["post-92959","post","type-post","status-publish","format-standard","has-post-thumbnail","hentry","category-agricultura","category-agronegocios","category-jundiai","category-noticias"],"_links":{"self":[{"href":"https:\/\/tvtecjundiai.com.br\/news\/wp-json\/wp\/v2\/posts\/92959","targetHints":{"allow":["GET"]}}],"collection":[{"href":"https:\/\/tvtecjundiai.com.br\/news\/wp-json\/wp\/v2\/posts"}],"about":[{"href":"https:\/\/tvtecjundiai.com.br\/news\/wp-json\/wp\/v2\/types\/post"}],"author":[{"embeddable":true,"href":"https:\/\/tvtecjundiai.com.br\/news\/wp-json\/wp\/v2\/users\/30"}],"replies":[{"embeddable":true,"href":"https:\/\/tvtecjundiai.com.br\/news\/wp-json\/wp\/v2\/comments?post=92959"}],"version-history":[{"count":1,"href":"https:\/\/tvtecjundiai.com.br\/news\/wp-json\/wp\/v2\/posts\/92959\/revisions"}],"predecessor-version":[{"id":92963,"href":"https:\/\/tvtecjundiai.com.br\/news\/wp-json\/wp\/v2\/posts\/92959\/revisions\/92963"}],"wp:featuredmedia":[{"embeddable":true,"href":"https:\/\/tvtecjundiai.com.br\/news\/wp-json\/wp\/v2\/media\/92961"}],"wp:attachment":[{"href":"https:\/\/tvtecjundiai.com.br\/news\/wp-json\/wp\/v2\/media?parent=92959"}],"wp:term":[{"taxonomy":"category","embeddable":true,"href":"https:\/\/tvtecjundiai.com.br\/news\/wp-json\/wp\/v2\/categories?post=92959"},{"taxonomy":"post_tag","embeddable":true,"href":"https:\/\/tvtecjundiai.com.br\/news\/wp-json\/wp\/v2\/tags?post=92959"}],"curies":[{"name":"wp","href":"https:\/\/api.w.org\/{rel}","templated":true}]}}