{"id":9301,"date":"2018-04-25T07:42:38","date_gmt":"2018-04-25T10:42:38","guid":{"rendered":"https:\/\/tvtecjundiai.com.br\/news\/?p=9301"},"modified":"2018-04-26T13:33:42","modified_gmt":"2018-04-26T16:33:42","slug":"fim-de-semana-tera-atracoes-de-teatro-e-danca-gratuitos","status":"publish","type":"post","link":"https:\/\/tvtecjundiai.com.br\/news\/2018\/04\/25\/fim-de-semana-tera-atracoes-de-teatro-e-danca-gratuitos\/","title":{"rendered":"Fim de semana ter\u00e1 atra\u00e7\u00f5es de teatro e dan\u00e7a gratuitas"},"content":{"rendered":"<div id=\"attachment_9302\" style=\"width: 460px\" class=\"wp-caption alignleft\"><a href=\"https:\/\/tvtecjundiai.com.br\/news\/wp-content\/uploads\/sites\/2\/2018\/04\/enredanca_polytheama-1203.jpg\"><img loading=\"lazy\" decoding=\"async\" aria-describedby=\"caption-attachment-9302\" class=\"wp-image-9302\" src=\"https:\/\/tvtecjundiai.com.br\/news\/wp-content\/uploads\/sites\/2\/2018\/04\/enredanca_polytheama-1203-300x226.jpg\" alt=\"\" width=\"450\" height=\"339\" srcset=\"https:\/\/tvtecjundiai.com.br\/news\/wp-content\/uploads\/sites\/2\/2018\/04\/enredanca_polytheama-1203-300x226.jpg 300w, https:\/\/tvtecjundiai.com.br\/news\/wp-content\/uploads\/sites\/2\/2018\/04\/enredanca_polytheama-1203-768x579.jpg 768w, https:\/\/tvtecjundiai.com.br\/news\/wp-content\/uploads\/sites\/2\/2018\/04\/enredanca_polytheama-1203-1200x905.jpg 1200w, https:\/\/tvtecjundiai.com.br\/news\/wp-content\/uploads\/sites\/2\/2018\/04\/enredanca_polytheama-1203.jpg 1240w\" sizes=\"auto, (max-width: 450px) 100vw, 450px\" \/><\/a><p id=\"caption-attachment-9302\" class=\"wp-caption-text\">O Dia Internacional da Dan\u00e7a \u00e9 comemorado em 29 de abril<\/p><\/div>\n<p>A Unidade de Gest\u00e3o de Cultura (UGC) realiza atra\u00e7\u00f5es de teatro e de dan\u00e7a gratuitos neste fim de semana. A programa\u00e7\u00e3o come\u00e7a j\u00e1 nesta sexta-feira (27), \u00e0s 20h, com o espet\u00e1culo \u201cCirco de Coisas\u201d, da Cia. Circo de Bonecos. A pe\u00e7a gratuita ser\u00e1 apresentada na Sala Jundia\u00ed do Complexo Fepasa e faz parte do projeto de Teatro de Objetos, corrente teatral que que discute o sentido da arte, as possibilidades expressivas dos objetos e a rela\u00e7\u00e3o deles com os indiv\u00edduos e a sociedade.<\/p>\n<p>O espet\u00e1culo conta a hist\u00f3ria de dois clowns que apresentam um show circense atrav\u00e9s de objetos humanizados: um prendedor de roupas faz papel de equilibrista, uma rolha de garrafa como homem bala e ovos como acrobatas. O projeto foi contemplado pela lei estadual de incentivo \u00e0 Cultura \u2013 Proac-SP Circula\u00e7\u00e3o de Espet\u00e1culos de Arte C\u00eanicas para o P\u00fablico Infantil e\/ou Juvenil.<\/p>\n<p><strong>Mais Complexo Fepasa<\/strong><br \/>\nJ\u00e1 neste s\u00e1bado (28), os alunos de viol\u00e3o e flauta doce do projeto Tocar &amp; Encantar se apresentam gratuitamente a partir das 10h na Sala Jundia\u00ed. Cerca de 50 crian\u00e7as e adolescentes de 12 a 16 anos, estudantes da rede p\u00fablica de ensino, participam atualmente do projeto, que \u00e9 uma realiza\u00e7\u00e3o da Forma Cultural, em parceria com a Prefeitura e patroc\u00ednio do instituto CCR e do grupo Tenda, e aprovado tamb\u00e9m pelo Proac-SP.<\/p>\n<p><strong>Dia Internacional da Dan\u00e7a<\/strong><br \/>\nMais de vinte academias de dan\u00e7a jundiaienses fazem apresenta\u00e7\u00f5es gratuitas em diversos palcos da cidade, a fim de comemorar o dia internacional da dan\u00e7a. As apresenta\u00e7\u00f5es ser\u00e3o realizadas neste s\u00e1bado (28), a partir das 10h, na Pra\u00e7a Governador Pedro de Toledo (Pra\u00e7a da Matriz), e a partir das 14h no Centro de Artes e Esportes Unificados (CEU) Vista Alegre, que fica na rua Cabo Edvaldo Quirino Santana, n\u00ba 46-110.<\/p>\n<p>J\u00e1 no domingo (29), as apresenta\u00e7\u00f5es ser\u00e3o a partir das 19h no Teatro Polytheama, que fica na rua Bar\u00e3o de Jundia\u00ed, 176, Centro, e os ingressos come\u00e7am a ser distribu\u00eddos no s\u00e1bado, na bilheteria do teatro, das 14h \u00e0s 17h, e no domingo, das 14h at\u00e9 o hor\u00e1rio do espet\u00e1culo. Cada adulto na fila poder\u00e1 retirar at\u00e9 dois ingressos.<\/p>\n<p><em>Fonte: Prefeitura de Jundia\u00ed<\/em><\/p>\n","protected":false},"excerpt":{"rendered":"<p>Programa\u00e7\u00e3o come\u00e7a nesta sexta-feira (27), \u00e0s 20h, com o espet\u00e1culo \u201cCirco de Coisas\u201d<\/p>\n","protected":false},"author":11,"featured_media":9441,"comment_status":"closed","ping_status":"closed","sticky":false,"template":"","format":"standard","meta":{"footnotes":""},"categories":[2834,2833,1],"tags":[2072,84,763,516,2950,556,217,83,2598],"class_list":["post-9301","post","type-post","status-publish","format-standard","has-post-thumbnail","hentry","category-cidades","category-cultura","category-noticias","tag-atracoes","tag-cultura","tag-danca","tag-fim-de-semana","tag-gratuita","tag-noticias","tag-programacao","tag-teatro","tag-ugc"],"_links":{"self":[{"href":"https:\/\/tvtecjundiai.com.br\/news\/wp-json\/wp\/v2\/posts\/9301","targetHints":{"allow":["GET"]}}],"collection":[{"href":"https:\/\/tvtecjundiai.com.br\/news\/wp-json\/wp\/v2\/posts"}],"about":[{"href":"https:\/\/tvtecjundiai.com.br\/news\/wp-json\/wp\/v2\/types\/post"}],"author":[{"embeddable":true,"href":"https:\/\/tvtecjundiai.com.br\/news\/wp-json\/wp\/v2\/users\/11"}],"replies":[{"embeddable":true,"href":"https:\/\/tvtecjundiai.com.br\/news\/wp-json\/wp\/v2\/comments?post=9301"}],"version-history":[{"count":4,"href":"https:\/\/tvtecjundiai.com.br\/news\/wp-json\/wp\/v2\/posts\/9301\/revisions"}],"predecessor-version":[{"id":9442,"href":"https:\/\/tvtecjundiai.com.br\/news\/wp-json\/wp\/v2\/posts\/9301\/revisions\/9442"}],"wp:featuredmedia":[{"embeddable":true,"href":"https:\/\/tvtecjundiai.com.br\/news\/wp-json\/wp\/v2\/media\/9441"}],"wp:attachment":[{"href":"https:\/\/tvtecjundiai.com.br\/news\/wp-json\/wp\/v2\/media?parent=9301"}],"wp:term":[{"taxonomy":"category","embeddable":true,"href":"https:\/\/tvtecjundiai.com.br\/news\/wp-json\/wp\/v2\/categories?post=9301"},{"taxonomy":"post_tag","embeddable":true,"href":"https:\/\/tvtecjundiai.com.br\/news\/wp-json\/wp\/v2\/tags?post=9301"}],"curies":[{"name":"wp","href":"https:\/\/api.w.org\/{rel}","templated":true}]}}