{"id":93105,"date":"2022-05-18T17:04:12","date_gmt":"2022-05-18T20:04:12","guid":{"rendered":"https:\/\/tvtecjundiai.com.br\/news\/?p=93105"},"modified":"2022-05-18T17:04:21","modified_gmt":"2022-05-18T20:04:21","slug":"biblioteca-recebe-oficina-arte-educativa-e-palestra-com-psicologos-neste-sabado-21","status":"publish","type":"post","link":"https:\/\/tvtecjundiai.com.br\/news\/2022\/05\/18\/biblioteca-recebe-oficina-arte-educativa-e-palestra-com-psicologos-neste-sabado-21\/","title":{"rendered":"Biblioteca recebe oficina arte-educativa e palestra com psic\u00f3logos neste s\u00e1bado (21)"},"content":{"rendered":"\n<p>Crian\u00e7as a partir de seis anos s\u00e3o convidadas a participar na Biblioteca Municipal Professor Nelson Foot (BNF) da oficina arte-educativa \u201cM\u00e3os \u00e0 Obra\u201d, com a artista pl\u00e1stica Valqu\u00edria Malagoli. O encontro, promovido pela Unidade de Gest\u00e3o de Cultura (UGC), ser\u00e1 neste s\u00e1bado (21), \u00e0s 11h, para inscritos.<\/p>\n\n\n\n<p>A proposta da artista \u00e9 que as crian\u00e7as visitem a sua&nbsp;<a href=\"https:\/\/cultura.jundiai.sp.gov.br\/exposicoes\/olhos-sobre-oleo\/\" target=\"_blank\" rel=\"noreferrer noopener\">exposi\u00e7\u00e3o \u201cOlhos sobre \u00d3leo\u201d<\/a>, na Galeria Jundia\u00ed da Biblioteca, e depois participem da oficina, em que ter\u00e3o a oportunidade de conhecer os v\u00e1rios materiais que s\u00e3o utilizados na elabora\u00e7\u00e3o de suas telas. \u201cEu quero que as crian\u00e7as se divirtam com os materiais que utilizei, que liberem a sua criatividade e criem as suas obras\u201d, comentou Valqu\u00edria.<\/p>\n\n\n\n<p>Totalmente gratuita, a oficina contar\u00e1 com 35 vagas gratuitas, preenchidas por\u00a0<a rel=\"noreferrer noopener\" href=\"https:\/\/docs.google.com\/forms\/d\/1G4b1iTm9FEqpVdh1ovWI-6q4lpY8ZY1xEqb-l-YnH2s\/edit?ts=6282c441\" target=\"_blank\">inscri\u00e7\u00e3o on-line em formul\u00e1rio dispon\u00edvel at\u00e9 a sexta-feira (20)<\/a>.<\/p>\n\n\n\n<figure class=\"wp-block-image\"><a href=\"https:\/\/jundiai.sp.gov.br\/noticias\/wp-content\/uploads\/sites\/32\/2022\/05\/abertura-exposicao_olhos-sobre-oleo-12.jpg\"><img decoding=\"async\" src=\"https:\/\/jundiai.sp.gov.br\/noticias\/wp-content\/uploads\/sites\/32\/2022\/05\/abertura-exposicao_olhos-sobre-oleo-12.jpg\" alt=\"\" class=\"wp-image-292480\" \/><\/a><figcaption>Artista ir\u00e1 propor oficina a partir da visita\u00e7\u00e3o de sua exposi\u00e7\u00e3o, que segue na Galeria Jundia\u00ed da Biblioteca at\u00e9 o dia 28 de maio<\/figcaption><\/figure>\n\n\n\n<p><strong>Palestra<\/strong><br>Tamb\u00e9m no s\u00e1bado (21), a partir das 10h, a Biblioteca recebe em seu audit\u00f3rio a palestra\/di\u00e1logo com tema \u201cO sentido da vida nas rela\u00e7\u00f5es atuais\u201d, com os psic\u00f3logos Josiel Rodrigues e Francisco Nascimento e entrada franca. Estudantes que desejarem obter declara\u00e7\u00e3o de horas de participa\u00e7\u00e3o dever\u00e3o se inscrever previamente pelo WhatsApp (11) 97526-9836.<\/p>\n\n\n\n<p>A Biblioteca est\u00e1 localizada na avenida Dr. Cavalcanti, 396, Complexo Argos. A Biblioteca funciona de segunda a sexta-feira, das 9h \u00e0s 21h, e aos s\u00e1bados, das 9h \u00e0s 13h. Mais informa\u00e7\u00f5es pelo telefone 4527-2110.<\/p>\n\n\n\n<p><strong><em>(Fonte\/Imagem: Prefeitura de Jundia\u00ed)<\/em><\/strong><\/p>\n","protected":false},"excerpt":{"rendered":"<p>A proposta da artista \u00e9 que as crian\u00e7as visitem a sua\u00a0exposi\u00e7\u00e3o \u201cOlhos sobre \u00d3leo\u201d, e depois participem da oficina.<\/p>\n","protected":false},"author":27,"featured_media":93106,"comment_status":"closed","ping_status":"closed","sticky":false,"template":"","format":"standard","meta":{"footnotes":""},"categories":[2833,8356],"tags":[],"class_list":["post-93105","post","type-post","status-publish","format-standard","has-post-thumbnail","hentry","category-cultura","category-jundiai"],"_links":{"self":[{"href":"https:\/\/tvtecjundiai.com.br\/news\/wp-json\/wp\/v2\/posts\/93105","targetHints":{"allow":["GET"]}}],"collection":[{"href":"https:\/\/tvtecjundiai.com.br\/news\/wp-json\/wp\/v2\/posts"}],"about":[{"href":"https:\/\/tvtecjundiai.com.br\/news\/wp-json\/wp\/v2\/types\/post"}],"author":[{"embeddable":true,"href":"https:\/\/tvtecjundiai.com.br\/news\/wp-json\/wp\/v2\/users\/27"}],"replies":[{"embeddable":true,"href":"https:\/\/tvtecjundiai.com.br\/news\/wp-json\/wp\/v2\/comments?post=93105"}],"version-history":[{"count":1,"href":"https:\/\/tvtecjundiai.com.br\/news\/wp-json\/wp\/v2\/posts\/93105\/revisions"}],"predecessor-version":[{"id":93107,"href":"https:\/\/tvtecjundiai.com.br\/news\/wp-json\/wp\/v2\/posts\/93105\/revisions\/93107"}],"wp:featuredmedia":[{"embeddable":true,"href":"https:\/\/tvtecjundiai.com.br\/news\/wp-json\/wp\/v2\/media\/93106"}],"wp:attachment":[{"href":"https:\/\/tvtecjundiai.com.br\/news\/wp-json\/wp\/v2\/media?parent=93105"}],"wp:term":[{"taxonomy":"category","embeddable":true,"href":"https:\/\/tvtecjundiai.com.br\/news\/wp-json\/wp\/v2\/categories?post=93105"},{"taxonomy":"post_tag","embeddable":true,"href":"https:\/\/tvtecjundiai.com.br\/news\/wp-json\/wp\/v2\/tags?post=93105"}],"curies":[{"name":"wp","href":"https:\/\/api.w.org\/{rel}","templated":true}]}}