{"id":9331,"date":"2018-04-25T13:59:56","date_gmt":"2018-04-25T16:59:56","guid":{"rendered":"https:\/\/tvtecjundiai.com.br\/news\/?p=9331"},"modified":"2018-04-25T14:10:15","modified_gmt":"2018-04-25T17:10:15","slug":"apenas-19-dos-brasileiros-pretendem-ter-filhos-nos-proximos-2-anos","status":"publish","type":"post","link":"https:\/\/tvtecjundiai.com.br\/news\/2018\/04\/25\/apenas-19-dos-brasileiros-pretendem-ter-filhos-nos-proximos-2-anos\/","title":{"rendered":"Apenas 19% dos brasileiros pretendem ter filhos nos pr\u00f3ximos 2 anos"},"content":{"rendered":"<div>\n<div id=\"attachment_9333\" style=\"width: 460px\" class=\"wp-caption alignright\"><a href=\"https:\/\/tvtecjundiai.com.br\/news\/wp-content\/uploads\/sites\/2\/2018\/04\/gravida-1.jpg\"><img loading=\"lazy\" decoding=\"async\" aria-describedby=\"caption-attachment-9333\" class=\"wp-image-9333\" src=\"https:\/\/tvtecjundiai.com.br\/news\/wp-content\/uploads\/sites\/2\/2018\/04\/gravida-1-300x170.jpg\" alt=\"\" width=\"450\" height=\"256\" srcset=\"https:\/\/tvtecjundiai.com.br\/news\/wp-content\/uploads\/sites\/2\/2018\/04\/gravida-1-300x170.jpg 300w, https:\/\/tvtecjundiai.com.br\/news\/wp-content\/uploads\/sites\/2\/2018\/04\/gravida-1.jpg 470w\" sizes=\"auto, (max-width: 450px) 100vw, 450px\" \/><\/a><p id=\"caption-attachment-9333\" class=\"wp-caption-text\">76% querem o parto normal em uma maternidade ou hospital, e 3% querem o parto em casa<\/p><\/div>\n<p>Uma pesquisa sobre natalidade, divulgada pelo Ibope, concluiu que somente 19% dos brasileiros\u00a0pretendem\u00a0<span id=\"OBJ_PREFIX_DWT308_com_zimbra_date\" class=\"Object\" role=\"link\">ter<\/span>\u00a0filhos, 17% por gravidez e 2% por ado\u00e7\u00e3o. Do total de entrevistados, 79% n\u00e3o pretendem\u00a0<span id=\"OBJ_PREFIX_DWT309_com_zimbra_date\" class=\"Object\" role=\"link\">ter<\/span>\u00a0filhos at\u00e9 2020, e 2% n\u00e3o sabem.<\/p>\n<p>A pesquisa do Ibope foi realizada entre os dias 15 e\u00a0<span id=\"OBJ_PREFIX_DWT310_com_zimbra_date\" class=\"Object\" role=\"link\">18 de mar<\/span>\u00e7o com 1.491 pessoas com mais de 16 anos, em 143 munic\u00edpios de todas as regi\u00f5es do pa\u00eds.<\/p>\n<\/div>\n<p>Para a dem\u00f3grafa e diretora da Faculdade de Ci\u00eancias Econ\u00f4micas da Universidade Federal de Minas Gerais (UFMG), Paula de Miranda Ribeiro, as pessoas adiam os planos de\u00a0ter\u00a0filhos por raz\u00f5es diversas, como a maior participa\u00e7\u00e3o da mulher no mercado de trabalho e maior escolaridade. \u201cExiste o efeito tempo e quanto. Se eu tenho um filho mais jovem, tenho tempo para\u00a0ter\u00a0mais filhos. Mas se eu tenho esse desejo e investi na carreira at\u00e9 os 40 [anos], eu posso n\u00e3o conseguir\u201d, disse, explicando que o Estado n\u00e3o favorece as boas condi\u00e7\u00f5es para a mulher conciliar a maternidade com a vida profissional.<\/p>\n<p>O Nordeste \u00e9 a regi\u00e3o onde as pessoas est\u00e3o mais abertas \u00e0 maternidade\/paternidade, 19% pretendem\u00a0ter\u00a0filhos biol\u00f3gicos e 3% querem adotar uma crian\u00e7a. L\u00e1, 76% n\u00e3o pretendem\u00a0ter\u00a0filhos. Na Regi\u00e3o Sul, apenas 11% pretendem\u00a0ter\u00a0filhos biol\u00f3gicos, e 87% n\u00e3o pretendem nos pr\u00f3ximos dois anos. J\u00e1 no\u00a0 Sudeste, 18% querem filhos biol\u00f3gicos e 2% querem adotar; 77% n\u00e3o pretendem\u00a0ter\u00a0filhos. No per\u00edodo de dois anos, nas regi\u00f5es Norte e Centro-Oeste, 16% dos entrevistados pretendem\u00a0ter\u00a0filhos, por meio de uma gravidez e 1% por ado\u00e7\u00e3o; 82% n\u00e3o querem filhos.<\/p>\n<p>Entre os que pretendem\u00a0ter\u00a0filhos, 76% querem o parto normal em uma maternidade ou hospital, e 3% querem o parto em casa. Mesmo no caso de uma gravidez sem complica\u00e7\u00f5es, 20% ainda pretendem fazer uma cesariana.<\/p>\n<p>Para a dem\u00f3grafa da UFMG, isso tem implica\u00e7\u00f5es na sa\u00fade p\u00fablica. De acordo com a Organiza\u00e7\u00e3o Mundial da Sa\u00fade, a taxa ideal de ces\u00e1reas deve ficar entre 10% e 15% de todos os partos realizados. \u201cQuando olhamos os crit\u00e9rios socioecon\u00f4micos, s\u00e3o as pessoas de renda familiar mais alta que querem ces\u00e1rea, pois acaba sendo um conforto fazer o parto com o m\u00e9dico da sua escolha\u201d, disse Paula. \u201cEm outros pa\u00edses n\u00e3o \u00e9 assim, essa prefer\u00eancia pelo parto ces\u00e1reo acontece s\u00f3 aqui e s\u00e3o uma escolha. Nos Estados Unidos,\u00a0por exemplo, isso jamais seria uma pergunta\u201d, explicou.<\/p>\n<p><em>Fonte: Ag\u00eancia Brasil<\/em><\/p>\n","protected":false},"excerpt":{"rendered":"<p>Pesquisa do Ibope foi realizada com 1.491 pessoas com mais de 16 anos<\/p>\n","protected":false},"author":10,"featured_media":9333,"comment_status":"closed","ping_status":"closed","sticky":false,"template":"","format":"standard","meta":{"footnotes":""},"categories":[1,2839],"tags":[1903,599,2961,5,2960,15],"class_list":["post-9331","post","type-post","status-publish","format-standard","has-post-thumbnail","hentry","category-noticias","category-saude","tag-brasil","tag-gravidez","tag-ibope","tag-jundiai","tag-parto","tag-tvtec"],"_links":{"self":[{"href":"https:\/\/tvtecjundiai.com.br\/news\/wp-json\/wp\/v2\/posts\/9331","targetHints":{"allow":["GET"]}}],"collection":[{"href":"https:\/\/tvtecjundiai.com.br\/news\/wp-json\/wp\/v2\/posts"}],"about":[{"href":"https:\/\/tvtecjundiai.com.br\/news\/wp-json\/wp\/v2\/types\/post"}],"author":[{"embeddable":true,"href":"https:\/\/tvtecjundiai.com.br\/news\/wp-json\/wp\/v2\/users\/10"}],"replies":[{"embeddable":true,"href":"https:\/\/tvtecjundiai.com.br\/news\/wp-json\/wp\/v2\/comments?post=9331"}],"version-history":[{"count":7,"href":"https:\/\/tvtecjundiai.com.br\/news\/wp-json\/wp\/v2\/posts\/9331\/revisions"}],"predecessor-version":[{"id":9339,"href":"https:\/\/tvtecjundiai.com.br\/news\/wp-json\/wp\/v2\/posts\/9331\/revisions\/9339"}],"wp:featuredmedia":[{"embeddable":true,"href":"https:\/\/tvtecjundiai.com.br\/news\/wp-json\/wp\/v2\/media\/9333"}],"wp:attachment":[{"href":"https:\/\/tvtecjundiai.com.br\/news\/wp-json\/wp\/v2\/media?parent=9331"}],"wp:term":[{"taxonomy":"category","embeddable":true,"href":"https:\/\/tvtecjundiai.com.br\/news\/wp-json\/wp\/v2\/categories?post=9331"},{"taxonomy":"post_tag","embeddable":true,"href":"https:\/\/tvtecjundiai.com.br\/news\/wp-json\/wp\/v2\/tags?post=9331"}],"curies":[{"name":"wp","href":"https:\/\/api.w.org\/{rel}","templated":true}]}}