{"id":93711,"date":"2022-05-30T09:15:31","date_gmt":"2022-05-30T12:15:31","guid":{"rendered":"https:\/\/tvtecjundiai.com.br\/news\/?p=93711"},"modified":"2022-05-30T09:15:32","modified_gmt":"2022-05-30T12:15:32","slug":"podtrampo-apresenta-politicas-publicas-para-quem-quer-abrir-o-proprio-negocio","status":"publish","type":"post","link":"https:\/\/tvtecjundiai.com.br\/news\/2022\/05\/30\/podtrampo-apresenta-politicas-publicas-para-quem-quer-abrir-o-proprio-negocio\/","title":{"rendered":"PodTrampo apresenta pol\u00edticas p\u00fablicas para quem quer abrir o pr\u00f3prio neg\u00f3cio"},"content":{"rendered":"\n<p>O terceiro epis\u00f3dio do PodTrampo, podcast da TVTEC Jundia\u00ed sobre empregabilidade, mercado de trabalho e empreendedorismo, teve como convidado o Gestor Adjunto de Governo da Prefeitura de Jundia\u00ed, Jones Martins.<\/p>\n\n\n\n<p>Apresentado pela jornalista Tayana Konrath, o bate-papo foi sobre pol\u00edticas p\u00fablicas que podem ajudar aqueles que querem abrir o pr\u00f3prio neg\u00f3cio e dar os primeiros passos no mundo do empreendedorismo.<\/p>\n\n\n<div class=\"wp-block-image\">\n<figure class=\"aligncenter size-large is-resized\"><img loading=\"lazy\" decoding=\"async\" src=\"https:\/\/tvtecjundiai.com.br\/news\/wp-content\/uploads\/sites\/2\/2022\/05\/WhatsApp-Image-2022-05-30-at-09.10.58-1200x900.jpeg\" alt=\"\" class=\"wp-image-93713\" width=\"703\" height=\"527\" srcset=\"https:\/\/tvtecjundiai.com.br\/news\/wp-content\/uploads\/sites\/2\/2022\/05\/WhatsApp-Image-2022-05-30-at-09.10.58-1200x900.jpeg 1200w, https:\/\/tvtecjundiai.com.br\/news\/wp-content\/uploads\/sites\/2\/2022\/05\/WhatsApp-Image-2022-05-30-at-09.10.58-300x225.jpeg 300w, https:\/\/tvtecjundiai.com.br\/news\/wp-content\/uploads\/sites\/2\/2022\/05\/WhatsApp-Image-2022-05-30-at-09.10.58-768x576.jpeg 768w, https:\/\/tvtecjundiai.com.br\/news\/wp-content\/uploads\/sites\/2\/2022\/05\/WhatsApp-Image-2022-05-30-at-09.10.58.jpeg 1280w\" sizes=\"auto, (max-width: 703px) 100vw, 703px\" \/><\/figure>\n<\/div>\n\n\n<p>O podcast vai ao ar toda segunda-feira, \u00e0s 8h, com transmiss\u00e3o pelo Facebook e YouTube da TVTEC Jundia\u00ed. Quem quiser ouvir depois, pode acompanhar o PodTrampo a qualquer hora pelas plataformas de m\u00fasica.<\/p>\n\n\n\n<p><strong>PodTrampo \u2013 O podcast sobre empregabilidade da TVTEC Jundia\u00ed<\/strong><\/p>\n\n\n\n<p><a href=\"https:\/\/www.facebook.com\/tvtecjundiai\/videos\/324906196455135\">Assista no Facebook<\/a><\/p>\n\n\n\n<p><a href=\"https:\/\/www.youtube.com\/watch?v=m1L78XQKbaU\">Assista no YouTube<\/a><\/p>\n\n\n\n<p><a href=\"https:\/\/open.spotify.com\/show\/7z6svX7eOSDP0ro1CLadv9\">Ou\u00e7a no Spotify<\/a><\/p>\n\n\n\n<p><a href=\"https:\/\/www.deezer.com\/br\/show\/3705277\">Ou\u00e7a no Deezer<\/a><\/p>\n\n\n\n<p><a href=\"https:\/\/podcasts.apple.com\/br\/podcast\/podtrampo\/id1624539227\">Ou\u00e7a no iTunes<\/a><\/p>\n\n\n\n<p><strong><em>(Fonte\/Imagem: Prefeitura de Jundia\u00ed)<\/em><\/strong><\/p>\n","protected":false},"excerpt":{"rendered":"<p>Dispon\u00edvel para assistir ao vivo ou ouvir depois, o programa vai ao ar toda segunda-feira, \u00e0s 8h<\/p>\n","protected":false},"author":30,"featured_media":93713,"comment_status":"closed","ping_status":"closed","sticky":false,"template":"","format":"standard","meta":{"footnotes":""},"categories":[8362,5038,8363,8356,1],"tags":[],"class_list":["post-93711","post","type-post","status-publish","format-standard","has-post-thumbnail","hentry","category-empreendedorismo","category-emprego","category-emprego-2","category-jundiai","category-noticias"],"_links":{"self":[{"href":"https:\/\/tvtecjundiai.com.br\/news\/wp-json\/wp\/v2\/posts\/93711","targetHints":{"allow":["GET"]}}],"collection":[{"href":"https:\/\/tvtecjundiai.com.br\/news\/wp-json\/wp\/v2\/posts"}],"about":[{"href":"https:\/\/tvtecjundiai.com.br\/news\/wp-json\/wp\/v2\/types\/post"}],"author":[{"embeddable":true,"href":"https:\/\/tvtecjundiai.com.br\/news\/wp-json\/wp\/v2\/users\/30"}],"replies":[{"embeddable":true,"href":"https:\/\/tvtecjundiai.com.br\/news\/wp-json\/wp\/v2\/comments?post=93711"}],"version-history":[{"count":2,"href":"https:\/\/tvtecjundiai.com.br\/news\/wp-json\/wp\/v2\/posts\/93711\/revisions"}],"predecessor-version":[{"id":93714,"href":"https:\/\/tvtecjundiai.com.br\/news\/wp-json\/wp\/v2\/posts\/93711\/revisions\/93714"}],"wp:featuredmedia":[{"embeddable":true,"href":"https:\/\/tvtecjundiai.com.br\/news\/wp-json\/wp\/v2\/media\/93713"}],"wp:attachment":[{"href":"https:\/\/tvtecjundiai.com.br\/news\/wp-json\/wp\/v2\/media?parent=93711"}],"wp:term":[{"taxonomy":"category","embeddable":true,"href":"https:\/\/tvtecjundiai.com.br\/news\/wp-json\/wp\/v2\/categories?post=93711"},{"taxonomy":"post_tag","embeddable":true,"href":"https:\/\/tvtecjundiai.com.br\/news\/wp-json\/wp\/v2\/tags?post=93711"}],"curies":[{"name":"wp","href":"https:\/\/api.w.org\/{rel}","templated":true}]}}