{"id":93736,"date":"2022-05-30T13:12:22","date_gmt":"2022-05-30T16:12:22","guid":{"rendered":"https:\/\/tvtecjundiai.com.br\/news\/?p=93736"},"modified":"2022-05-30T13:12:23","modified_gmt":"2022-05-30T16:12:23","slug":"6a-edicao-do-festival-de-teatro-de-jundiai-tera-20-espetaculos-gratuitos","status":"publish","type":"post","link":"https:\/\/tvtecjundiai.com.br\/news\/2022\/05\/30\/6a-edicao-do-festival-de-teatro-de-jundiai-tera-20-espetaculos-gratuitos\/","title":{"rendered":"6\u00aa edi\u00e7\u00e3o do Festival de Teatro de Jundia\u00ed ter\u00e1 20 espet\u00e1culos gratuitos"},"content":{"rendered":"\n<p>O&nbsp;<a href=\"https:\/\/cultura.jundiai.sp.gov.br\/festeju\/\" target=\"_blank\" rel=\"noreferrer noopener\">Festival de Teatro de Jundia\u00ed (FESTEJU)<\/a>&nbsp;chega este ano \u00e0 sua sexta edi\u00e7\u00e3o, com as apresenta\u00e7\u00f5es presenciais gratuitas de 20 espet\u00e1culos a partir deste s\u00e1bado (04). Com atra\u00e7\u00f5es pelas Cenas Amadora e Profissional, as apresenta\u00e7\u00f5es ser\u00e3o realizadas pela Unidade de Gest\u00e3o de Cultura (UGC) no Teatro Polytheama, na Sala Jundia\u00ed do Complexo Fepasa e na Pra\u00e7a Marechal Floriano Peixoto (Pra\u00e7a do Coreto) at\u00e9 o dia 26 de junho.<\/p>\n\n\n\n<p>Al\u00e9m de grupos de Jundia\u00ed e de outros Munic\u00edpios paulistas, como S\u00e3o Paulo capital, Campinas, Itapetininga, Santos, S\u00e3o Jos\u00e9 dos Campos, S\u00e3o Roque, esta edi\u00e7\u00e3o traz tamb\u00e9m participantes de fora do Estado, com grupos de Curitiba (PR) e Fortaleza (CE).<\/p>\n\n\n\n<p>\u201cEsta edi\u00e7\u00e3o do FESTEJU marca a sua retomada presencial, com dois anos de realiza\u00e7\u00e3o on-line e h\u00edbrida. E este retorno marca tamb\u00e9m um recorde, com mais de 160 espet\u00e1culos e 900 integrantes de grupos inscritos\u201d, comentou o diretor de Cultura da UGC, Jo\u00e3o Carlos De Luca.<\/p>\n\n\n\n<figure class=\"wp-block-image\"><img decoding=\"async\" src=\"https:\/\/jundiai.sp.gov.br\/noticias\/wp-content\/uploads\/sites\/32\/2022\/05\/festeju_polytheama-170.jpg\" alt=\"\" class=\"wp-image-293593\" \/><figcaption>Apresenta\u00e7\u00f5es desta edi\u00e7\u00e3o ser\u00e3o no Polytheama (foto), Complexo Fepasa e Pra\u00e7a do Coreto<\/figcaption><\/figure>\n\n\n\n<p>Pela&nbsp;<a href=\"https:\/\/cultura.jundiai.sp.gov.br\/festeju\/cena-amadora\/\" target=\"_blank\" rel=\"noreferrer noopener\">Cena Amadora<\/a>, as nove apresenta\u00e7\u00f5es v\u00e3o de 04 a 15 de junho, na Sala Jundia\u00ed do Complexo Fepasa (avenida Uni\u00e3o dos Ferrovi\u00e1rios, 1760), que tem capacidade para 180 pessoas. As entradas s\u00e3o gratuitas e ser\u00e3o por ordem de chegada, sem distribui\u00e7\u00e3o pr\u00e9via de ingressos.<\/p>\n\n\n\n<p>Neste s\u00e1bado (04), \u00e0s 19h, o grupo Est\u00fadio de Baile Flamenco La Casa apresenta \u201cDon Juan\u201d. Neste domingo (05), \u00e0s 19h, a Cia. Stepout apresenta \u201cEsperando Godot\u201d. Na quinta-feira (09), \u00e0s 19h30, Cia. de Dan\u00e7a e Teatro JK apresenta \u201cO Livro Perdido \u2013 A Rel\u00edquia da Humanidade\u201d. Na sexta-feira (10), \u00e0s 19h30, o grupo Atuar\u00e1 Escola de Teatro apresenta \u201cO Or\u00e1culo\u201d. J\u00e1 no s\u00e1bado (11), \u00e0s 19h, a Cia. de Teatro Techniatto traz \u201cN\u00e3o Deixe o Teatro Morrer\u201d. No domingo (12), \u00e0s 19h, o Grup\u00e3o Especial Cia. de Arte e Teatro apresenta \u201cChapeuzinho Nordestina, Mul\u00e9 Macho Sim Sinh\u00f4!\u201d. Na segunda-feira (13), \u00e0s 19h30, Coletivo Narciso apresenta \u201cNarrativas Despretensiosas e N\u00e3o-Governamentais\u201d. E para fechar a programa\u00e7\u00e3o, na ter\u00e7a-feira (14), \u00e0s 19h30, a Cia. F\u00eanix apresenta \u201cA Vida Pra\u00e7a\u201d.<\/p>\n\n\n\n<p>A premia\u00e7\u00e3o da Cena Amadora ser\u00e1 na quinta-feira (16), \u00e0s 19h30, no Teatro Polytheama, ap\u00f3s o espet\u00e1culo da Cena Profissional programado para a noite.<\/p>\n\n\n<div class=\"wp-block-image\">\n<figure class=\"aligncenter\"><a href=\"https:\/\/jundiai.sp.gov.br\/noticias\/wp-content\/uploads\/sites\/32\/2022\/05\/don-juan-2-josy-rodrigues-1.jpg\"><img decoding=\"async\" src=\"https:\/\/jundiai.sp.gov.br\/noticias\/wp-content\/uploads\/sites\/32\/2022\/05\/don-juan-2-josy-rodrigues-1.jpg\" alt=\"\" class=\"wp-image-293567\" \/><\/a><figcaption>\u201cDon Juan\u201d<\/figcaption><\/figure>\n<\/div>\n\n\n<p>J\u00e1 pela&nbsp;<a href=\"https:\/\/cultura.jundiai.sp.gov.br\/festeju\/cena-profissional\/\" target=\"_blank\" rel=\"noreferrer noopener\">Cena Profissional<\/a>, as dez apresenta\u00e7\u00f5es selecionadas ser\u00e3o apresentadas de 16 a 25 de junho, no Polytheama (Rua Bar\u00e3o de Jundia\u00ed, 176, Centro) e na Pra\u00e7a do Coreto.<\/p>\n\n\n\n<p>Para assistir aos espet\u00e1culos no teatro, os ingressos gratuitos ser\u00e3o disponibilizados a partir das 10h30 no dia da apresenta\u00e7\u00e3o. No Teatro a programa\u00e7\u00e3o traz \u201cQuantos outros cabem em um menino\u201d, com Companhia do Acaso, na quinta-feira (16), \u00e0s 17h; \u201cE.L.A\u201d, com o grupo J\u00e9ssica Teixeira, na sexta-feira (17), \u00e0s 19h30; \u201cO menino de Lugar Nenhum\u201d, do grupo Teatro de Panela, no s\u00e1bado (18), \u00e0s 17h; \u201cQuando eu morrer, vou contar tudo a Deus\u201d, com o grupo O Bonde, no domingo (19), \u00e0s 17h; \u201cAlma Boa \u2013 Uma Par\u00e1bola Chinesa\u201d, com a Cia. Histri\u00f4nica de Teatro, na ter\u00e7a-feira (21), \u00e0s 19h30; \u201cWWW para Freedom\u201d, com o grupo Barrac\u00e3o Teatro, na quinta-feira (23), \u00e0s 19h30; \u201cINHA\u00cd \u2013 Coisa de Viado\u201d, do Coletivo Inomin\u00e1vel, na sexta-feira (24), \u00e0s 19h30; e \u201cThe Bichos\u201d, com o grupo Teatro D\u2019Aldeia, no s\u00e1bado (25), \u00e0s 17h.<\/p>\n\n\n\n<p>J\u00e1 na Pra\u00e7a do Coreto a programa\u00e7\u00e3o traz \u201cAconteceu no Brasil enquanto o \u00f4nibus n\u00e3o vem\u201d, com o Grupo Arte da Com\u00e9dia, na ter\u00e7a-feira (21), \u00e0s 15h; e \u201cEntr\u018e\u201d, com a Cia. PlastikOn\u00edrica, no s\u00e1bado (25), \u00e0s 11h.<\/p>\n\n\n<div class=\"wp-block-image\">\n<figure class=\"aligncenter\"><a href=\"https:\/\/jundiai.sp.gov.br\/noticias\/wp-content\/uploads\/sites\/32\/2022\/05\/quantos-outros-cabem-em-um-menino-1.jpg\"><img decoding=\"async\" src=\"https:\/\/jundiai.sp.gov.br\/noticias\/wp-content\/uploads\/sites\/32\/2022\/05\/quantos-outros-cabem-em-um-menino-1.jpg\" alt=\"\" class=\"wp-image-293581\" \/><\/a><figcaption>\u201cQuantos outros cabem em um menino\u201d<\/figcaption><\/figure>\n<\/div>\n\n\n<p>Al\u00e9m das apresenta\u00e7\u00f5es gratuitas, a programa\u00e7\u00e3o deste ano traz tamb\u00e9m, no Polytheama, de duas rodas de conversas com profissionais renomados, na segunda (20) e quarta-feira (22), \u00e0s 19h30; e um espet\u00e1culo convidado para encerrar a programa\u00e7\u00e3o no domingo (26, \u00e0s 19h.<\/p>\n\n\n\n<p><em><strong>(Fonte: Prefeitura de Jundia\u00ed\/ Imagem: Divulga\u00e7\u00e3o)<\/strong><\/em><\/p>\n","protected":false},"excerpt":{"rendered":"<p>As entradas s\u00e3o gratuitas e ser\u00e3o por ordem de chegada, sem distribui\u00e7\u00e3o pr\u00e9via de ingressos.<\/p>\n","protected":false},"author":27,"featured_media":93742,"comment_status":"closed","ping_status":"closed","sticky":false,"template":"","format":"standard","meta":{"footnotes":""},"categories":[2833,8356],"tags":[],"class_list":["post-93736","post","type-post","status-publish","format-standard","has-post-thumbnail","hentry","category-cultura","category-jundiai"],"_links":{"self":[{"href":"https:\/\/tvtecjundiai.com.br\/news\/wp-json\/wp\/v2\/posts\/93736","targetHints":{"allow":["GET"]}}],"collection":[{"href":"https:\/\/tvtecjundiai.com.br\/news\/wp-json\/wp\/v2\/posts"}],"about":[{"href":"https:\/\/tvtecjundiai.com.br\/news\/wp-json\/wp\/v2\/types\/post"}],"author":[{"embeddable":true,"href":"https:\/\/tvtecjundiai.com.br\/news\/wp-json\/wp\/v2\/users\/27"}],"replies":[{"embeddable":true,"href":"https:\/\/tvtecjundiai.com.br\/news\/wp-json\/wp\/v2\/comments?post=93736"}],"version-history":[{"count":1,"href":"https:\/\/tvtecjundiai.com.br\/news\/wp-json\/wp\/v2\/posts\/93736\/revisions"}],"predecessor-version":[{"id":93743,"href":"https:\/\/tvtecjundiai.com.br\/news\/wp-json\/wp\/v2\/posts\/93736\/revisions\/93743"}],"wp:featuredmedia":[{"embeddable":true,"href":"https:\/\/tvtecjundiai.com.br\/news\/wp-json\/wp\/v2\/media\/93742"}],"wp:attachment":[{"href":"https:\/\/tvtecjundiai.com.br\/news\/wp-json\/wp\/v2\/media?parent=93736"}],"wp:term":[{"taxonomy":"category","embeddable":true,"href":"https:\/\/tvtecjundiai.com.br\/news\/wp-json\/wp\/v2\/categories?post=93736"},{"taxonomy":"post_tag","embeddable":true,"href":"https:\/\/tvtecjundiai.com.br\/news\/wp-json\/wp\/v2\/tags?post=93736"}],"curies":[{"name":"wp","href":"https:\/\/api.w.org\/{rel}","templated":true}]}}